{"id":54434,"date":"2023-12-17T03:18:29","date_gmt":"2023-12-17T03:18:29","guid":{"rendered":"https:\/\/elpajaritonews.com\/?p=54434"},"modified":"2023-12-17T03:18:29","modified_gmt":"2023-12-17T03:18:29","slug":"atacan-a-familia-de-paisanos-en-sonora","status":"publish","type":"post","link":"https:\/\/elpajaritonews.com\/?p=54434","title":{"rendered":"ATACAN A FAMILIA DE \u00abPAISANOS\u00bb EN SONORA"},"content":{"rendered":"<p>Alejandro Matty Ortega\/Irreverente Noticias<\/p>\n<p>&nbsp;<\/p>\n<p>Ciudad de M\u00e9xico (IN).- Un grupo armado atac\u00f3 a una familia y dio muerte a un \u00abpaisano\u00bb en la carretera Altar-Santa Ana, Sonora.<\/p>\n<p>&nbsp;<\/p>\n<p>Alrededor de la 1:30 horas de este s\u00e1bado, la familia proveniente del estado de Utha con destino a Michoac\u00e1n fue interceptada por un veh\u00edculo con hombres armados.<\/p>\n<p>&nbsp;<\/p>\n<p>Los \u00abpaisanos\u00bb viajaban en un veh\u00edculo Dodge Durango, color blanco, no detuvieron su marcha fueron atacados a tiros en las inmediaciones de la caseta de cobro de Altar.<\/p>\n<p>&nbsp;<\/p>\n<p>El conductor perdi\u00f3 la vida.<\/p>\n<p>&nbsp;<\/p>\n<p>Los servicios de emergencia se trasladaron al lugar para brindar atenci\u00f3n a los \u00abpaisanos\u00bb.<\/p>\n<p>&nbsp;<\/p>\n<p>Al respecto, el comisario general de \u00f1a Polic\u00eda Municipal de Santa Ana, Emilio Ibarra, aclar\u00f3 que los hechos se suscitaron el tramo carretero Altar-Santa Ana, caseta de cobro y fuera de su jurisdicci\u00f3n y demarcaci\u00f3n territorial.<\/p>\n<p>&nbsp;<\/p>\n<p>El comandante precis\u00f3 que el ataque armado no sucedi\u00f3 en Santa Ana.<\/p>\n<p>&nbsp;<\/p>\n<p>El comisario dijo que \u00abquiero compartir que los &#8216;paisanos&#8217; afectados por este incidente, llegaron a nuestro municipio buscando auxilio y lamentando la p\u00e9rdida de un ser querido a causa de un impacto de bala\u00bb.<\/p>\n<p>&nbsp;<\/p>\n<p>Se\u00f1al\u00f3 que \u00abestas personas fueron v\u00edctimas de los mismos sujetos que intentaron hacerles da\u00f1o en el tramo carretero Altar-Santa Ana\u201d.<\/p>\n","protected":false},"excerpt":{"rendered":"<p>Alejandro Matty Ortega\/Irreverente Noticias &nbsp; Ciudad de M\u00e9xico (IN).- Un grupo armado atac\u00f3 a una familia y dio muerte a un \u00abpaisano\u00bb en la carretera Altar-Santa Ana, Sonora. &nbsp; Alrededor de la 1:30 horas de este s\u00e1bado, la familia proveniente del estado de Utha con destino a Michoac\u00e1n fue interceptada por un veh\u00edculo con hombres&#8230;<\/p>\n","protected":false},"author":2,"featured_media":54435,"comment_status":"closed","ping_status":"closed","sticky":false,"template":"","format":"standard","meta":{"_crdt_document":"","_exactmetrics_skip_tracking":false,"_exactmetrics_sitenote_active":false,"_exactmetrics_sitenote_note":"","_exactmetrics_sitenote_category":0,"footnotes":""},"categories":[17,26,23,38,31,1,27],"tags":[28,29,30],"class_list":["post-54434","post","type-post","status-publish","format-standard","has-post-thumbnail","hentry","category-arizona","category-local","category-mexico","category-migracion","category-politica","category-seguridad","category-sonora","tag-nogales","tag-nogales-la-gran-frontera","tag-sonora-tierra-de-oportunidades"],"_links":{"self":[{"href":"https:\/\/elpajaritonews.com\/index.php?rest_route=\/wp\/v2\/posts\/54434","targetHints":{"allow":["GET"]}}],"collection":[{"href":"https:\/\/elpajaritonews.com\/index.php?rest_route=\/wp\/v2\/posts"}],"about":[{"href":"https:\/\/elpajaritonews.com\/index.php?rest_route=\/wp\/v2\/types\/post"}],"author":[{"embeddable":true,"href":"https:\/\/elpajaritonews.com\/index.php?rest_route=\/wp\/v2\/users\/2"}],"replies":[{"embeddable":true,"href":"https:\/\/elpajaritonews.com\/index.php?rest_route=%2Fwp%2Fv2%2Fcomments&post=54434"}],"version-history":[{"count":1,"href":"https:\/\/elpajaritonews.com\/index.php?rest_route=\/wp\/v2\/posts\/54434\/revisions"}],"predecessor-version":[{"id":54436,"href":"https:\/\/elpajaritonews.com\/index.php?rest_route=\/wp\/v2\/posts\/54434\/revisions\/54436"}],"wp:featuredmedia":[{"embeddable":true,"href":"https:\/\/elpajaritonews.com\/index.php?rest_route=\/wp\/v2\/media\/54435"}],"wp:attachment":[{"href":"https:\/\/elpajaritonews.com\/index.php?rest_route=%2Fwp%2Fv2%2Fmedia&parent=54434"}],"wp:term":[{"taxonomy":"category","embeddable":true,"href":"https:\/\/elpajaritonews.com\/index.php?rest_route=%2Fwp%2Fv2%2Fcategories&post=54434"},{"taxonomy":"post_tag","embeddable":true,"href":"https:\/\/elpajaritonews.com\/index.php?rest_route=%2Fwp%2Fv2%2Ftags&post=54434"}],"curies":[{"name":"wp","href":"https:\/\/api.w.org\/{rel}","templated":true}]}}