{"id":54437,"date":"2023-12-17T06:12:11","date_gmt":"2023-12-17T06:12:11","guid":{"rendered":"https:\/\/elpajaritonews.com\/?p=54437"},"modified":"2023-12-17T06:12:11","modified_gmt":"2023-12-17T06:12:11","slug":"detiene-gn-a-500-migrantes-en-sonora","status":"publish","type":"post","link":"https:\/\/elpajaritonews.com\/?p=54437","title":{"rendered":"DETIENE GN A 500 MIGRANTES EN SONORA"},"content":{"rendered":"<p>Alejandro Matty Ortega\/Irreverente Noticias<\/p>\n<p>&nbsp;<\/p>\n<p>Ciudad de M\u00e9xico (IN).- La Guardia Nacional detuvo a 500 migrantes de \u00c1frica, Asia y Sudam\u00e9rica en Sonora.<\/p>\n<p>&nbsp;<\/p>\n<p>Lo anterior, en una semana de operativos conjuntos con el Instituto Nacional de Migraci\u00f3n (INM).<\/p>\n<p>&nbsp;<\/p>\n<p>La Guardia Nacional destac\u00f3 que los operativos se llevaron a cabo en el aeropuerto internacional \u00abIgnacio Pesqueira\u00bb, en Hermosillo.<\/p>\n<p>&nbsp;<\/p>\n<p>Adem\u00e1s, en los filtros carreteros instalados en Navojoa, Ciudad Obreg\u00f3n, Guaymas, Santa Ana, Altar y Sonoyta.<\/p>\n<p>&nbsp;<\/p>\n<p>Los migrantes recibieron ayuda humanitaria y acompa\u00f1amiento en sus procesos legales.<\/p>\n<p>&nbsp;<\/p>\n<p>Las personas migrantes son originarias de Asia, \u00c1frica y Am\u00e9rica Central y Sur..<\/p>\n<p>&nbsp;<\/p>\n<p>La\u00a0Guardia Nacional\u00a0(GN), en conjunto con el Instituto Nacional de Migraci\u00f3n (INM), dio a conocer en un informe que durante un periodo de 10 d\u00edas, auxiliaron en Sonora a\u00a0497 personas migrantes internacionales.<\/p>\n<p>&nbsp;<\/p>\n<p>En el marco de la Estrategia Nacional de Seguridad P\u00fablica, integrantes de la Guardia Nacional (GN), en coordinaci\u00f3n con el Instituto Nacional de Migraci\u00f3n (INM), realizaban labores de seguridad, vigilancia y prevenci\u00f3n del delito.<\/p>\n<p>&nbsp;<\/p>\n<p>El personal de ambas instituciones, en distintos hechos, efectu\u00f3 revisiones a autobuses de pasajeros, adem\u00e1s del patrullaje en la terminal a\u00e9rea de la capital de Sonora.<\/p>\n<p>&nbsp;<\/p>\n<p>Los migrantes extranjeros son originarios de pa\u00edses como: Afganist\u00e1n, Angola, Bangladesh y Colombia.<\/p>\n<p>&nbsp;<\/p>\n<p>Adem\u00e1s, China, Chad, Cuba, Ecuador, Egipto, El Salvador, Eritrea, Guinea, Guatemala y Honduras.<\/p>\n<p>&nbsp;<\/p>\n<p>Tambi\u00e9n procedentes de India, Pakist\u00e1n, Per\u00fa, Rep\u00fablica Dominicana, Mauritania, Nepal y Nicaragua.<\/p>\n<p>&nbsp;<\/p>\n<p>As\u00ed mismo, de Senegal, Sierra Leona, Somalia, Siria y Venezuela.<\/p>\n<p>&nbsp;<\/p>\n<p>Los migrantes no contaban con la documentaci\u00f3n para acreditar su estancia legal en M\u00e9xico.<\/p>\n<p>&nbsp;<\/p>\n<p>Las personas migrantes fueron trasladadas a las instalaciones del Instituto Nacional de Migraci\u00f3n en Hermosillo, donde se ofreci\u00f3 alimento y asistencia m\u00e9dica a quien lo requiri\u00f3.<\/p>\n<p>&nbsp;<\/p>\n<p>Igualmente, orientaci\u00f3n sobre los tr\u00e1mites migratorios que deben realizar mientras se define su situaci\u00f3n jur\u00eddica en el pa\u00eds.<\/p>\n","protected":false},"excerpt":{"rendered":"<p>Alejandro Matty Ortega\/Irreverente Noticias &nbsp; Ciudad de M\u00e9xico (IN).- La Guardia Nacional detuvo a 500 migrantes de \u00c1frica, Asia y Sudam\u00e9rica en Sonora. &nbsp; Lo anterior, en una semana de operativos conjuntos con el Instituto Nacional de Migraci\u00f3n (INM). &nbsp; La Guardia Nacional destac\u00f3 que los operativos se llevaron a cabo en el aeropuerto internacional&#8230;<\/p>\n","protected":false},"author":2,"featured_media":54438,"comment_status":"closed","ping_status":"closed","sticky":false,"template":"","format":"standard","meta":{"_crdt_document":"","_exactmetrics_skip_tracking":false,"_exactmetrics_sitenote_active":false,"_exactmetrics_sitenote_note":"","_exactmetrics_sitenote_category":0,"footnotes":""},"categories":[17,26,23,38,24,31,27],"tags":[28,29,30],"class_list":["post-54437","post","type-post","status-publish","format-standard","has-post-thumbnail","hentry","category-arizona","category-local","category-mexico","category-migracion","category-mundo","category-politica","category-sonora","tag-nogales","tag-nogales-la-gran-frontera","tag-sonora-tierra-de-oportunidades"],"_links":{"self":[{"href":"https:\/\/elpajaritonews.com\/index.php?rest_route=\/wp\/v2\/posts\/54437","targetHints":{"allow":["GET"]}}],"collection":[{"href":"https:\/\/elpajaritonews.com\/index.php?rest_route=\/wp\/v2\/posts"}],"about":[{"href":"https:\/\/elpajaritonews.com\/index.php?rest_route=\/wp\/v2\/types\/post"}],"author":[{"embeddable":true,"href":"https:\/\/elpajaritonews.com\/index.php?rest_route=\/wp\/v2\/users\/2"}],"replies":[{"embeddable":true,"href":"https:\/\/elpajaritonews.com\/index.php?rest_route=%2Fwp%2Fv2%2Fcomments&post=54437"}],"version-history":[{"count":1,"href":"https:\/\/elpajaritonews.com\/index.php?rest_route=\/wp\/v2\/posts\/54437\/revisions"}],"predecessor-version":[{"id":54439,"href":"https:\/\/elpajaritonews.com\/index.php?rest_route=\/wp\/v2\/posts\/54437\/revisions\/54439"}],"wp:featuredmedia":[{"embeddable":true,"href":"https:\/\/elpajaritonews.com\/index.php?rest_route=\/wp\/v2\/media\/54438"}],"wp:attachment":[{"href":"https:\/\/elpajaritonews.com\/index.php?rest_route=%2Fwp%2Fv2%2Fmedia&parent=54437"}],"wp:term":[{"taxonomy":"category","embeddable":true,"href":"https:\/\/elpajaritonews.com\/index.php?rest_route=%2Fwp%2Fv2%2Fcategories&post=54437"},{"taxonomy":"post_tag","embeddable":true,"href":"https:\/\/elpajaritonews.com\/index.php?rest_route=%2Fwp%2Fv2%2Ftags&post=54437"}],"curies":[{"name":"wp","href":"https:\/\/api.w.org\/{rel}","templated":true}]}}