{"id":54455,"date":"2023-12-18T00:34:52","date_gmt":"2023-12-18T00:34:52","guid":{"rendered":"https:\/\/elpajaritonews.com\/?p=54455"},"modified":"2023-12-18T00:34:52","modified_gmt":"2023-12-18T00:34:52","slug":"se-instala-sonora-como-estado-con-mayor-creacion-de-empleos-en-mexico","status":"publish","type":"post","link":"https:\/\/elpajaritonews.com\/?p=54455","title":{"rendered":"SE INSTALA SONORA COMO ESTADO CON MAYOR CREACI\u00d3N DE EMPLEOS EN M\u00c9XICO"},"content":{"rendered":"<p>En lo que va del 2023, Sonora se ha posicionado como uno de los estados lideres en generaci\u00f3n de empleos a nivel nacional con una cifra hist\u00f3rica de 32 mil 800 nuevos empleos, inform\u00f3 el gobernador Alfonso Durazo Monta\u00f1o.<\/p>\n<p>&nbsp;<\/p>\n<p>El mandatario estatal destac\u00f3 que seg\u00fan un estudio publicado por Forbes, adicional a los datos publicados por el Instituto Mexicano del Seguro Social (IMSS), ubican a Sonora como el estado que m\u00e1s crecimiento de empleos ha tenido durante el 2023 a nivel nacional, con 37.4 por ciento.<\/p>\n<p>&nbsp;<\/p>\n<p>\u201cEsto se traduce en 32 mil 800 nuevos empleos generados en el transcurso del a\u00f1o, nuevamente es una cifra hist\u00f3rica, todav\u00eda no concluimos el 2023 y tenemos a estas fechas 32 mil 800 nuevos empleos generados que es el 2.3 de crecimiento en comparaci\u00f3n con el a\u00f1o pasado\u201d, coment\u00f3.<\/p>\n<p>&nbsp;<\/p>\n<p>El gobernador Durazo Monta\u00f1o destac\u00f3 que en datos del IMSS, Sonora se posiciona en el primer lugar con 37. 4 por ciento, el segundo lugar lo ocupa Guanajuato con 33 por ciento, despu\u00e9s Coahuila y Nuevo Le\u00f3n con 6.7 por ciento, Quer\u00e9taro y Baja California con 5.6 por ciento, Quintana Roo con 3.3 por ciento y la Ciudad de M\u00e9xico con 1.9 por ciento<\/p>\n","protected":false},"excerpt":{"rendered":"<p>En lo que va del 2023, Sonora se ha posicionado como uno de los estados lideres en generaci\u00f3n de empleos a nivel nacional con una cifra hist\u00f3rica de 32 mil 800 nuevos empleos, inform\u00f3 el gobernador Alfonso Durazo Monta\u00f1o. &nbsp; El mandatario estatal destac\u00f3 que seg\u00fan un estudio publicado por Forbes, adicional a los datos&#8230;<\/p>\n","protected":false},"author":2,"featured_media":54456,"comment_status":"closed","ping_status":"closed","sticky":false,"template":"","format":"standard","meta":{"_crdt_document":"","_exactmetrics_skip_tracking":false,"_exactmetrics_sitenote_active":false,"_exactmetrics_sitenote_note":"","_exactmetrics_sitenote_category":0,"footnotes":""},"categories":[36,31,27],"tags":[28,29,30],"class_list":["post-54455","post","type-post","status-publish","format-standard","has-post-thumbnail","hentry","category-economia","category-politica","category-sonora","tag-nogales","tag-nogales-la-gran-frontera","tag-sonora-tierra-de-oportunidades"],"_links":{"self":[{"href":"https:\/\/elpajaritonews.com\/index.php?rest_route=\/wp\/v2\/posts\/54455","targetHints":{"allow":["GET"]}}],"collection":[{"href":"https:\/\/elpajaritonews.com\/index.php?rest_route=\/wp\/v2\/posts"}],"about":[{"href":"https:\/\/elpajaritonews.com\/index.php?rest_route=\/wp\/v2\/types\/post"}],"author":[{"embeddable":true,"href":"https:\/\/elpajaritonews.com\/index.php?rest_route=\/wp\/v2\/users\/2"}],"replies":[{"embeddable":true,"href":"https:\/\/elpajaritonews.com\/index.php?rest_route=%2Fwp%2Fv2%2Fcomments&post=54455"}],"version-history":[{"count":1,"href":"https:\/\/elpajaritonews.com\/index.php?rest_route=\/wp\/v2\/posts\/54455\/revisions"}],"predecessor-version":[{"id":54457,"href":"https:\/\/elpajaritonews.com\/index.php?rest_route=\/wp\/v2\/posts\/54455\/revisions\/54457"}],"wp:featuredmedia":[{"embeddable":true,"href":"https:\/\/elpajaritonews.com\/index.php?rest_route=\/wp\/v2\/media\/54456"}],"wp:attachment":[{"href":"https:\/\/elpajaritonews.com\/index.php?rest_route=%2Fwp%2Fv2%2Fmedia&parent=54455"}],"wp:term":[{"taxonomy":"category","embeddable":true,"href":"https:\/\/elpajaritonews.com\/index.php?rest_route=%2Fwp%2Fv2%2Fcategories&post=54455"},{"taxonomy":"post_tag","embeddable":true,"href":"https:\/\/elpajaritonews.com\/index.php?rest_route=%2Fwp%2Fv2%2Ftags&post=54455"}],"curies":[{"name":"wp","href":"https:\/\/api.w.org\/{rel}","templated":true}]}}