{"id":54465,"date":"2023-12-19T00:42:57","date_gmt":"2023-12-19T00:42:57","guid":{"rendered":"https:\/\/elpajaritonews.com\/?p=54465"},"modified":"2023-12-19T00:42:57","modified_gmt":"2023-12-19T00:42:57","slug":"impulsamos-una-educacion-a-la-altura-de-nuestro-desarrollo-economico-e-industrial-alfonso-durazo","status":"publish","type":"post","link":"https:\/\/elpajaritonews.com\/?p=54465","title":{"rendered":"IMPULSAMOS UNA EDUCACI\u00d3N A LA ALTURA DE NUESTRO DESARROLLO ECON\u00d3MICO E INDUSTRIAL: ALFONSO DURAZO"},"content":{"rendered":"<p>En Sonora generamos las condiciones para que las y los estudiantes sonorenses se especialicen de acuerdo a las exigencias y necesidades que actualmente requieren las empresas, y en beneficio al desarrollo econ\u00f3mico e industrial de la entidad, expres\u00f3 el gobernador Alfonso Durazo Monta\u00f1o.<\/p>\n<p><img loading=\"lazy\" decoding=\"async\" class=\"alignnone  wp-image-54467\" src=\"https:\/\/elpajaritonews.com\/wp-content\/uploads\/2023\/12\/b05d41af-5a8a-4583-a8b0-67a9799c8668-300x210.jpg\" alt=\"\" width=\"561\" height=\"393\" srcset=\"https:\/\/elpajaritonews.com\/wp-content\/uploads\/2023\/12\/b05d41af-5a8a-4583-a8b0-67a9799c8668-300x210.jpg 300w, https:\/\/elpajaritonews.com\/wp-content\/uploads\/2023\/12\/b05d41af-5a8a-4583-a8b0-67a9799c8668-1024x718.jpg 1024w, https:\/\/elpajaritonews.com\/wp-content\/uploads\/2023\/12\/b05d41af-5a8a-4583-a8b0-67a9799c8668-768x539.jpg 768w, https:\/\/elpajaritonews.com\/wp-content\/uploads\/2023\/12\/b05d41af-5a8a-4583-a8b0-67a9799c8668-599x420.jpg 599w, https:\/\/elpajaritonews.com\/wp-content\/uploads\/2023\/12\/b05d41af-5a8a-4583-a8b0-67a9799c8668-640x449.jpg 640w, https:\/\/elpajaritonews.com\/wp-content\/uploads\/2023\/12\/b05d41af-5a8a-4583-a8b0-67a9799c8668-681x478.jpg 681w, https:\/\/elpajaritonews.com\/wp-content\/uploads\/2023\/12\/b05d41af-5a8a-4583-a8b0-67a9799c8668.jpg 1280w\" sizes=\"auto, (max-width: 561px) 100vw, 561px\" \/><\/p>\n<p>El mandatario estatal, detall\u00f3 que, para lograr que las y los j\u00f3venes estudiantes se preparen con los est\u00e1ndares que exigen empresas internacionales el Gobierno de Sonora ha firmado acuerdos con las universidades de Arizona y de Sonora, Instituto Tecnol\u00f3gico de Sonora, Universidad Estatal de Sonora y la Universidad de Tsinghua de Taiw\u00e1n, y se encuentra en proceso la creaci\u00f3n un centro internacional de investigaci\u00f3n en semiconductores.<\/p>\n<p><img loading=\"lazy\" decoding=\"async\" class=\"alignnone  wp-image-54468\" src=\"https:\/\/elpajaritonews.com\/wp-content\/uploads\/2023\/12\/baf6d91c-20c1-473a-82dc-74a6bea76d05-300x201.jpg\" alt=\"\" width=\"555\" height=\"372\" srcset=\"https:\/\/elpajaritonews.com\/wp-content\/uploads\/2023\/12\/baf6d91c-20c1-473a-82dc-74a6bea76d05-300x201.jpg 300w, https:\/\/elpajaritonews.com\/wp-content\/uploads\/2023\/12\/baf6d91c-20c1-473a-82dc-74a6bea76d05-1024x685.jpg 1024w, https:\/\/elpajaritonews.com\/wp-content\/uploads\/2023\/12\/baf6d91c-20c1-473a-82dc-74a6bea76d05-768x514.jpg 768w, https:\/\/elpajaritonews.com\/wp-content\/uploads\/2023\/12\/baf6d91c-20c1-473a-82dc-74a6bea76d05-628x420.jpg 628w, https:\/\/elpajaritonews.com\/wp-content\/uploads\/2023\/12\/baf6d91c-20c1-473a-82dc-74a6bea76d05-537x360.jpg 537w, https:\/\/elpajaritonews.com\/wp-content\/uploads\/2023\/12\/baf6d91c-20c1-473a-82dc-74a6bea76d05-640x428.jpg 640w, https:\/\/elpajaritonews.com\/wp-content\/uploads\/2023\/12\/baf6d91c-20c1-473a-82dc-74a6bea76d05-681x455.jpg 681w, https:\/\/elpajaritonews.com\/wp-content\/uploads\/2023\/12\/baf6d91c-20c1-473a-82dc-74a6bea76d05.jpg 1280w\" sizes=\"auto, (max-width: 555px) 100vw, 555px\" \/><\/p>\n<p>Record\u00f3 que Sonora se destaca por ser el estado con m\u00e1s generaci\u00f3n de empleo a nivel nacional, el 2021 dijo, el primer trimestre se ten\u00eda registrado 759 mil 440 trabajadores en el IMSS, al primer trimestre del 2022, 829 mil 392 trabajadores, es decir, m\u00e1s puestos de trabajo en un periodo de dos a\u00f1os, ello se traduce, que cerca de 70 mil sonorenses tiene ahora un empleo con todas las garant\u00edas de la ley y formalmente registrados en el IMSS.<\/p>\n<p>&nbsp;<\/p>\n<p>As\u00ed mismo, el estado de Sonora, dijo, registra la menor tasa de desempleo a nivel nacional, y es la menor tasa de desempleo en t\u00e9rminos hist\u00f3ricos con el 2.9 por ciento.<\/p>\n<p>&nbsp;<\/p>\n<p>\u201cEsta generaci\u00f3n de empleo est\u00e1 \u00edntimamente asociada al reconocimiento de empresas internacionales a la calidad del recurso humano sonorense; por eso nos hemos aplicado tambi\u00e9n a ir formando perfiles profesionales que est\u00e9n vinculados con los objetivos del Plan Sonora que es la transici\u00f3n energ\u00e9tica y el combate al cambio clim\u00e1tico y toda la cadena de electromovilidad\u201d, coment\u00f3.<\/p>\n<p><img loading=\"lazy\" decoding=\"async\" class=\"alignnone  wp-image-54469\" src=\"https:\/\/elpajaritonews.com\/wp-content\/uploads\/2023\/12\/98a9ea47-dbb4-47e0-8afd-e7bf6eafd7f1-300x203.jpg\" alt=\"\" width=\"559\" height=\"378\" srcset=\"https:\/\/elpajaritonews.com\/wp-content\/uploads\/2023\/12\/98a9ea47-dbb4-47e0-8afd-e7bf6eafd7f1-300x203.jpg 300w, https:\/\/elpajaritonews.com\/wp-content\/uploads\/2023\/12\/98a9ea47-dbb4-47e0-8afd-e7bf6eafd7f1-1024x691.jpg 1024w, https:\/\/elpajaritonews.com\/wp-content\/uploads\/2023\/12\/98a9ea47-dbb4-47e0-8afd-e7bf6eafd7f1-768x518.jpg 768w, https:\/\/elpajaritonews.com\/wp-content\/uploads\/2023\/12\/98a9ea47-dbb4-47e0-8afd-e7bf6eafd7f1-622x420.jpg 622w, https:\/\/elpajaritonews.com\/wp-content\/uploads\/2023\/12\/98a9ea47-dbb4-47e0-8afd-e7bf6eafd7f1-640x432.jpg 640w, https:\/\/elpajaritonews.com\/wp-content\/uploads\/2023\/12\/98a9ea47-dbb4-47e0-8afd-e7bf6eafd7f1-681x460.jpg 681w, https:\/\/elpajaritonews.com\/wp-content\/uploads\/2023\/12\/98a9ea47-dbb4-47e0-8afd-e7bf6eafd7f1.jpg 1280w\" sizes=\"auto, (max-width: 559px) 100vw, 559px\" \/><\/p>\n<p>El gobernador Durazo Monta\u00f1o afirm\u00f3 que la transformaci\u00f3n de Sonora solo es posible hacerlo desde las aulas, por ello se han impulsado programas entre ellos, el m\u00e1s importante que es el programa de becas; en 2022 con 475 millones de pesos, se apoy\u00f3 a 87 mil 600 estudiantes sonorenses; en 2023 se apoy\u00f3 a 110 mil con 612 millones de pesos; y para el 2024 ya fue aprobado por el Congreso del Estado 740 millones de pesos y se beneficiar\u00e1n 150 mil estudiantes.<\/p>\n","protected":false},"excerpt":{"rendered":"<p>En Sonora generamos las condiciones para que las y los estudiantes sonorenses se especialicen de acuerdo a las exigencias y necesidades que actualmente requieren las empresas, y en beneficio al desarrollo econ\u00f3mico e industrial de la entidad, expres\u00f3 el gobernador Alfonso Durazo Monta\u00f1o. El mandatario estatal, detall\u00f3 que, para lograr que las y los j\u00f3venes&#8230;<\/p>\n","protected":false},"author":2,"featured_media":54466,"comment_status":"closed","ping_status":"closed","sticky":false,"template":"","format":"standard","meta":{"_crdt_document":"","_exactmetrics_skip_tracking":false,"_exactmetrics_sitenote_active":false,"_exactmetrics_sitenote_note":"","_exactmetrics_sitenote_category":0,"footnotes":""},"categories":[33,32,27],"tags":[28,29,30],"class_list":["post-54465","post","type-post","status-publish","format-standard","has-post-thumbnail","hentry","category-educacion","category-salud","category-sonora","tag-nogales","tag-nogales-la-gran-frontera","tag-sonora-tierra-de-oportunidades"],"_links":{"self":[{"href":"https:\/\/elpajaritonews.com\/index.php?rest_route=\/wp\/v2\/posts\/54465","targetHints":{"allow":["GET"]}}],"collection":[{"href":"https:\/\/elpajaritonews.com\/index.php?rest_route=\/wp\/v2\/posts"}],"about":[{"href":"https:\/\/elpajaritonews.com\/index.php?rest_route=\/wp\/v2\/types\/post"}],"author":[{"embeddable":true,"href":"https:\/\/elpajaritonews.com\/index.php?rest_route=\/wp\/v2\/users\/2"}],"replies":[{"embeddable":true,"href":"https:\/\/elpajaritonews.com\/index.php?rest_route=%2Fwp%2Fv2%2Fcomments&post=54465"}],"version-history":[{"count":1,"href":"https:\/\/elpajaritonews.com\/index.php?rest_route=\/wp\/v2\/posts\/54465\/revisions"}],"predecessor-version":[{"id":54470,"href":"https:\/\/elpajaritonews.com\/index.php?rest_route=\/wp\/v2\/posts\/54465\/revisions\/54470"}],"wp:featuredmedia":[{"embeddable":true,"href":"https:\/\/elpajaritonews.com\/index.php?rest_route=\/wp\/v2\/media\/54466"}],"wp:attachment":[{"href":"https:\/\/elpajaritonews.com\/index.php?rest_route=%2Fwp%2Fv2%2Fmedia&parent=54465"}],"wp:term":[{"taxonomy":"category","embeddable":true,"href":"https:\/\/elpajaritonews.com\/index.php?rest_route=%2Fwp%2Fv2%2Fcategories&post=54465"},{"taxonomy":"post_tag","embeddable":true,"href":"https:\/\/elpajaritonews.com\/index.php?rest_route=%2Fwp%2Fv2%2Ftags&post=54465"}],"curies":[{"name":"wp","href":"https:\/\/api.w.org\/{rel}","templated":true}]}}