{"id":54478,"date":"2023-12-19T23:56:09","date_gmt":"2023-12-19T23:56:09","guid":{"rendered":"https:\/\/elpajaritonews.com\/?p=54478"},"modified":"2023-12-19T23:56:09","modified_gmt":"2023-12-19T23:56:09","slug":"logra-uuh-bajar-la-luz-en-sonora","status":"publish","type":"post","link":"https:\/\/elpajaritonews.com\/?p=54478","title":{"rendered":"\u00a1LOGRA UUH BAJAR LA LUZ EN SONORA!"},"content":{"rendered":"<p>Alejandro Matty Ortega\/Irreverente Noticias<\/p>\n<p>&nbsp;<\/p>\n<p>Ciudad de M\u00e9xico (IN).- Lo que ning\u00fan presidente de M\u00e9xico en la historia, el l\u00edder de la Uni\u00f3n de Usuarios de Hermosillo logr\u00f3 una reducci\u00f3n al costo de la energ\u00eda el\u00e9ctrica en Sonora.<\/p>\n<p>&nbsp;<\/p>\n<p>En entrevista exclusiva con IRREVERENTE NOTICIAS la ma\u00f1ana de este martes 19 de diciembre, Ignacio Peinado Luna destac\u00f3 los logros de la lucha social que encabeza y ampl\u00eda en cobertura en Sonora.<\/p>\n<p>&nbsp;<\/p>\n<p>El l\u00edder de la UUH realiza un balance de fin de a\u00f1o, \u00abeste 2023 en la Uni\u00f3n de Usuarios de Hermosillo trabajamos con mucha intensidad, gracias a la participaci\u00f3n de todos y de los medios de comunicaci\u00f3n\u00bb.<\/p>\n<p>&nbsp;<\/p>\n<p>Ampli\u00f3 que \u00abse trabaj\u00f3 en diferentes frentes, estuvimos en la calle enfrent\u00e1ndonos en nuestras demandas, nuestras pretensiones, con las diversas autoridades que tienen que ver con servicios p\u00fablicos\u00bb.<\/p>\n<p>&nbsp;<\/p>\n<p>Peinado Luna expuso que \u00abestos servicios son elementales para los usuarios, m\u00e1s all\u00e1 de los usiarios de Hermosillo y de Sonora\u00bb.<\/p>\n<p>&nbsp;<\/p>\n<p>Se\u00f1al\u00f3 que \u00aba Dios gracias, a todas y todos, pudimos sacar adelante el tema de la Comisi\u00f3n Federal de Electricidad\u00bb.<\/p>\n<p>&nbsp;<\/p>\n<p>Lo anterior, dijo, \u00abpara que se ampliara el per\u00edodo del subsidio para el pr\u00f3ximo verano\u00bb.<\/p>\n<p>&nbsp;<\/p>\n<p>Este \u00abva a ser de un mes m\u00e1s, eso es algo mucho muy importante porque se logra tambi\u00e9n modificar el sistema tarifario\u00bb.<\/p>\n<p>&nbsp;<\/p>\n<p>En este sentido, \u00abse elimina el rango intermedio alto que nos costaba muy caro y eso significa que el pr\u00f3ximo verano vamos a pagar menos luz\u00bb.<\/p>\n<p>&nbsp;<\/p>\n<p>Ello \u00aben virtud de que se cancela ese rango de los 2,401 a los 5 mil watts que nos costaba 2 pesos 21 centavos y ya nos va a costar 91 centavos\u00bb.<\/p>\n<p>&nbsp;<\/p>\n<p>Adelant\u00f3 que para el 2024 \u00abtenemos pendiende continuar con la batalla, con la lucha para que el acceso a la energ\u00eda el\u00e9ctrica sea considerada un Derecho Humano\u00bb.<\/p>\n<p>&nbsp;<\/p>\n<p>Peinado Luna plante\u00f3 adem\u00e1s que\u00a0 \u00abseguiremos firmes en esta pretensi\u00f3n\u00bb.<\/p>\n<p>&nbsp;<\/p>\n<p>En el tema del transporte P\u00fablico, indic\u00f3 que \u00abes complejo, sin duda las deficiencias impactan negativamente a los usuarios\u00bb.<\/p>\n<p>&nbsp;<\/p>\n<p>Expres\u00f3 que \u00ab&#8216;seguiremos buscando que se eficiente el servicio para que m\u00e1s seguro\u00bb.<\/p>\n<p>&nbsp;<\/p>\n<p>Record\u00f3 que hace unas semanas \u00ablogramos como producto de a\u00f1os de lucha que la nueva Ley de Transporte P\u00fablico para el Estad sea aprobada y abrogar la Ley 149\u00bb.<\/p>\n<p>&nbsp;<\/p>\n<p>Agreg\u00f3 que \u00ablogramos subir temas importantes para los usuarios, como la amplaci\u00f3n del encendido de aires acondicionados\u00bb.<\/p>\n<p>&nbsp;<\/p>\n<p>Actualmente, la ley dec\u00eda del 1 de mayo al 30 de septiembre, logramos que el pr\u00f3ximo a\u00f1o sea del 15 de abril al 15 de octubre\u00bb<\/p>\n<p>&nbsp;<\/p>\n<p>En ese art\u00edculo, \u00abtambi\u00e9n se estipula que podr\u00e1 encenderse el aire acondicionado en funci\u00f3n de las altas temperaturas\u00bb.<\/p>\n<p>&nbsp;<\/p>\n<p>Es decir, si el 5 de abril el calor es intenso o el 5 de noviembre, deber\u00e1 encenderse.<\/p>\n<p>&nbsp;<\/p>\n<p>Igualmente, la Uni\u00f3n de Usuarios logr\u00f3 que \u00abse reconociera el tema de las indemnizaciones a los usuarios que sufren alg\u00fan accidente en el transporte p\u00fablico\u00bb.<\/p>\n<p>&nbsp;<\/p>\n<p>La cobertura m\u00e1s amplia del seguro a da\u00f1os al viajero, toda esa parte de la seguridad de los usuarios.<\/p>\n<p>&nbsp;<\/p>\n<p>Destac\u00f3 que \u00ablogramos tambi\u00e9n que las concesiones del transporte ya no sean perpetuas\u00bb.<\/p>\n<p>&nbsp;<\/p>\n<p>Estas podr\u00e1n tener un t\u00e9rmino de hasta 10 a\u00f1os y renovarse.<\/p>\n<p>&nbsp;<\/p>\n<p>En el tema del agua, la Uni\u00f3n de Usuarios &#8216;seguimos apoyando a la gente que se acerca, sobretodo del sector Norte y Norponiente donde la carencia de agua es muy visible m\u00e1s en el verano\u00bb.<\/p>\n<p>&nbsp;<\/p>\n<p>Resalt\u00f3 que seguir\u00e1n insistiendo en obras de infraestructura como el Ramal Norte para abastecer de agua a ese sector.<\/p>\n<p>&nbsp;<\/p>\n<p>En el tema del Infonavit, manifest\u00f3 que seguir\u00e1n apoyando a trav\u00e9s de los Centros de Mediaci\u00f3n con asesor\u00eda legal.<\/p>\n<p>&nbsp;<\/p>\n<p>Esto como \u00abgestionar, buscar acuerdos con en Infonavit en temas cimo el atraso en pagos y reestructura de cr\u00e9ditos\u00bb.<\/p>\n<p>&nbsp;<\/p>\n<p>El tema de la certeza del patrimonio, \u00abes una prioridad para la Uni\u00f3n de Usuarios de Hermosillo (UUH)\u00bb.<\/p>\n<p>&nbsp;<\/p>\n<p>Por \u00faltimo, Igbacio Peinado Luna dijo que la organizaci\u00f3n de los usuarios que demandan mejores servicios p\u00fablicos en los diferentes municipios, ser\u00e1 una prioridad el pr\u00f3ximo 2024 en Sonora.<\/p>\n<p>&nbsp;<\/p>\n<p>El pasado 10 de septiembre, ante miles de usuarios de Hermosillo, Guaymas, Cananea, Caborca, Ciudad Obreg\u00f3n y otros municipios, Ignacio Peinado alz\u00f3 la voz en protesta y mitin frente a las oficinas de la CFE en la capital sonorense.<\/p>\n<p>&nbsp;<\/p>\n<p>Despu\u00e9s de marchar desde el Mercado Municipal, el l\u00edder de la Uni\u00f3n de Usuarios (UUH) critic\u00f3 la insensibilidad de la empresa y del Gobierno de M\u00e9xico.<\/p>\n<p>&nbsp;<\/p>\n<p>\u00abImpagables resultan los recibos de 3, 5, 7, 10 mil, 15 mil y hasta 19 mil pesos de luz, eso es un saqueo\u00bb, asever\u00f3.<\/p>\n<p>&nbsp;<\/p>\n<p>Expuso que la lucha no es s\u00f3lo por las y los usuarios actuales sino por los ni\u00f1os y pr\u00f3ximas generaciones.<\/p>\n<p>&nbsp;<\/p>\n<p>Por ello, exigi\u00f3 una atenci\u00f3n especial del presidente Andr\u00e9s Manuel L\u00f3pez Obrador por los altos costos de energ\u00eda el\u00e9ctrica en Sonora.<\/p>\n<p>&nbsp;<\/p>\n<p>La v\u00edspera, Peinado Luna denunci\u00f3 que la CFE exige a los usuarios empe\u00f1ar facturas de autos y casas a cambio de un convenio de pago del recibo de luz en Sonora.<\/p>\n<p>&nbsp;<\/p>\n<p>Adem\u00e1s, hostiga, amenaza con demandas y niega convenios de pago en Sonora.<\/p>\n<p>&nbsp;<\/p>\n<p>Denunci\u00f3 que \u00abahora a los usuarios les dan solamente tres d\u00edas para pagar y si no, los amenazan con demandarlos\u00bb.<\/p>\n<p>&nbsp;<\/p>\n<p>Sobre los convenios de pago, Nacho Peinado refiri\u00f3 que la CFE pide pagar el 50 por ciento de la factura.<\/p>\n<p>&nbsp;<\/p>\n<p>\u00abMentira que les van hacer convenios, m\u00e1s bien les piden pr\u00e1cticamente las perlas de la virgen para hacer un convenio\u00bb.<\/p>\n<p>&nbsp;<\/p>\n<p>Apunt\u00f3 que a los usuarios \u00ables piden el 40 o 50 por ciento de enganche y tiene que llevar un aval\u00bb.<\/p>\n<p>&nbsp;<\/p>\n<p>Ahora hasta tienen que \u00abfirmar pagar\u00e9s, tienen que dejar en unos casos en prenda alg\u00fan documento de alg\u00fan inmueble o facturas de carros, motos para poder hacer convenios\u00bb.<\/p>\n<p>&nbsp;<\/p>\n<p>Resalt\u00f3 que \u00abson una \u2018chicanada\u2019 lo\u00a0que la CFE ha venido haciendo con los clientes\u00bb.<\/p>\n<p>&nbsp;<\/p>\n<p>Agreg\u00f3 que \u00abnos ven como objetos, nos ven como cosas, ellos no tienen ninguna sensibilidad cuando ven a personas en situaciones de salud vulnerables\u201d.<\/p>\n<p>&nbsp;<\/p>\n<p>El l\u00edder de la Uni\u00f3n de Usuarios de Hermosillo dijo que entre estas asociaciones y grupos de otros municipios est\u00e1n Cananea, Guaymas, Ciudad Obreg\u00f3n y Ures, Sonora.<\/p>\n<p>&nbsp;<\/p>\n<p>Ignacio Peinado Luna llam\u00f3 a los ciudadanos a sumarse a esta exigencia por una tarifa b\u00e1sica.<\/p>\n<p>&nbsp;<\/p>\n<p>Lament\u00f3 que las altas temperaturas han cobrado la vida de personas.<\/p>\n<p>&nbsp;<\/p>\n<p>\u00ab\u00bfQu\u00e9 m\u00e1s tiene que suceder para que las autoridades atiendan de fondo este problema social?\u00bb, cuestion\u00f3.<\/p>\n<p>&nbsp;<\/p>\n<p>Dijo que el problema no es exclusivo de un sector, \u00abest\u00e1 en los barrios, en las colonias, en la periferia\u00bb.<\/p>\n<p>&nbsp;<\/p>\n<p>\u00abAh\u00ed es donde se resiente m\u00e1s violentamente este atentado fuerte, duro, sin piedad, sistem\u00e1tico contra los usuarios permanentemente\u00bb, critic\u00f3.<\/p>\n<p>&nbsp;<\/p>\n<p>Ante este hecho, los usuarios hermosillenses no est\u00e1n solos, \u00abla Uni\u00f3n de Usuarios ha venido elevando la voz y lo seguir\u00e1 haciendo para enfrentar y cambiar este escenario tan violento que enfrentamos todas y todos\u00bb.<\/p>\n","protected":false},"excerpt":{"rendered":"<p>Alejandro Matty Ortega\/Irreverente Noticias &nbsp; Ciudad de M\u00e9xico (IN).- Lo que ning\u00fan presidente de M\u00e9xico en la historia, el l\u00edder de la Uni\u00f3n de Usuarios de Hermosillo logr\u00f3 una reducci\u00f3n al costo de la energ\u00eda el\u00e9ctrica en Sonora. &nbsp; En entrevista exclusiva con IRREVERENTE NOTICIAS la ma\u00f1ana de este martes 19 de diciembre, Ignacio Peinado&#8230;<\/p>\n","protected":false},"author":2,"featured_media":54479,"comment_status":"closed","ping_status":"closed","sticky":false,"template":"","format":"standard","meta":{"_crdt_document":"","_exactmetrics_skip_tracking":false,"_exactmetrics_sitenote_active":false,"_exactmetrics_sitenote_note":"","_exactmetrics_sitenote_category":0,"footnotes":""},"categories":[36,26,19,31,27],"tags":[28,29,30],"class_list":["post-54478","post","type-post","status-publish","format-standard","has-post-thumbnail","hentry","category-economia","category-local","category-opinion","category-politica","category-sonora","tag-nogales","tag-nogales-la-gran-frontera","tag-sonora-tierra-de-oportunidades"],"_links":{"self":[{"href":"https:\/\/elpajaritonews.com\/index.php?rest_route=\/wp\/v2\/posts\/54478","targetHints":{"allow":["GET"]}}],"collection":[{"href":"https:\/\/elpajaritonews.com\/index.php?rest_route=\/wp\/v2\/posts"}],"about":[{"href":"https:\/\/elpajaritonews.com\/index.php?rest_route=\/wp\/v2\/types\/post"}],"author":[{"embeddable":true,"href":"https:\/\/elpajaritonews.com\/index.php?rest_route=\/wp\/v2\/users\/2"}],"replies":[{"embeddable":true,"href":"https:\/\/elpajaritonews.com\/index.php?rest_route=%2Fwp%2Fv2%2Fcomments&post=54478"}],"version-history":[{"count":1,"href":"https:\/\/elpajaritonews.com\/index.php?rest_route=\/wp\/v2\/posts\/54478\/revisions"}],"predecessor-version":[{"id":54480,"href":"https:\/\/elpajaritonews.com\/index.php?rest_route=\/wp\/v2\/posts\/54478\/revisions\/54480"}],"wp:featuredmedia":[{"embeddable":true,"href":"https:\/\/elpajaritonews.com\/index.php?rest_route=\/wp\/v2\/media\/54479"}],"wp:attachment":[{"href":"https:\/\/elpajaritonews.com\/index.php?rest_route=%2Fwp%2Fv2%2Fmedia&parent=54478"}],"wp:term":[{"taxonomy":"category","embeddable":true,"href":"https:\/\/elpajaritonews.com\/index.php?rest_route=%2Fwp%2Fv2%2Fcategories&post=54478"},{"taxonomy":"post_tag","embeddable":true,"href":"https:\/\/elpajaritonews.com\/index.php?rest_route=%2Fwp%2Fv2%2Ftags&post=54478"}],"curies":[{"name":"wp","href":"https:\/\/api.w.org\/{rel}","templated":true}]}}