{"id":54482,"date":"2023-12-20T01:07:55","date_gmt":"2023-12-20T01:07:55","guid":{"rendered":"https:\/\/elpajaritonews.com\/?p=54482"},"modified":"2023-12-20T01:07:55","modified_gmt":"2023-12-20T01:07:55","slug":"gobierno-de-sonora-destina-apoyos-a-familias-vulnerables-de-guaymas-empalme-y-cajeme-con-programas-sociales","status":"publish","type":"post","link":"https:\/\/elpajaritonews.com\/?p=54482","title":{"rendered":"GOBIERNO DE SONORA DESTINA APOYOS A FAMILIAS VULNERABLES DE GUAYMAS, EMPALME Y CAJEME CON PROGRAMAS SOCIALES"},"content":{"rendered":"<p>Con el fin de promover la inclusi\u00f3n social de la poblaci\u00f3n m\u00e1s vulnerable, el Gobierno de Sonora a trav\u00e9s de la Secretar\u00eda de Desarrollo Social (Sedesson), llev\u00f3 a cabo la entrega de los programas EnBici: Movilidad en Bicicleta, Mano con Mano, Las Jefas: Autogestoras de la Transformaci\u00f3n Social y Aqu\u00ed se Queda, en los municipios de Guaymas, Empalme y Cajeme.<\/p>\n<p><img loading=\"lazy\" decoding=\"async\" class=\"alignnone  wp-image-54484\" src=\"https:\/\/elpajaritonews.com\/wp-content\/uploads\/2023\/12\/42f984af-d05c-4303-92cb-bbb9d3f95ed3-300x200.jpg\" alt=\"\" width=\"566\" height=\"377\" srcset=\"https:\/\/elpajaritonews.com\/wp-content\/uploads\/2023\/12\/42f984af-d05c-4303-92cb-bbb9d3f95ed3-300x200.jpg 300w, https:\/\/elpajaritonews.com\/wp-content\/uploads\/2023\/12\/42f984af-d05c-4303-92cb-bbb9d3f95ed3-1024x683.jpg 1024w, https:\/\/elpajaritonews.com\/wp-content\/uploads\/2023\/12\/42f984af-d05c-4303-92cb-bbb9d3f95ed3-768x512.jpg 768w, https:\/\/elpajaritonews.com\/wp-content\/uploads\/2023\/12\/42f984af-d05c-4303-92cb-bbb9d3f95ed3-1536x1024.jpg 1536w, https:\/\/elpajaritonews.com\/wp-content\/uploads\/2023\/12\/42f984af-d05c-4303-92cb-bbb9d3f95ed3-2048x1365.jpg 2048w, https:\/\/elpajaritonews.com\/wp-content\/uploads\/2023\/12\/42f984af-d05c-4303-92cb-bbb9d3f95ed3-630x420.jpg 630w, https:\/\/elpajaritonews.com\/wp-content\/uploads\/2023\/12\/42f984af-d05c-4303-92cb-bbb9d3f95ed3-640x427.jpg 640w, https:\/\/elpajaritonews.com\/wp-content\/uploads\/2023\/12\/42f984af-d05c-4303-92cb-bbb9d3f95ed3-681x454.jpg 681w\" sizes=\"auto, (max-width: 566px) 100vw, 566px\" \/><\/p>\n<p>A trav\u00e9s de la Ruta del Desarrollo en Operativo Navide\u00f1o 2023, se entregaron 365 bicicletas y cascos de protecci\u00f3n, 101 tarjetas electr\u00f3nicas pertenecientes a Mano con Mano, apoyos econ\u00f3micos a 3 comedores comunitarios de Aqu\u00ed se Queda y 26 constancias de proyectos productivos para Las Jefas.<\/p>\n<p>&nbsp;<\/p>\n<p>El monto de inversi\u00f3n para esta entrega fue de 2 millones 52 mil 779 pesos, siendo destinados 591 mil 800 pesos a Mano con Mano, 927 mil 14 pesos para EnBici, 455 mil 965 pesos a Las Jefas y 78 mil pesos a los comedores comunitarios Mes\u00f3n de Jes\u00fas, Rosa de Sar\u00f3n y al Albergue La Divina Providencia, pertenecientes a Aqu\u00ed se Queda.<\/p>\n<p>&nbsp;<\/p>\n<p>Finalmente, la titular de Sedesson indic\u00f3 que esta iniciativa refleja el compromiso del Gobernador Alfonso Durazo Monta\u00f1o de priorizar a los grupos sociales m\u00e1s vulnerables, pues son un derecho para todas y todos. \u00abEstas entregas forman parte de una inversi\u00f3n social nunca antes vista en Sonora, es parte de la justicia social con la que el gobierno actual contribuye para que llegue a quienes nunca han sido apoyados\u00bb, puntualiz\u00f3.<\/p>\n","protected":false},"excerpt":{"rendered":"<p>Con el fin de promover la inclusi\u00f3n social de la poblaci\u00f3n m\u00e1s vulnerable, el Gobierno de Sonora a trav\u00e9s de la Secretar\u00eda de Desarrollo Social (Sedesson), llev\u00f3 a cabo la entrega de los programas EnBici: Movilidad en Bicicleta, Mano con Mano, Las Jefas: Autogestoras de la Transformaci\u00f3n Social y Aqu\u00ed se Queda, en los municipios&#8230;<\/p>\n","protected":false},"author":2,"featured_media":54483,"comment_status":"closed","ping_status":"closed","sticky":false,"template":"","format":"standard","meta":{"_crdt_document":"","_exactmetrics_skip_tracking":false,"_exactmetrics_sitenote_active":false,"_exactmetrics_sitenote_note":"","_exactmetrics_sitenote_category":0,"footnotes":""},"categories":[21,31,27],"tags":[],"class_list":["post-54482","post","type-post","status-publish","format-standard","has-post-thumbnail","hentry","category-deportes","category-politica","category-sonora"],"_links":{"self":[{"href":"https:\/\/elpajaritonews.com\/index.php?rest_route=\/wp\/v2\/posts\/54482","targetHints":{"allow":["GET"]}}],"collection":[{"href":"https:\/\/elpajaritonews.com\/index.php?rest_route=\/wp\/v2\/posts"}],"about":[{"href":"https:\/\/elpajaritonews.com\/index.php?rest_route=\/wp\/v2\/types\/post"}],"author":[{"embeddable":true,"href":"https:\/\/elpajaritonews.com\/index.php?rest_route=\/wp\/v2\/users\/2"}],"replies":[{"embeddable":true,"href":"https:\/\/elpajaritonews.com\/index.php?rest_route=%2Fwp%2Fv2%2Fcomments&post=54482"}],"version-history":[{"count":1,"href":"https:\/\/elpajaritonews.com\/index.php?rest_route=\/wp\/v2\/posts\/54482\/revisions"}],"predecessor-version":[{"id":54485,"href":"https:\/\/elpajaritonews.com\/index.php?rest_route=\/wp\/v2\/posts\/54482\/revisions\/54485"}],"wp:featuredmedia":[{"embeddable":true,"href":"https:\/\/elpajaritonews.com\/index.php?rest_route=\/wp\/v2\/media\/54483"}],"wp:attachment":[{"href":"https:\/\/elpajaritonews.com\/index.php?rest_route=%2Fwp%2Fv2%2Fmedia&parent=54482"}],"wp:term":[{"taxonomy":"category","embeddable":true,"href":"https:\/\/elpajaritonews.com\/index.php?rest_route=%2Fwp%2Fv2%2Fcategories&post=54482"},{"taxonomy":"post_tag","embeddable":true,"href":"https:\/\/elpajaritonews.com\/index.php?rest_route=%2Fwp%2Fv2%2Ftags&post=54482"}],"curies":[{"name":"wp","href":"https:\/\/api.w.org\/{rel}","templated":true}]}}