{"id":54497,"date":"2023-12-20T19:54:53","date_gmt":"2023-12-20T19:54:53","guid":{"rendered":"https:\/\/elpajaritonews.com\/?p=54497"},"modified":"2023-12-20T19:54:53","modified_gmt":"2023-12-20T19:54:53","slug":"firme-lucha-por-libre-transito-en-sonora","status":"publish","type":"post","link":"https:\/\/elpajaritonews.com\/?p=54497","title":{"rendered":"FIRME, LUCHA POR LIBRE TR\u00c1NSITO EN SONORA"},"content":{"rendered":"<p>Alejandro Matty Ortega\/Irreverente Noticias<\/p>\n<p>&nbsp;<\/p>\n<p>Ciudad de M\u00e9xico (IN).- El Frente de Organizaciones Sociales en Lucha reiter\u00f3 que seguir\u00e1 combatiendo la corrupci\u00f3n en las casetas de cobro pese a la persecuci\u00f3n policiaca y judicial.<\/p>\n<p>&nbsp;<\/p>\n<p>En este sentido, se expresaron este mi\u00e9rcoles 20 de diciembre integrantes del Movimiento por el Libre Tr\u00e1nsito,<\/p>\n<p>Mujeres Activas por Cajeme A.C., El Pueblo Unido Sonora A.C., Utracasin, A.C., El Poder del Pueblo de Sonora A. C. y el Movimiento por el Libre Tr\u00e1nsito en Sonora y Sinaloa A.C.<\/p>\n<p>&nbsp;<\/p>\n<p>Los activistas de Sonora reprobaron \u00abla actuaci\u00f3n del Gobierno del Estado de Sonora al utilizar a cientos de elementos de la Polic\u00eda Estatal invadiendo una jurisdicci\u00f3n federal que no es de su competencia para desalojar y detener a manifestantes pac\u00edficos\u00bb.<\/p>\n<p>&nbsp;<\/p>\n<p>Los inconformes se\u00f1alaron que reclaman \u00abel cumplimiento de los acuerdos en las casetas de cobro en Sonora\u00bb.<\/p>\n<p>&nbsp;<\/p>\n<p>Adem\u00e1s, \u00ablejos de intervenir ante la Federaci\u00f3n para resolver el a\u00f1ejo problema, reprime en algunos casos con lujo de violencia, a cuidanos que ejercen su derecho a la protesta\u00bb.<\/p>\n<p>&nbsp;<\/p>\n<p>El uso excesivo de la fuerza p\u00fablica, \u00abas\u00ed como las graves violaciones a derechos humanos violentando el estado de derecho al actuar sin \u00f3rdenes judiciales se ha convertido ya en la pr\u00e1ctica favorita del gobierno estatal en contra de gente pac\u00edfica quienes ejercen su derecho constitucional a la libre manifestaci\u00f3n de las ideas\u00bb.<\/p>\n<p>&nbsp;<\/p>\n<p>Exigieron sobre todo al gobierno federal\u00a0 que cumpla la palabra empe\u00f1ada con los sonorenses de otorgar el libre tr\u00e1nsito para los residentes de los diferentes municipios.<\/p>\n<p>&nbsp;<\/p>\n<p>Despu\u00e9s de dos a\u00f1os de haber entregado voluntariamente las casetas de cobro a Capufe \u00abese compromiso sigue sin cumplirse cuando ir\u00f3nicamente desde el a\u00f1o 2017 la bandera de eliminar las ilegales casetas de cobro en la 4 carriles fue tomada por candidatos y personajes del partido en el poder para ganar adeptos y votos sin embargo tan pronto llegaron al poder abandonaron la lucha\u00bb.<\/p>\n<p>&nbsp;<\/p>\n<p>En ese mismo contexto, \u00abdesmentimos categ\u00f3ricamente la versi\u00f3n oficial en el sentido de que los miles de millones de pesos recaudados en casetas por concepto de peajes en carreteras de cuota, se van a programas sociales, es falso de toda falsedad\u00bb.<\/p>\n<p>&nbsp;<\/p>\n<p>Precisaton que \u00abesos multimillonarios recursos, en su mayor\u00eda, son de concesionarios particulares quienes por cierto no pagan impuestos ni cumplen con las obligaciones establecidas en los t\u00edtulos de concesi\u00f3n\u00bb.<\/p>\n<p>&nbsp;<\/p>\n<p>Estas obligaciones son \u00abcontar con paradas de emergencia, m\u00f3dulos para atenci\u00f3n m\u00e9dica de primeros auxilios, torres de vigilancia a lo largo del trayecto concesionado, su propia polic\u00eda para vigilar dichos tramos carreteros, gr\u00faas, ambulancias, etc\u00bb.<\/p>\n<p>&nbsp;<\/p>\n<p>Tampoco son auditados y no rinden cuentas, \u00ablo que se traduce en un saqueo de grandes proporciones en contra del patrimonio de la Naci\u00f3n\u00bb.<\/p>\n<p>&nbsp;<\/p>\n<p>La semana pasada,\u00a0 integrantes del Movimiento por el Libre Tr\u00e1nsito denunciaron ante la CNDH represi\u00f3n en la caseta de cobro de Fundici\u00f3n, Sonora.<\/p>\n<p>&nbsp;<\/p>\n<p>Al menos 11 de los activistas detenidos por elementos de la Polic\u00eda Estatal de Seguridad P\u00fablica, aseguran que fueron trasladados a la Fiscal\u00eda General de la Rep\u00fablica en Hermosillo.<\/p>\n<p>&nbsp;<\/p>\n<p>En las instalaciones de la FGR, sostienen que fueron retenidos por m\u00e1s de 48 horas, sin que la autoridad estatal o federal les mostrara una orden de presentaci\u00f3n o de aprehensi\u00f3n.<\/p>\n<p>&nbsp;<\/p>\n<p>Los\u00a0 luchadores sociales precisan en su queja ante la Comisi\u00f3n Nacional de los Derechos Humanos que fueron agredidos f\u00edsica y psicol\u00f3gicamente por los polic\u00edas estatales que participaron en el desalojo de la caseta de cobro el pasado 17 de de julio.<\/p>\n<p>&nbsp;<\/p>\n<p>Recientemente, la activista Alba Luz Borb\u00f3n denunci\u00f3 ante la CEDH al gobernador de Sonora.<\/p>\n<p>&nbsp;<\/p>\n<p>Con documento en mano, la presidenta de Mujeres Activas por Cajeme inform\u00f3 que present\u00f3 una queja por actos de persecuci\u00f3n del Estado a trav\u00e9s de la Polic\u00eda Estatal.<\/p>\n<p>&nbsp;<\/p>\n<p>La activista reproch\u00f3 la persecuci\u00f3n oficial por defender los derechos sociales en Sonora.<\/p>\n<p>&nbsp;<\/p>\n<p>Dijo que solicit\u00f3 medidas cautelares a la Comisi\u00f3n Estatal de Derechos Humanos.<\/p>\n<p>&nbsp;<\/p>\n<p>La luchadora social que busca la eliminaci\u00f3n del peaje en las casetas de cobro, precis\u00f3 que \u00abun juez federal dijo que cualquier autoridad debe resguardar mis derechos humanos\u00bb.<\/p>\n<p>&nbsp;<\/p>\n<p>Sin embargo, \u00abaqu\u00ed vemos la prepotencia del poder, el abuso de un gobierno que no cumple con lo dicho de un juez en el Art\u00edculo 533\u00bb.<\/p>\n<p>&nbsp;<\/p>\n<p>Indic\u00f3 que \u00abaqu\u00ed vemos el abuso del poder con la autoridad intimidando al pueblo\u00bb.<\/p>\n<p>&nbsp;<\/p>\n<p>Hace casi 3 semanas, elementos de la AMIC detuvieron a Alfonso Canaan Casta\u00f1os.<\/p>\n<p>&nbsp;<\/p>\n<p>Minutos despu\u00e9s, fue dejado en libertad por no existir delito qu\u00e9 perseguir al tratarse de una confusi\u00f3n.<\/p>\n","protected":false},"excerpt":{"rendered":"<p>Alejandro Matty Ortega\/Irreverente Noticias &nbsp; Ciudad de M\u00e9xico (IN).- El Frente de Organizaciones Sociales en Lucha reiter\u00f3 que seguir\u00e1 combatiendo la corrupci\u00f3n en las casetas de cobro pese a la persecuci\u00f3n policiaca y judicial. &nbsp; En este sentido, se expresaron este mi\u00e9rcoles 20 de diciembre integrantes del Movimiento por el Libre Tr\u00e1nsito, Mujeres Activas por&#8230;<\/p>\n","protected":false},"author":2,"featured_media":54498,"comment_status":"closed","ping_status":"closed","sticky":false,"template":"","format":"standard","meta":{"_crdt_document":"","_exactmetrics_skip_tracking":false,"_exactmetrics_sitenote_active":false,"_exactmetrics_sitenote_note":"","_exactmetrics_sitenote_category":0,"footnotes":""},"categories":[19,31,1,27],"tags":[28,29,30],"class_list":["post-54497","post","type-post","status-publish","format-standard","has-post-thumbnail","hentry","category-opinion","category-politica","category-seguridad","category-sonora","tag-nogales","tag-nogales-la-gran-frontera","tag-sonora-tierra-de-oportunidades"],"_links":{"self":[{"href":"https:\/\/elpajaritonews.com\/index.php?rest_route=\/wp\/v2\/posts\/54497","targetHints":{"allow":["GET"]}}],"collection":[{"href":"https:\/\/elpajaritonews.com\/index.php?rest_route=\/wp\/v2\/posts"}],"about":[{"href":"https:\/\/elpajaritonews.com\/index.php?rest_route=\/wp\/v2\/types\/post"}],"author":[{"embeddable":true,"href":"https:\/\/elpajaritonews.com\/index.php?rest_route=\/wp\/v2\/users\/2"}],"replies":[{"embeddable":true,"href":"https:\/\/elpajaritonews.com\/index.php?rest_route=%2Fwp%2Fv2%2Fcomments&post=54497"}],"version-history":[{"count":1,"href":"https:\/\/elpajaritonews.com\/index.php?rest_route=\/wp\/v2\/posts\/54497\/revisions"}],"predecessor-version":[{"id":54499,"href":"https:\/\/elpajaritonews.com\/index.php?rest_route=\/wp\/v2\/posts\/54497\/revisions\/54499"}],"wp:featuredmedia":[{"embeddable":true,"href":"https:\/\/elpajaritonews.com\/index.php?rest_route=\/wp\/v2\/media\/54498"}],"wp:attachment":[{"href":"https:\/\/elpajaritonews.com\/index.php?rest_route=%2Fwp%2Fv2%2Fmedia&parent=54497"}],"wp:term":[{"taxonomy":"category","embeddable":true,"href":"https:\/\/elpajaritonews.com\/index.php?rest_route=%2Fwp%2Fv2%2Fcategories&post=54497"},{"taxonomy":"post_tag","embeddable":true,"href":"https:\/\/elpajaritonews.com\/index.php?rest_route=%2Fwp%2Fv2%2Ftags&post=54497"}],"curies":[{"name":"wp","href":"https:\/\/api.w.org\/{rel}","templated":true}]}}