{"id":54503,"date":"2023-12-20T23:19:31","date_gmt":"2023-12-20T23:19:31","guid":{"rendered":"https:\/\/elpajaritonews.com\/?p=54503"},"modified":"2023-12-20T23:19:31","modified_gmt":"2023-12-20T23:19:31","slug":"miles-de-personas-se-manifiestan-contra-el-plan-economico-de-milei-en-argentina","status":"publish","type":"post","link":"https:\/\/elpajaritonews.com\/?p=54503","title":{"rendered":"MILES DE PERSONAS SE MANIFIESTAN CONTRA EL PLAN ECON\u00d3MICO DE MILEI EN ARGENTINA"},"content":{"rendered":"<p>Los participantes del contingente marcharon de forma pac\u00edfica, pero incumpliendo el nuevo protocolo de seguridad establecido por la ministra de Seguridad, Patricia Bullrich, que proh\u00edbe los cortes de calles durante las manifestaciones<\/p>\n<p>&nbsp;<\/p>\n<p>La marcha de protesta convocada este mi\u00e9rcoles por organizaciones sociales contra plan econ\u00f3mico del nuevo presidente de Argentina, Javier Milei, comenz\u00f3 con choques aislados entre manifestantes y agentes antidisturbios de la Polic\u00eda Federal que intentaron obligarlos a desfilar por la vereda para evitar, de manera infructuosa, los cortes de tr\u00e1nsito.<\/p>\n<blockquote class=\"twitter-tweet\" data-width=\"550\" data-dnt=\"true\">\n<p lang=\"es\" dir=\"ltr\">En medio de la tensi\u00f3n en las calles de <a href=\"https:\/\/twitter.com\/hashtag\/BuenosAires?src=hash&amp;ref_src=twsrc%5Etfw\">#BuenosAires<\/a> , <a href=\"https:\/\/twitter.com\/hashtag\/Argentina?src=hash&amp;ref_src=twsrc%5Etfw\">#Argentina<\/a>, se desarrolla la primera movilizaci\u00f3n contra el gobierno de Javier <a href=\"https:\/\/twitter.com\/JMilei?ref_src=twsrc%5Etfw\">@JMilei<\/a> . Los manifestantes se dirigen a la Plaza de Mayo. <a href=\"https:\/\/t.co\/Behfhkjf60\">pic.twitter.com\/Behfhkjf60<\/a><\/p>\n<p>&mdash; Vinicio Sanchez (@viniciosanchez) <a href=\"https:\/\/twitter.com\/viniciosanchez\/status\/1737568447914033351?ref_src=twsrc%5Etfw\">December 20, 2023<\/a><\/p><\/blockquote>\n<p><script async src=\"https:\/\/platform.twitter.com\/widgets.js\" charset=\"utf-8\"><\/script><\/p>\n<p>Los primeros incidentes entre los efectivos de Gendarmer\u00eda y los manifestantes convocados por el Polo Obrero (PO) y otras organizaciones sociales y de izquierdas se produjeron pasadas las 16:00 hora local (19.00 GMT) en pleno centro de la capital argentina, donde por la ma\u00f1ana se respiraba un ambiente de calma y normalidad.<\/p>\n<blockquote class=\"twitter-tweet\" data-width=\"550\" data-dnt=\"true\">\n<p lang=\"es\" dir=\"ltr\">En <a href=\"https:\/\/twitter.com\/hashtag\/Argentina?src=hash&amp;ref_src=twsrc%5Etfw\">#Argentina<\/a> imponen virtual estado de sitio contra una marcha del Polo Obrero a Plaza de Mayo. <\/p>\n<p>Parece dictadura. <a href=\"https:\/\/twitter.com\/JMilei?ref_src=twsrc%5Etfw\">@JMilei<\/a>  manda a grabar en los autobuses a los ciudadanos &quot;sospechosos&quot; de ir a manifestarse. Empez\u00f3 la represi\u00f3n. <a href=\"https:\/\/t.co\/k7DwUaY2CR\">pic.twitter.com\/k7DwUaY2CR<\/a><\/p>\n<p>&mdash; Vinicio Sanchez (@viniciosanchez) <a href=\"https:\/\/twitter.com\/viniciosanchez\/status\/1737567788800106652?ref_src=twsrc%5Etfw\">December 20, 2023<\/a><\/p><\/blockquote>\n<p><script async src=\"https:\/\/platform.twitter.com\/widgets.js\" charset=\"utf-8\"><\/script><\/p>\n<p>Varios miles de personas comenzaron a marchar desde la esquina de Diagonal Norte y Avenida Belgrano en direcci\u00f3n hacia la emblem\u00e1tica Plaza de Mayo, donde se encuentra la Casa Rosada. Los manifestantes marcharon de forma pac\u00edfica, pero incumpliendo el nuevo protocolo de seguridad establecido por la ministra de Seguridad, Patricia Bullrich, que proh\u00edbe los cortes de calles durante las manifestaciones y prev\u00e9 duras sanciones contra quienes lo infrinjan.<\/p>\n<p>&nbsp;<\/p>\n<blockquote class=\"twitter-tweet\" data-width=\"550\" data-dnt=\"true\">\n<p lang=\"es\" dir=\"ltr\">\ud83d\udd34 Javier Milei, el presidente del hambre, para impedir el libre tr\u00e1nsito de los manifestantes esta avasallando la constituci\u00f3n de Argentina; no puede utilizar todas las polic\u00edas para reprimir a quienes salen a marchar porque no tienen que comer. <a href=\"https:\/\/t.co\/gAVpIkD85w\">pic.twitter.com\/gAVpIkD85w<\/a><\/p>\n<p>&mdash; Roberto Kiltro (@RobertoMerken) <a href=\"https:\/\/twitter.com\/RobertoMerken\/status\/1737561387742663108?ref_src=twsrc%5Etfw\">December 20, 2023<\/a><\/p><\/blockquote>\n<p><script async src=\"https:\/\/platform.twitter.com\/widgets.js\" charset=\"utf-8\"><\/script><\/p>\n<p>&nbsp;<\/p>\n<p>Mientras tanto, el presidente de Argentina, Javier Milei, se desplaz\u00f3 a la sede central de la Polic\u00eda Federal Argentina, en Buenos Aires, junto con varios de sus ministros para seguir el desarrollo de la marcha, convertida en la primera prueba de fuerza entre el nuevo Gobierno, que tom\u00f3 posesi\u00f3n hace diez d\u00edas, y las organizaciones sociales y de izquierda.<\/p>\n<p>&nbsp;<\/p>\n<blockquote class=\"twitter-tweet\" data-width=\"550\" data-dnt=\"true\">\n<p lang=\"es\" dir=\"ltr\">Llegan veh\u00edculos anti montines de la polic\u00eda <a href=\"https:\/\/twitter.com\/hashtag\/Argentina?src=hash&amp;ref_src=twsrc%5Etfw\">#Argentina<\/a> al piquete convocado hoy por grupos de izquierda. La represion ya estaba anunaciada por <a href=\"https:\/\/twitter.com\/JMilei?ref_src=twsrc%5Etfw\">@JMilei<\/a> . <a href=\"https:\/\/t.co\/xVwownozRi\">pic.twitter.com\/xVwownozRi<\/a><\/p>\n<p>&mdash; Vinicio Sanchez (@viniciosanchez) <a href=\"https:\/\/twitter.com\/viniciosanchez\/status\/1737572348859961728?ref_src=twsrc%5Etfw\">December 20, 2023<\/a><\/p><\/blockquote>\n<p><script async src=\"https:\/\/platform.twitter.com\/widgets.js\" charset=\"utf-8\"><\/script><\/p>\n<blockquote class=\"twitter-tweet\" data-width=\"550\" data-dnt=\"true\">\n<p lang=\"es\" dir=\"ltr\">Manifestantes piqueteros en <a href=\"https:\/\/twitter.com\/hashtag\/Argentina?src=hash&amp;ref_src=twsrc%5Etfw\">#Argentina<\/a> desaf\u00edan a <a href=\"https:\/\/twitter.com\/JMilei?ref_src=twsrc%5Etfw\">@JMilei<\/a>    y cortan la Diagonal Norte. <a href=\"https:\/\/t.co\/DCWogOd1ZC\">pic.twitter.com\/DCWogOd1ZC<\/a><\/p>\n<p>&mdash; Vinicio Sanchez (@viniciosanchez) <a href=\"https:\/\/twitter.com\/viniciosanchez\/status\/1737564781597384951?ref_src=twsrc%5Etfw\">December 20, 2023<\/a><\/p><\/blockquote>\n<p><script async src=\"https:\/\/platform.twitter.com\/widgets.js\" charset=\"utf-8\"><\/script><\/p>\n<p><iframe loading=\"lazy\" title=\"DIRECTO | Protestas por el protocolo antipiquetes de Javier Milei | EL PA\u00cdS\" width=\"640\" height=\"360\" src=\"https:\/\/www.youtube.com\/embed\/3Jsb43T9_d0?feature=oembed\" frameborder=\"0\" allow=\"accelerometer; autoplay; clipboard-write; encrypted-media; gyroscope; picture-in-picture; web-share\" referrerpolicy=\"strict-origin-when-cross-origin\" allowfullscreen><\/iframe><\/p>\n","protected":false},"excerpt":{"rendered":"<p>Los participantes del contingente marcharon de forma pac\u00edfica, pero incumpliendo el nuevo protocolo de seguridad establecido por la ministra de Seguridad, Patricia Bullrich, que proh\u00edbe los cortes de calles durante las manifestaciones &nbsp; La marcha de protesta convocada este mi\u00e9rcoles por organizaciones sociales contra plan econ\u00f3mico del nuevo presidente de Argentina, Javier Milei, comenz\u00f3 con&#8230;<\/p>\n","protected":false},"author":2,"featured_media":54504,"comment_status":"closed","ping_status":"closed","sticky":false,"template":"","format":"standard","meta":{"_crdt_document":"","_exactmetrics_skip_tracking":false,"_exactmetrics_sitenote_active":false,"_exactmetrics_sitenote_note":"","_exactmetrics_sitenote_category":0,"footnotes":""},"categories":[24,1],"tags":[],"class_list":["post-54503","post","type-post","status-publish","format-standard","has-post-thumbnail","hentry","category-mundo","category-seguridad"],"_links":{"self":[{"href":"https:\/\/elpajaritonews.com\/index.php?rest_route=\/wp\/v2\/posts\/54503","targetHints":{"allow":["GET"]}}],"collection":[{"href":"https:\/\/elpajaritonews.com\/index.php?rest_route=\/wp\/v2\/posts"}],"about":[{"href":"https:\/\/elpajaritonews.com\/index.php?rest_route=\/wp\/v2\/types\/post"}],"author":[{"embeddable":true,"href":"https:\/\/elpajaritonews.com\/index.php?rest_route=\/wp\/v2\/users\/2"}],"replies":[{"embeddable":true,"href":"https:\/\/elpajaritonews.com\/index.php?rest_route=%2Fwp%2Fv2%2Fcomments&post=54503"}],"version-history":[{"count":1,"href":"https:\/\/elpajaritonews.com\/index.php?rest_route=\/wp\/v2\/posts\/54503\/revisions"}],"predecessor-version":[{"id":54505,"href":"https:\/\/elpajaritonews.com\/index.php?rest_route=\/wp\/v2\/posts\/54503\/revisions\/54505"}],"wp:featuredmedia":[{"embeddable":true,"href":"https:\/\/elpajaritonews.com\/index.php?rest_route=\/wp\/v2\/media\/54504"}],"wp:attachment":[{"href":"https:\/\/elpajaritonews.com\/index.php?rest_route=%2Fwp%2Fv2%2Fmedia&parent=54503"}],"wp:term":[{"taxonomy":"category","embeddable":true,"href":"https:\/\/elpajaritonews.com\/index.php?rest_route=%2Fwp%2Fv2%2Fcategories&post=54503"},{"taxonomy":"post_tag","embeddable":true,"href":"https:\/\/elpajaritonews.com\/index.php?rest_route=%2Fwp%2Fv2%2Ftags&post=54503"}],"curies":[{"name":"wp","href":"https:\/\/api.w.org\/{rel}","templated":true}]}}