{"id":54580,"date":"2023-12-26T22:38:15","date_gmt":"2023-12-26T22:38:15","guid":{"rendered":"https:\/\/elpajaritonews.com\/?p=54580"},"modified":"2023-12-26T22:38:15","modified_gmt":"2023-12-26T22:38:15","slug":"masacre-en-nigeria-en-navidad-grupos-armados-matan-al-menos-a-113-personas-de-comunidades-cristianas-video","status":"publish","type":"post","link":"https:\/\/elpajaritonews.com\/?p=54580","title":{"rendered":"MASACRE EN NIGERIA EN NAVIDAD: GRUPOS ARMADOS MATAN AL MENOS A 113 PERSONAS DE COMUNIDADES CRISTIANAS (VIDEO)"},"content":{"rendered":"<p>Im\u00e1genes sensibles<\/p>\n<p>&nbsp;<\/p>\n<p>Plateau se encuentra en la l\u00ednea divisoria entre el norte mayoritariamente musulm\u00e1n de Nigeria y el sur mayoritariamente cristiano<\/p>\n<p>&nbsp;<\/p>\n<p>https:\/\/twitter.com\/i\/status\/1739671816535204039<\/p>\n<p>&nbsp;<\/p>\n<p>Las autoridades informaron hoy de que aument\u00f3 de 50 a 113 el n\u00famero de personas que murieron desde el pasado s\u00e1bado por la noche hasta este lunes en varios ataques de individuos armados perpetrados en el estado de Plateau, en el centro de Nigeria.<\/p>\n<p>&nbsp;<\/p>\n<p>Aunque en un principio las autoridades locales indicaron que hab\u00eda tenido lugar un ataque el s\u00e1bado en el pueblo de Mushu, en el territorio de Bokkos, otras localidades fueron tambi\u00e9n objeto de una violencia en esa zona y en las \u00e1reas de Mangu y Barkin-Ladi que se prolong\u00f3 hasta este lunes.<\/p>\n<p>&nbsp;<\/p>\n<p>\u00abLos ataques estuvieron bien coordinados. No menos de 20 comunidades diferentes fueron atacadas por los bandidos\u00bb, declar\u00f3 a los periodistas el presidente del Comit\u00e9 de Transici\u00f3n del \u00e1rea de gobierno local de Bokkos<\/p>\n<p>&nbsp;<\/p>\n<p>\u00abHemos recuperado 113 cad\u00e1veres de esas comunidades. Hemos recuperado a m\u00e1s de 300 heridos\u00bb, subray\u00f3 Kassah, al precisar que los heridos fueron evacuados a diferentes hospitales.<\/p>\n<p>&nbsp;<\/p>\n<p>\u00abEl personal de seguridad ha estado haciendo todo lo que pudo. El dif\u00edcil terreno para llegar a esas comunidades hizo que la seguridad no llegara a tiempo para evitar esos ataques\u00bb, agreg\u00f3.<\/p>\n<p>&nbsp;<\/p>\n<p>Anteriormente, el gobernador de Plateau, Caleb Muftwang, hab\u00eda cifrado los muertos en m\u00e1s de cincuenta.<\/p>\n<p>&nbsp;<\/p>\n<p>\u00abSeg\u00fan el informe de inteligencia de que dispongo, m\u00e1s de 50 personas han sido asesinadas en Mangu y Bokkos en las \u00faltimas 48 horas\u00bb, afirm\u00f3 el gobernador en una reuni\u00f3n con militares.<\/p>\n<p>&nbsp;<\/p>\n<p>&nbsp;<\/p>\n<p>\u00abEsto es inaceptable. Ya es suficiente. Este actos est\u00fapidos, sin sentido y no provocados deben parar\u00bb, subray\u00f3 Muftwang, citado por medios locales.<\/p>\n<p>&nbsp;<\/p>\n<p>Sin embargo, el gobernador enfatiz\u00f3 que \u00abning\u00fan ataque romper\u00e1 el esp\u00edritu del pueblo de Plateau\u00bb.<\/p>\n<p>&nbsp;<\/p>\n<p>Plateau se encuentra en la l\u00ednea divisoria entre el norte mayoritariamente musulm\u00e1n de Nigeria y el sur mayoritariamente cristiano, y durante a\u00f1os ha soportado tensiones \u00e9tnicas y religiosas.<\/p>\n<p>&nbsp;<\/p>\n<p>Un l\u00edder comunitario asegur\u00f3 al diario local The Nation, bajo condici\u00f3n de anonimato, que los lugare\u00f1os de Mushu sospechan que los pistoleros son pastores, que invadieron la comunidad y abrieron fuego a discreci\u00f3n.<\/p>\n<p>&nbsp;<\/p>\n<p>El presidente de la Coalici\u00f3n de Nacionalidades \u00c9tnicas de J\u00f3venes de Plateau, Paul Dakete, confirm\u00f3 previamente a EFE el ataque en Mushu, tal y como hab\u00eda hecho el Ej\u00e9rcito, cifrando ambos la cifra de v\u00edctimas mortales en 16.<\/p>\n<p>&nbsp;<\/p>\n<p>\u00abPuedo confirmar la muerte de 16 personas despu\u00e9s de que hombres armados atacaran la aldea de Mushu en el \u00e1rea de gobierno local de Bokkos el s\u00e1bado por la noche\u00bb, declar\u00f3 hoy a EFE Dakete.<\/p>\n<p>&nbsp;<\/p>\n<p>\u00abLos aldeanos estaban dormidos cuando los hombres armados los atacaron en sus casas, acabando con su vida\u00bb, se\u00f1al\u00f3 el presidente de esa organizaci\u00f3n de la sociedad civil.<\/p>\n<p>&nbsp;<\/p>\n<p>Dakete enfatiz\u00f3 que los asesinatos convirtieron lo que deber\u00eda haber sido una celebraci\u00f3n navide\u00f1a en un per\u00edodo de luto en el pueblo, y urgi\u00f3 a las autoridades a poner fin a este tipo de ataques porque \u00abla locura debe terminar\u00bb.<\/p>\n<p>&nbsp;<\/p>\n<p>El gobernador del estado conden\u00f3 \u00ablos brutales ataques contra residentes inocentes\u00bb y orden\u00f3 a las fuerzas de seguridad que detengan a \u00ablos perpetradores de los actos atroces y garanticen que se enfrenten a todo el peso de la ley\u00bb.<\/p>\n<p>&nbsp;<\/p>\n<p>Mutfwang inst\u00f3 a las comunidades de todo el estado a \u00abpermanecer alerta y denunciar cualquier actividad sospechosa a las fuerzas de seguridad para que adopten medidas inmediatas\u00bb, seg\u00fan un comunicado emitido por su director de Prensa y Asuntos P\u00fablicos, Gyang Bere.<\/p>\n<p>&nbsp;<\/p>\n<p>En el estado de Plateau son habituales los enfrentamientos entre comunidades de campesinos, mayoritariamente cristianas, y pastores del pueblo fulani, principalmente musulmanes, por diferencias sobre el uso de la tierra y los escasos recursos naturales disponibles.<\/p>\n<p>&nbsp;<\/p>\n<p>&nbsp;<\/p>\n<p>Adem\u00e1s, algunos estados nigerianos -sobre todo del centro y noroeste del pa\u00eds- sufren ataques incesantes por parte de \u00abbandidos\u00bb, un t\u00e9rmino usado en el pa\u00eds para nombrar a las bandas criminales que cometen asaltos y secuestros masivos para lograr cuantiosos rescates y a los que las autoridades suelen tildar de \u00abterroristas\u00bb.<\/p>\n<p>&nbsp;<\/p>\n<p>&nbsp;<\/p>\n<p>&nbsp;<\/p>\n<p>&nbsp;<\/p>\n<p>&nbsp;<\/p>\n<p>&nbsp;<\/p>\n<p>&nbsp;<\/p>\n<p>&nbsp;<\/p>\n<p>&nbsp;<\/p>\n","protected":false},"excerpt":{"rendered":"<p>Im\u00e1genes sensibles &nbsp; Plateau se encuentra en la l\u00ednea divisoria entre el norte mayoritariamente musulm\u00e1n de Nigeria y el sur mayoritariamente cristiano &nbsp; https:\/\/twitter.com\/i\/status\/1739671816535204039 &nbsp; Las autoridades informaron hoy de que aument\u00f3 de 50 a 113 el n\u00famero de personas que murieron desde el pasado s\u00e1bado por la noche hasta este lunes en varios ataques&#8230;<\/p>\n","protected":false},"author":2,"featured_media":54581,"comment_status":"closed","ping_status":"closed","sticky":false,"template":"","format":"standard","meta":{"_crdt_document":"","_exactmetrics_skip_tracking":false,"_exactmetrics_sitenote_active":false,"_exactmetrics_sitenote_note":"","_exactmetrics_sitenote_category":0,"footnotes":""},"categories":[24,31,1],"tags":[28,29,30],"class_list":["post-54580","post","type-post","status-publish","format-standard","has-post-thumbnail","hentry","category-mundo","category-politica","category-seguridad","tag-nogales","tag-nogales-la-gran-frontera","tag-sonora-tierra-de-oportunidades"],"_links":{"self":[{"href":"https:\/\/elpajaritonews.com\/index.php?rest_route=\/wp\/v2\/posts\/54580","targetHints":{"allow":["GET"]}}],"collection":[{"href":"https:\/\/elpajaritonews.com\/index.php?rest_route=\/wp\/v2\/posts"}],"about":[{"href":"https:\/\/elpajaritonews.com\/index.php?rest_route=\/wp\/v2\/types\/post"}],"author":[{"embeddable":true,"href":"https:\/\/elpajaritonews.com\/index.php?rest_route=\/wp\/v2\/users\/2"}],"replies":[{"embeddable":true,"href":"https:\/\/elpajaritonews.com\/index.php?rest_route=%2Fwp%2Fv2%2Fcomments&post=54580"}],"version-history":[{"count":1,"href":"https:\/\/elpajaritonews.com\/index.php?rest_route=\/wp\/v2\/posts\/54580\/revisions"}],"predecessor-version":[{"id":54582,"href":"https:\/\/elpajaritonews.com\/index.php?rest_route=\/wp\/v2\/posts\/54580\/revisions\/54582"}],"wp:featuredmedia":[{"embeddable":true,"href":"https:\/\/elpajaritonews.com\/index.php?rest_route=\/wp\/v2\/media\/54581"}],"wp:attachment":[{"href":"https:\/\/elpajaritonews.com\/index.php?rest_route=%2Fwp%2Fv2%2Fmedia&parent=54580"}],"wp:term":[{"taxonomy":"category","embeddable":true,"href":"https:\/\/elpajaritonews.com\/index.php?rest_route=%2Fwp%2Fv2%2Fcategories&post=54580"},{"taxonomy":"post_tag","embeddable":true,"href":"https:\/\/elpajaritonews.com\/index.php?rest_route=%2Fwp%2Fv2%2Ftags&post=54580"}],"curies":[{"name":"wp","href":"https:\/\/api.w.org\/{rel}","templated":true}]}}