{"id":54722,"date":"2024-01-07T21:51:27","date_gmt":"2024-01-07T21:51:27","guid":{"rendered":"https:\/\/elpajaritonews.com\/?p=54722"},"modified":"2024-01-07T21:51:27","modified_gmt":"2024-01-07T21:51:27","slug":"trabajamos-en-la-consolidacion-de-elementos-mejor-preparados-y-pagados-alfonso-durazo","status":"publish","type":"post","link":"https:\/\/elpajaritonews.com\/?p=54722","title":{"rendered":"TRABAJAMOS EN LA CONSOLIDACI\u00d3N DE ELEMENTOS MEJOR PREPARADOS Y PAGADOS: ALFONSO DURAZO"},"content":{"rendered":"<p>El mejoramiento de la seguridad de las y los sonorenses es una tarea que se hace posible con el respaldo de una Polic\u00eda Estatal de Seguridad P\u00fablica comprometida, responsable, disciplinada y bien preparada, destac\u00f3 el gobernador Alfonso Durazo Monta\u00f1o.<\/p>\n<p>En el marco de la celebraci\u00f3n de la ceremonia del D\u00eda del Polic\u00eda y segunda premiaci\u00f3n de grado, el mandatario sonorense reconoci\u00f3 la labor de las y los agentes de la PESP, donde otorg\u00f3 tambi\u00e9n distintivos por trayectorias de 15, 20 y 25 a\u00f1os, invit\u00e1ndoles a seguir esforz\u00e1ndose para poder avanzar en la instituci\u00f3n con base en sus resultados.<\/p>\n<p><img loading=\"lazy\" decoding=\"async\" class=\"alignnone  wp-image-54724\" src=\"https:\/\/elpajaritonews.com\/wp-content\/uploads\/2024\/01\/b192e2b0-5ad9-40ea-aa97-7a6a1973f4d5-300x200.jpg\" alt=\"\" width=\"488\" height=\"325\" srcset=\"https:\/\/elpajaritonews.com\/wp-content\/uploads\/2024\/01\/b192e2b0-5ad9-40ea-aa97-7a6a1973f4d5-300x200.jpg 300w, https:\/\/elpajaritonews.com\/wp-content\/uploads\/2024\/01\/b192e2b0-5ad9-40ea-aa97-7a6a1973f4d5-768x512.jpg 768w, https:\/\/elpajaritonews.com\/wp-content\/uploads\/2024\/01\/b192e2b0-5ad9-40ea-aa97-7a6a1973f4d5-631x420.jpg 631w, https:\/\/elpajaritonews.com\/wp-content\/uploads\/2024\/01\/b192e2b0-5ad9-40ea-aa97-7a6a1973f4d5-640x426.jpg 640w, https:\/\/elpajaritonews.com\/wp-content\/uploads\/2024\/01\/b192e2b0-5ad9-40ea-aa97-7a6a1973f4d5-681x454.jpg 681w, https:\/\/elpajaritonews.com\/wp-content\/uploads\/2024\/01\/b192e2b0-5ad9-40ea-aa97-7a6a1973f4d5.jpg 1024w\" sizes=\"auto, (max-width: 488px) 100vw, 488px\" \/><\/p>\n<p>\u201cLa Polic\u00eda Estatal de Seguridad P\u00fablica es igualmente una instituci\u00f3n que ha venido consolid\u00e1ndose progresivamente al paso de los a\u00f1os, y creo sin exagerar, que estos dos a\u00f1os y meses que tenemos al frente del gobierno, hemos dado pasos fundamentales para su consolidaci\u00f3n. No puede haber un buen cuerpo de seguridad si no hay capacitaci\u00f3n, no hay disciplina, si no hay sentido del deber y si no hay tambi\u00e9n un apoyo salarial y prestaciones correspondientes que estimulen a cada uno de sus integrantes\u201d, indic\u00f3.<\/p>\n<p>En la ceremonia se dio a conocer que en un esfuerzo conjunto de los tres \u00f3rdenes de gobierno, en 2023 se logr\u00f3 el aseguramiento de 2 mil 832 personas, 7 millones 909 mil 463 dosis de narc\u00f3ticos, 42 mil 382 cartuchos \u00fatiles, mil 824 cargadores, 536 veh\u00edculos con reporte de robo, 275 autos que participaron en hechos delictivos, se deshabilitaron dos pistas clandestinas, y un numerario superior a los siete millones de pesos.<\/p>\n<p><img loading=\"lazy\" decoding=\"async\" class=\"alignnone  wp-image-54725\" src=\"https:\/\/elpajaritonews.com\/wp-content\/uploads\/2024\/01\/9fc4e9dd-de87-44fd-841e-7d9c2f7e3d79-300x200.jpg\" alt=\"\" width=\"476\" height=\"317\" srcset=\"https:\/\/elpajaritonews.com\/wp-content\/uploads\/2024\/01\/9fc4e9dd-de87-44fd-841e-7d9c2f7e3d79-300x200.jpg 300w, https:\/\/elpajaritonews.com\/wp-content\/uploads\/2024\/01\/9fc4e9dd-de87-44fd-841e-7d9c2f7e3d79-768x511.jpg 768w, https:\/\/elpajaritonews.com\/wp-content\/uploads\/2024\/01\/9fc4e9dd-de87-44fd-841e-7d9c2f7e3d79-632x420.jpg 632w, https:\/\/elpajaritonews.com\/wp-content\/uploads\/2024\/01\/9fc4e9dd-de87-44fd-841e-7d9c2f7e3d79-640x426.jpg 640w, https:\/\/elpajaritonews.com\/wp-content\/uploads\/2024\/01\/9fc4e9dd-de87-44fd-841e-7d9c2f7e3d79-681x453.jpg 681w, https:\/\/elpajaritonews.com\/wp-content\/uploads\/2024\/01\/9fc4e9dd-de87-44fd-841e-7d9c2f7e3d79.jpg 1024w\" sizes=\"auto, (max-width: 476px) 100vw, 476px\" \/><\/p>\n<p>El gobernador Durazo Monta\u00f1o mencion\u00f3 que esos resultaron son m\u00e9rito de cada una y cada uno de los agentes que resguardan la seguridad en la entidad, ante lo cual les llam\u00f3 a refrendar su compromiso para tener un mayor reconocimiento de la sociedad.<\/p>\n","protected":false},"excerpt":{"rendered":"<p>El mejoramiento de la seguridad de las y los sonorenses es una tarea que se hace posible con el respaldo de una Polic\u00eda Estatal de Seguridad P\u00fablica comprometida, responsable, disciplinada y bien preparada, destac\u00f3 el gobernador Alfonso Durazo Monta\u00f1o. En el marco de la celebraci\u00f3n de la ceremonia del D\u00eda del Polic\u00eda y segunda premiaci\u00f3n&#8230;<\/p>\n","protected":false},"author":2,"featured_media":54723,"comment_status":"closed","ping_status":"closed","sticky":false,"template":"","format":"standard","meta":{"_crdt_document":"","_exactmetrics_skip_tracking":false,"_exactmetrics_sitenote_active":false,"_exactmetrics_sitenote_note":"","_exactmetrics_sitenote_category":0,"footnotes":""},"categories":[33,26,31,1,27],"tags":[28,29,30],"class_list":["post-54722","post","type-post","status-publish","format-standard","has-post-thumbnail","hentry","category-educacion","category-local","category-politica","category-seguridad","category-sonora","tag-nogales","tag-nogales-la-gran-frontera","tag-sonora-tierra-de-oportunidades"],"_links":{"self":[{"href":"https:\/\/elpajaritonews.com\/index.php?rest_route=\/wp\/v2\/posts\/54722","targetHints":{"allow":["GET"]}}],"collection":[{"href":"https:\/\/elpajaritonews.com\/index.php?rest_route=\/wp\/v2\/posts"}],"about":[{"href":"https:\/\/elpajaritonews.com\/index.php?rest_route=\/wp\/v2\/types\/post"}],"author":[{"embeddable":true,"href":"https:\/\/elpajaritonews.com\/index.php?rest_route=\/wp\/v2\/users\/2"}],"replies":[{"embeddable":true,"href":"https:\/\/elpajaritonews.com\/index.php?rest_route=%2Fwp%2Fv2%2Fcomments&post=54722"}],"version-history":[{"count":1,"href":"https:\/\/elpajaritonews.com\/index.php?rest_route=\/wp\/v2\/posts\/54722\/revisions"}],"predecessor-version":[{"id":54726,"href":"https:\/\/elpajaritonews.com\/index.php?rest_route=\/wp\/v2\/posts\/54722\/revisions\/54726"}],"wp:featuredmedia":[{"embeddable":true,"href":"https:\/\/elpajaritonews.com\/index.php?rest_route=\/wp\/v2\/media\/54723"}],"wp:attachment":[{"href":"https:\/\/elpajaritonews.com\/index.php?rest_route=%2Fwp%2Fv2%2Fmedia&parent=54722"}],"wp:term":[{"taxonomy":"category","embeddable":true,"href":"https:\/\/elpajaritonews.com\/index.php?rest_route=%2Fwp%2Fv2%2Fcategories&post=54722"},{"taxonomy":"post_tag","embeddable":true,"href":"https:\/\/elpajaritonews.com\/index.php?rest_route=%2Fwp%2Fv2%2Ftags&post=54722"}],"curies":[{"name":"wp","href":"https:\/\/api.w.org\/{rel}","templated":true}]}}