{"id":54727,"date":"2024-01-08T05:21:10","date_gmt":"2024-01-08T05:21:10","guid":{"rendered":"https:\/\/elpajaritonews.com\/?p=54727"},"modified":"2024-01-08T05:21:10","modified_gmt":"2024-01-08T05:21:10","slug":"el-pt-lleva-diversion-y-alegria-a-ninos-de-la-colorada","status":"publish","type":"post","link":"https:\/\/elpajaritonews.com\/?p=54727","title":{"rendered":"EL PT LLEVA DIVERSI\u00d3N Y ALEGR\u00cdA A NI\u00d1OS DE LA COLORADA"},"content":{"rendered":"<p><span style=\"font-weight: 400;\">Con motivo de reforzar la unidad familiar el Partido del Trabajo en la entidad que encabeza Ram\u00f3n Flores, realiz\u00f3 el festejo del D\u00eda de Reyes con ni\u00f1os y pap\u00e1s del municipio de La Colorada, a quienes motiv\u00f3 a estar siempre juntos y promover los valores familiares.<\/span><\/p>\n<p><img loading=\"lazy\" decoding=\"async\" class=\"alignnone  wp-image-54729\" src=\"https:\/\/elpajaritonews.com\/wp-content\/uploads\/2024\/01\/4a0dd62d-7e39-4e87-80ea-d3ceb65636b4-300x300.jpg\" alt=\"\" width=\"466\" height=\"466\" srcset=\"https:\/\/elpajaritonews.com\/wp-content\/uploads\/2024\/01\/4a0dd62d-7e39-4e87-80ea-d3ceb65636b4-300x300.jpg 300w, https:\/\/elpajaritonews.com\/wp-content\/uploads\/2024\/01\/4a0dd62d-7e39-4e87-80ea-d3ceb65636b4-1024x1024.jpg 1024w, https:\/\/elpajaritonews.com\/wp-content\/uploads\/2024\/01\/4a0dd62d-7e39-4e87-80ea-d3ceb65636b4-150x150.jpg 150w, https:\/\/elpajaritonews.com\/wp-content\/uploads\/2024\/01\/4a0dd62d-7e39-4e87-80ea-d3ceb65636b4-768x768.jpg 768w, https:\/\/elpajaritonews.com\/wp-content\/uploads\/2024\/01\/4a0dd62d-7e39-4e87-80ea-d3ceb65636b4-420x420.jpg 420w, https:\/\/elpajaritonews.com\/wp-content\/uploads\/2024\/01\/4a0dd62d-7e39-4e87-80ea-d3ceb65636b4-640x640.jpg 640w, https:\/\/elpajaritonews.com\/wp-content\/uploads\/2024\/01\/4a0dd62d-7e39-4e87-80ea-d3ceb65636b4-681x681.jpg 681w, https:\/\/elpajaritonews.com\/wp-content\/uploads\/2024\/01\/4a0dd62d-7e39-4e87-80ea-d3ceb65636b4.jpg 1080w\" sizes=\"auto, (max-width: 466px) 100vw, 466px\" \/><\/p>\n<p><span style=\"font-weight: 400;\">Durante el encuentro el l\u00edder petista, convoc\u00f3 a los presentes a seguir apoyando el proyecto de la Cuarta Transformaci\u00f3n, bajo el argumento de que uno de sus principales ejes es el bienestar de la sociedad, a trav\u00e9s de los distintos programas que promueven los Gobiernos de Andr\u00e9s Manuel L\u00f3pez Obrador y Alfonso Durazo Monta\u00f1o.<\/span><\/p>\n<p><img loading=\"lazy\" decoding=\"async\" class=\"alignnone  wp-image-54730\" src=\"https:\/\/elpajaritonews.com\/wp-content\/uploads\/2024\/01\/b5479ee4-5add-41a9-8400-ab10485b0b90-300x300.jpg\" alt=\"\" width=\"478\" height=\"478\" srcset=\"https:\/\/elpajaritonews.com\/wp-content\/uploads\/2024\/01\/b5479ee4-5add-41a9-8400-ab10485b0b90-300x300.jpg 300w, https:\/\/elpajaritonews.com\/wp-content\/uploads\/2024\/01\/b5479ee4-5add-41a9-8400-ab10485b0b90-1024x1024.jpg 1024w, https:\/\/elpajaritonews.com\/wp-content\/uploads\/2024\/01\/b5479ee4-5add-41a9-8400-ab10485b0b90-150x150.jpg 150w, https:\/\/elpajaritonews.com\/wp-content\/uploads\/2024\/01\/b5479ee4-5add-41a9-8400-ab10485b0b90-768x768.jpg 768w, https:\/\/elpajaritonews.com\/wp-content\/uploads\/2024\/01\/b5479ee4-5add-41a9-8400-ab10485b0b90-420x420.jpg 420w, https:\/\/elpajaritonews.com\/wp-content\/uploads\/2024\/01\/b5479ee4-5add-41a9-8400-ab10485b0b90-640x640.jpg 640w, https:\/\/elpajaritonews.com\/wp-content\/uploads\/2024\/01\/b5479ee4-5add-41a9-8400-ab10485b0b90-681x681.jpg 681w, https:\/\/elpajaritonews.com\/wp-content\/uploads\/2024\/01\/b5479ee4-5add-41a9-8400-ab10485b0b90.jpg 1080w\" sizes=\"auto, (max-width: 478px) 100vw, 478px\" \/><\/p>\n<p><span style=\"font-weight: 400;\">\u00abHoy como nunca se ha apoyado a la gente a trav\u00e9s del programa de Bienestar, pero tambi\u00e9n a la clase trabajadora con el aumento hist\u00f3rico al salario m\u00ednimo, aquellos dec\u00edan que no se pod\u00eda y hoy el Presidente L\u00f3pez Obrador les demostr\u00f3 que s\u00ed se pudo, y hoy millones de mexicanos gozan de mejor estabilidad econ\u00f3mica en sus hogares\u00bb destac\u00f3.\u00a0<\/span><\/p>\n<p><img loading=\"lazy\" decoding=\"async\" class=\"alignnone  wp-image-54731\" src=\"https:\/\/elpajaritonews.com\/wp-content\/uploads\/2024\/01\/72b58db5-aa1e-4e9a-86ca-0c2649b23454-300x300.jpg\" alt=\"\" width=\"478\" height=\"478\" srcset=\"https:\/\/elpajaritonews.com\/wp-content\/uploads\/2024\/01\/72b58db5-aa1e-4e9a-86ca-0c2649b23454-300x300.jpg 300w, https:\/\/elpajaritonews.com\/wp-content\/uploads\/2024\/01\/72b58db5-aa1e-4e9a-86ca-0c2649b23454-1024x1024.jpg 1024w, https:\/\/elpajaritonews.com\/wp-content\/uploads\/2024\/01\/72b58db5-aa1e-4e9a-86ca-0c2649b23454-150x150.jpg 150w, https:\/\/elpajaritonews.com\/wp-content\/uploads\/2024\/01\/72b58db5-aa1e-4e9a-86ca-0c2649b23454-768x768.jpg 768w, https:\/\/elpajaritonews.com\/wp-content\/uploads\/2024\/01\/72b58db5-aa1e-4e9a-86ca-0c2649b23454-420x420.jpg 420w, https:\/\/elpajaritonews.com\/wp-content\/uploads\/2024\/01\/72b58db5-aa1e-4e9a-86ca-0c2649b23454-640x640.jpg 640w, https:\/\/elpajaritonews.com\/wp-content\/uploads\/2024\/01\/72b58db5-aa1e-4e9a-86ca-0c2649b23454-681x681.jpg 681w, https:\/\/elpajaritonews.com\/wp-content\/uploads\/2024\/01\/72b58db5-aa1e-4e9a-86ca-0c2649b23454.jpg 1080w\" sizes=\"auto, (max-width: 478px) 100vw, 478px\" \/><\/p>\n<p><span style=\"font-weight: 400;\">Acompa\u00f1ado de la Regidora Consuelo Bernal y del equipo del comit\u00e9 directivo del municipio, se entregaron juguetes y golosinas a los ni\u00f1os presentes,\u00a0 logrando un momento de alegr\u00eda y diversi\u00f3n.<\/span><\/p>\n<p><img loading=\"lazy\" decoding=\"async\" class=\"alignnone  wp-image-54732\" src=\"https:\/\/elpajaritonews.com\/wp-content\/uploads\/2024\/01\/9aac3ae6-db56-4d92-a11d-3d55b1410401-300x300.jpg\" alt=\"\" width=\"489\" height=\"489\" srcset=\"https:\/\/elpajaritonews.com\/wp-content\/uploads\/2024\/01\/9aac3ae6-db56-4d92-a11d-3d55b1410401-300x300.jpg 300w, https:\/\/elpajaritonews.com\/wp-content\/uploads\/2024\/01\/9aac3ae6-db56-4d92-a11d-3d55b1410401-1024x1024.jpg 1024w, https:\/\/elpajaritonews.com\/wp-content\/uploads\/2024\/01\/9aac3ae6-db56-4d92-a11d-3d55b1410401-150x150.jpg 150w, https:\/\/elpajaritonews.com\/wp-content\/uploads\/2024\/01\/9aac3ae6-db56-4d92-a11d-3d55b1410401-768x768.jpg 768w, https:\/\/elpajaritonews.com\/wp-content\/uploads\/2024\/01\/9aac3ae6-db56-4d92-a11d-3d55b1410401-420x420.jpg 420w, https:\/\/elpajaritonews.com\/wp-content\/uploads\/2024\/01\/9aac3ae6-db56-4d92-a11d-3d55b1410401-640x640.jpg 640w, https:\/\/elpajaritonews.com\/wp-content\/uploads\/2024\/01\/9aac3ae6-db56-4d92-a11d-3d55b1410401-681x681.jpg 681w, https:\/\/elpajaritonews.com\/wp-content\/uploads\/2024\/01\/9aac3ae6-db56-4d92-a11d-3d55b1410401.jpg 1080w\" sizes=\"auto, (max-width: 489px) 100vw, 489px\" \/><\/p>\n","protected":false},"excerpt":{"rendered":"<p>Con motivo de reforzar la unidad familiar el Partido del Trabajo en la entidad que encabeza Ram\u00f3n Flores, realiz\u00f3 el festejo del D\u00eda de Reyes con ni\u00f1os y pap\u00e1s del municipio de La Colorada, a quienes motiv\u00f3 a estar siempre juntos y promover los valores familiares. Durante el encuentro el l\u00edder petista, convoc\u00f3 a los&#8230;<\/p>\n","protected":false},"author":2,"featured_media":54728,"comment_status":"closed","ping_status":"closed","sticky":false,"template":"","format":"standard","meta":{"_crdt_document":"","_exactmetrics_skip_tracking":false,"_exactmetrics_sitenote_active":false,"_exactmetrics_sitenote_note":"","_exactmetrics_sitenote_category":0,"footnotes":""},"categories":[35,26,31,27],"tags":[28,29,30],"class_list":["post-54727","post","type-post","status-publish","format-standard","has-post-thumbnail","hentry","category-elecciones-2024","category-local","category-politica","category-sonora","tag-nogales","tag-nogales-la-gran-frontera","tag-sonora-tierra-de-oportunidades"],"_links":{"self":[{"href":"https:\/\/elpajaritonews.com\/index.php?rest_route=\/wp\/v2\/posts\/54727","targetHints":{"allow":["GET"]}}],"collection":[{"href":"https:\/\/elpajaritonews.com\/index.php?rest_route=\/wp\/v2\/posts"}],"about":[{"href":"https:\/\/elpajaritonews.com\/index.php?rest_route=\/wp\/v2\/types\/post"}],"author":[{"embeddable":true,"href":"https:\/\/elpajaritonews.com\/index.php?rest_route=\/wp\/v2\/users\/2"}],"replies":[{"embeddable":true,"href":"https:\/\/elpajaritonews.com\/index.php?rest_route=%2Fwp%2Fv2%2Fcomments&post=54727"}],"version-history":[{"count":1,"href":"https:\/\/elpajaritonews.com\/index.php?rest_route=\/wp\/v2\/posts\/54727\/revisions"}],"predecessor-version":[{"id":54733,"href":"https:\/\/elpajaritonews.com\/index.php?rest_route=\/wp\/v2\/posts\/54727\/revisions\/54733"}],"wp:featuredmedia":[{"embeddable":true,"href":"https:\/\/elpajaritonews.com\/index.php?rest_route=\/wp\/v2\/media\/54728"}],"wp:attachment":[{"href":"https:\/\/elpajaritonews.com\/index.php?rest_route=%2Fwp%2Fv2%2Fmedia&parent=54727"}],"wp:term":[{"taxonomy":"category","embeddable":true,"href":"https:\/\/elpajaritonews.com\/index.php?rest_route=%2Fwp%2Fv2%2Fcategories&post=54727"},{"taxonomy":"post_tag","embeddable":true,"href":"https:\/\/elpajaritonews.com\/index.php?rest_route=%2Fwp%2Fv2%2Ftags&post=54727"}],"curies":[{"name":"wp","href":"https:\/\/api.w.org\/{rel}","templated":true}]}}