{"id":54734,"date":"2024-01-08T21:54:34","date_gmt":"2024-01-08T21:54:34","guid":{"rendered":"https:\/\/elpajaritonews.com\/?p=54734"},"modified":"2024-01-08T21:54:34","modified_gmt":"2024-01-08T21:54:34","slug":"a-la-mesa-del-rey-brinda-esperanza-a-personas-en-situacion-de-calle-en-su-cuarto-ano-consecutivo","status":"publish","type":"post","link":"https:\/\/elpajaritonews.com\/?p=54734","title":{"rendered":"\u201dA LA MESA DEL REY\u00bb BRINDA ESPERANZA A PERSONAS EN SITUACI\u00d3N DE CALLE EN SU CUARTO A\u00d1O CONSECUTIVO"},"content":{"rendered":"<p><span style=\"font-weight: 400;\">La comunidad cristiana en Ciudad Obreg\u00f3n se congreg\u00f3 en la Plaza 18 de Marzo para llevar a cabo la cuarta edici\u00f3n del evento ben\u00e9fico \u00abA la Mesa del Rey\u00bb. Este conmovedor encuentro, lleno de generosidad y solidaridad, tuvo como objetivo principal atender a personas en situaci\u00f3n de calle, brind\u00e1ndoles comida, atenci\u00f3n m\u00e9dica, cobijas y art\u00edculos de higiene personal.<\/span><\/p>\n<p><img loading=\"lazy\" decoding=\"async\" class=\"alignnone  wp-image-54736\" src=\"https:\/\/elpajaritonews.com\/wp-content\/uploads\/2024\/01\/623e0b1e-67d4-460f-8caf-57c7aae81fac-300x225.jpg\" alt=\"\" width=\"484\" height=\"363\" srcset=\"https:\/\/elpajaritonews.com\/wp-content\/uploads\/2024\/01\/623e0b1e-67d4-460f-8caf-57c7aae81fac-300x225.jpg 300w, https:\/\/elpajaritonews.com\/wp-content\/uploads\/2024\/01\/623e0b1e-67d4-460f-8caf-57c7aae81fac-768x576.jpg 768w, https:\/\/elpajaritonews.com\/wp-content\/uploads\/2024\/01\/623e0b1e-67d4-460f-8caf-57c7aae81fac-560x420.jpg 560w, https:\/\/elpajaritonews.com\/wp-content\/uploads\/2024\/01\/623e0b1e-67d4-460f-8caf-57c7aae81fac-80x60.jpg 80w, https:\/\/elpajaritonews.com\/wp-content\/uploads\/2024\/01\/623e0b1e-67d4-460f-8caf-57c7aae81fac-100x75.jpg 100w, https:\/\/elpajaritonews.com\/wp-content\/uploads\/2024\/01\/623e0b1e-67d4-460f-8caf-57c7aae81fac-180x135.jpg 180w, https:\/\/elpajaritonews.com\/wp-content\/uploads\/2024\/01\/623e0b1e-67d4-460f-8caf-57c7aae81fac-238x178.jpg 238w, https:\/\/elpajaritonews.com\/wp-content\/uploads\/2024\/01\/623e0b1e-67d4-460f-8caf-57c7aae81fac-640x480.jpg 640w, https:\/\/elpajaritonews.com\/wp-content\/uploads\/2024\/01\/623e0b1e-67d4-460f-8caf-57c7aae81fac-681x511.jpg 681w, https:\/\/elpajaritonews.com\/wp-content\/uploads\/2024\/01\/623e0b1e-67d4-460f-8caf-57c7aae81fac.jpg 960w\" sizes=\"auto, (max-width: 484px) 100vw, 484px\" \/><\/p>\n<p><span style=\"font-weight: 400;\">El Diputado Iram Sol\u00eds, miembro activo de la comunidad cristiana, particip\u00f3 de manera entusiasta en esta noble iniciativa. Su presencia y colaboraci\u00f3n no solo resaltaron el compromiso del evento, sino que tambi\u00e9n sirvieron como un llamado a la ciudadan\u00eda para unirse a esta causa altruista.<\/span><\/p>\n<p><img loading=\"lazy\" decoding=\"async\" class=\"alignnone  wp-image-54737\" src=\"https:\/\/elpajaritonews.com\/wp-content\/uploads\/2024\/01\/8635b4da-382b-4de0-9ef4-6a709de5b237-300x225.jpg\" alt=\"\" width=\"471\" height=\"353\" srcset=\"https:\/\/elpajaritonews.com\/wp-content\/uploads\/2024\/01\/8635b4da-382b-4de0-9ef4-6a709de5b237-300x225.jpg 300w, https:\/\/elpajaritonews.com\/wp-content\/uploads\/2024\/01\/8635b4da-382b-4de0-9ef4-6a709de5b237-768x576.jpg 768w, https:\/\/elpajaritonews.com\/wp-content\/uploads\/2024\/01\/8635b4da-382b-4de0-9ef4-6a709de5b237-560x420.jpg 560w, https:\/\/elpajaritonews.com\/wp-content\/uploads\/2024\/01\/8635b4da-382b-4de0-9ef4-6a709de5b237-80x60.jpg 80w, https:\/\/elpajaritonews.com\/wp-content\/uploads\/2024\/01\/8635b4da-382b-4de0-9ef4-6a709de5b237-100x75.jpg 100w, https:\/\/elpajaritonews.com\/wp-content\/uploads\/2024\/01\/8635b4da-382b-4de0-9ef4-6a709de5b237-180x135.jpg 180w, https:\/\/elpajaritonews.com\/wp-content\/uploads\/2024\/01\/8635b4da-382b-4de0-9ef4-6a709de5b237-238x178.jpg 238w, https:\/\/elpajaritonews.com\/wp-content\/uploads\/2024\/01\/8635b4da-382b-4de0-9ef4-6a709de5b237-640x480.jpg 640w, https:\/\/elpajaritonews.com\/wp-content\/uploads\/2024\/01\/8635b4da-382b-4de0-9ef4-6a709de5b237-681x511.jpg 681w, https:\/\/elpajaritonews.com\/wp-content\/uploads\/2024\/01\/8635b4da-382b-4de0-9ef4-6a709de5b237.jpg 960w\" sizes=\"auto, (max-width: 471px) 100vw, 471px\" \/><\/p>\n<p><span style=\"font-weight: 400;\">\u00abEs un honor ser parte de &#8216;A la Mesa del Rey&#8217; por cuarto a\u00f1o consecutivo. Esta actividad nace en el coraz\u00f3n, y la participaci\u00f3n de la comunidad cristiana demuestra el poder transformador de la compasi\u00f3n y el servicio\u00bb, expres\u00f3 el Diputado Iram Sol\u00eds durante el evento.<\/span><\/p>\n<p><img loading=\"lazy\" decoding=\"async\" class=\"alignnone  wp-image-54738\" src=\"https:\/\/elpajaritonews.com\/wp-content\/uploads\/2024\/01\/24656ded-ebea-4222-aac8-2c61b4cdcc09-300x225.jpg\" alt=\"\" width=\"477\" height=\"358\" srcset=\"https:\/\/elpajaritonews.com\/wp-content\/uploads\/2024\/01\/24656ded-ebea-4222-aac8-2c61b4cdcc09-300x225.jpg 300w, https:\/\/elpajaritonews.com\/wp-content\/uploads\/2024\/01\/24656ded-ebea-4222-aac8-2c61b4cdcc09-768x576.jpg 768w, https:\/\/elpajaritonews.com\/wp-content\/uploads\/2024\/01\/24656ded-ebea-4222-aac8-2c61b4cdcc09-560x420.jpg 560w, https:\/\/elpajaritonews.com\/wp-content\/uploads\/2024\/01\/24656ded-ebea-4222-aac8-2c61b4cdcc09-80x60.jpg 80w, https:\/\/elpajaritonews.com\/wp-content\/uploads\/2024\/01\/24656ded-ebea-4222-aac8-2c61b4cdcc09-100x75.jpg 100w, https:\/\/elpajaritonews.com\/wp-content\/uploads\/2024\/01\/24656ded-ebea-4222-aac8-2c61b4cdcc09-180x135.jpg 180w, https:\/\/elpajaritonews.com\/wp-content\/uploads\/2024\/01\/24656ded-ebea-4222-aac8-2c61b4cdcc09-238x178.jpg 238w, https:\/\/elpajaritonews.com\/wp-content\/uploads\/2024\/01\/24656ded-ebea-4222-aac8-2c61b4cdcc09-640x480.jpg 640w, https:\/\/elpajaritonews.com\/wp-content\/uploads\/2024\/01\/24656ded-ebea-4222-aac8-2c61b4cdcc09-681x511.jpg 681w, https:\/\/elpajaritonews.com\/wp-content\/uploads\/2024\/01\/24656ded-ebea-4222-aac8-2c61b4cdcc09.jpg 960w\" sizes=\"auto, (max-width: 477px) 100vw, 477px\" \/><\/p>\n<p><span style=\"font-weight: 400;\">El evento no solo proporcion\u00f3 ayuda material a quienes m\u00e1s lo necesitan, sino que tambi\u00e9n cre\u00f3 un espacio de calidez y solidaridad. La comunidad cristiana, en un gesto de amor hacia el pr\u00f3jimo, comparti\u00f3 momentos significativos con las personas en situaci\u00f3n de calle, record\u00e1ndoles que no est\u00e1n solas.<\/span><\/p>\n<p><img loading=\"lazy\" decoding=\"async\" class=\"alignnone  wp-image-54739\" src=\"https:\/\/elpajaritonews.com\/wp-content\/uploads\/2024\/01\/086b7b21-34db-4758-ad92-aba2bed0078c-300x225.jpg\" alt=\"\" width=\"477\" height=\"358\" srcset=\"https:\/\/elpajaritonews.com\/wp-content\/uploads\/2024\/01\/086b7b21-34db-4758-ad92-aba2bed0078c-300x225.jpg 300w, https:\/\/elpajaritonews.com\/wp-content\/uploads\/2024\/01\/086b7b21-34db-4758-ad92-aba2bed0078c-768x576.jpg 768w, https:\/\/elpajaritonews.com\/wp-content\/uploads\/2024\/01\/086b7b21-34db-4758-ad92-aba2bed0078c-560x420.jpg 560w, https:\/\/elpajaritonews.com\/wp-content\/uploads\/2024\/01\/086b7b21-34db-4758-ad92-aba2bed0078c-80x60.jpg 80w, https:\/\/elpajaritonews.com\/wp-content\/uploads\/2024\/01\/086b7b21-34db-4758-ad92-aba2bed0078c-100x75.jpg 100w, https:\/\/elpajaritonews.com\/wp-content\/uploads\/2024\/01\/086b7b21-34db-4758-ad92-aba2bed0078c-180x135.jpg 180w, https:\/\/elpajaritonews.com\/wp-content\/uploads\/2024\/01\/086b7b21-34db-4758-ad92-aba2bed0078c-238x178.jpg 238w, https:\/\/elpajaritonews.com\/wp-content\/uploads\/2024\/01\/086b7b21-34db-4758-ad92-aba2bed0078c-640x480.jpg 640w, https:\/\/elpajaritonews.com\/wp-content\/uploads\/2024\/01\/086b7b21-34db-4758-ad92-aba2bed0078c-681x511.jpg 681w, https:\/\/elpajaritonews.com\/wp-content\/uploads\/2024\/01\/086b7b21-34db-4758-ad92-aba2bed0078c.jpg 960w\" sizes=\"auto, (max-width: 477px) 100vw, 477px\" \/><\/p>\n<p><span style=\"font-weight: 400;\">La Plaza 18 de Marzo se convirti\u00f3 en un lugar de esperanza y apoyo, donde las barreras fueron derribadas y se construyeron puentes de comprensi\u00f3n y empat\u00eda. Los voluntarios, con el apoyo de instituciones locales, se esforzaron por hacer que cada persona se sintiera valorada y respetada.<\/span><\/p>\n","protected":false},"excerpt":{"rendered":"<p>La comunidad cristiana en Ciudad Obreg\u00f3n se congreg\u00f3 en la Plaza 18 de Marzo para llevar a cabo la cuarta edici\u00f3n del evento ben\u00e9fico \u00abA la Mesa del Rey\u00bb. Este conmovedor encuentro, lleno de generosidad y solidaridad, tuvo como objetivo principal atender a personas en situaci\u00f3n de calle, brind\u00e1ndoles comida, atenci\u00f3n m\u00e9dica, cobijas y art\u00edculos&#8230;<\/p>\n","protected":false},"author":2,"featured_media":54735,"comment_status":"closed","ping_status":"closed","sticky":false,"template":"","format":"standard","meta":{"_crdt_document":"","_exactmetrics_skip_tracking":false,"_exactmetrics_sitenote_active":false,"_exactmetrics_sitenote_note":"","_exactmetrics_sitenote_category":0,"footnotes":""},"categories":[20,33,35,31,32,27],"tags":[28,29,30],"class_list":["post-54734","post","type-post","status-publish","format-standard","has-post-thumbnail","hentry","category-congreso","category-educacion","category-elecciones-2024","category-politica","category-salud","category-sonora","tag-nogales","tag-nogales-la-gran-frontera","tag-sonora-tierra-de-oportunidades"],"_links":{"self":[{"href":"https:\/\/elpajaritonews.com\/index.php?rest_route=\/wp\/v2\/posts\/54734","targetHints":{"allow":["GET"]}}],"collection":[{"href":"https:\/\/elpajaritonews.com\/index.php?rest_route=\/wp\/v2\/posts"}],"about":[{"href":"https:\/\/elpajaritonews.com\/index.php?rest_route=\/wp\/v2\/types\/post"}],"author":[{"embeddable":true,"href":"https:\/\/elpajaritonews.com\/index.php?rest_route=\/wp\/v2\/users\/2"}],"replies":[{"embeddable":true,"href":"https:\/\/elpajaritonews.com\/index.php?rest_route=%2Fwp%2Fv2%2Fcomments&post=54734"}],"version-history":[{"count":1,"href":"https:\/\/elpajaritonews.com\/index.php?rest_route=\/wp\/v2\/posts\/54734\/revisions"}],"predecessor-version":[{"id":54740,"href":"https:\/\/elpajaritonews.com\/index.php?rest_route=\/wp\/v2\/posts\/54734\/revisions\/54740"}],"wp:featuredmedia":[{"embeddable":true,"href":"https:\/\/elpajaritonews.com\/index.php?rest_route=\/wp\/v2\/media\/54735"}],"wp:attachment":[{"href":"https:\/\/elpajaritonews.com\/index.php?rest_route=%2Fwp%2Fv2%2Fmedia&parent=54734"}],"wp:term":[{"taxonomy":"category","embeddable":true,"href":"https:\/\/elpajaritonews.com\/index.php?rest_route=%2Fwp%2Fv2%2Fcategories&post=54734"},{"taxonomy":"post_tag","embeddable":true,"href":"https:\/\/elpajaritonews.com\/index.php?rest_route=%2Fwp%2Fv2%2Ftags&post=54734"}],"curies":[{"name":"wp","href":"https:\/\/api.w.org\/{rel}","templated":true}]}}