{"id":54755,"date":"2024-01-09T17:45:25","date_gmt":"2024-01-09T17:45:25","guid":{"rendered":"https:\/\/elpajaritonews.com\/?p=54755"},"modified":"2024-01-09T17:45:25","modified_gmt":"2024-01-09T17:45:25","slug":"gabriel-attal-el-primer-ministro-frances-mas-joven-y-abiertamente-gay","status":"publish","type":"post","link":"https:\/\/elpajaritonews.com\/?p=54755","title":{"rendered":"GABRIEL ATTAL, EL PRIMER MINISTRO FRANC\u00c9S M\u00c1S JOVEN Y ABIERTAMENTE GAY"},"content":{"rendered":"<p><span style=\"font-weight: 400;\">El presidente Emmanuel Macron realiz\u00f3 el nombramiento este martes<\/span><\/p>\n<p>&nbsp;<\/p>\n<p><span style=\"font-weight: 400;\">Francia conoci\u00f3 el martes el nombramiento de su primer ministro m\u00e1s joven y el primero abiertamente gay, mientras el presidente Emmanuel Macron busca un nuevo comienzo para el resto de su mandato en medio de una creciente presi\u00f3n pol\u00edtica de la extrema derecha.<\/span><\/p>\n<p>&nbsp;<\/p>\n<p><span style=\"font-weight: 400;\">Gabriel Attal, de 34 a\u00f1os, salt\u00f3 a la fama como portavoz del gobierno y luego ministro de Educaci\u00f3n y hab\u00eda sido considerado el ministro m\u00e1s popular del gobierno saliente en las encuestas.<\/span><\/p>\n<p>&nbsp;<\/p>\n<p><span style=\"font-weight: 400;\">Su predecesora, Elisabeth Borne, renunci\u00f3 el lunes tras la agitaci\u00f3n pol\u00edtica por una ley de inmigraci\u00f3n que fortalece la capacidad del gobierno para deportar a extranjeros.<\/span><\/p>\n<p>&nbsp;<\/p>\n<p><span style=\"font-weight: 400;\">Macron trabajar\u00e1 con Attal para nombrar un nuevo gobierno en los pr\u00f3ximos d\u00edas, aunque se espera que algunos ministros clave permanezcan en sus puestos.<\/span><\/p>\n<p>&nbsp;<\/p>\n<p><span style=\"font-weight: 400;\">\u00abS\u00e9 que puedo contar con su energ\u00eda y su compromiso\u00bb, public\u00f3 Macron en X en un mensaje a Attal. El presidente hizo referencia a que Attal revivi\u00f3 el \u00abesp\u00edritu de 2017\u00bb, cuando Macron sacudi\u00f3 la pol\u00edtica y logr\u00f3 una victoria sorpresa como el presidente m\u00e1s joven de la historia de Francia en una plataforma centrista proempresarial destinada a revivir una de las econom\u00edas m\u00e1s grandes del mundo. .<\/span><\/p>\n<p>&nbsp;<\/p>\n<p><span style=\"font-weight: 400;\">Durante la ceremonia de entrega, Attal dijo: \u201cLo pude leer y escuchar: el presidente de la Rep\u00fablica m\u00e1s joven de la historia nombra al primer ministro m\u00e1s joven de la historia. Quiero verlo s\u00f3lo como el s\u00edmbolo de la audacia y el movimiento. Es tambi\u00e9n, y quiz\u00e1s sobre todo, un s\u00edmbolo de confianza en los j\u00f3venes\u201d.<\/span><\/p>\n<p>&nbsp;<\/p>\n<p><span style=\"font-weight: 400;\">Attal dijo que sus objetivos incluyen hacer de la seguridad una prioridad absoluta y promover valores de autoridad y respeto por los dem\u00e1s. Tambi\u00e9n prometi\u00f3 fortalecer los servicios p\u00fablicos, incluidas las escuelas y el sistema de salud, y presionar para controlar mejor la inmigraci\u00f3n.<\/span><\/p>\n<p>&nbsp;<\/p>\n<p><span style=\"font-weight: 400;\">Macron, de 46 a\u00f1os, se ha inclinado hacia la derecha en cuestiones de seguridad y migraci\u00f3n desde su elecci\u00f3n, en particular a medida que su rival de extrema derecha Marine Le Pen y su Agrupaci\u00f3n Nacional antiinmigraci\u00f3n y antiislam han ganado influencia pol\u00edtica.<\/span><\/p>\n<p>&nbsp;<\/p>\n<p><span style=\"font-weight: 400;\">El segundo mandato del presidente dura hasta 2027 y la Constituci\u00f3n le proh\u00edbe un tercer mandato consecutivo. Los observadores pol\u00edticos han sugerido que Macron, un firme partidario de la integraci\u00f3n europea, quiere que su nuevo gobierno se prepare para las elecciones de la Uni\u00f3n Europea de junio, donde se espera que los populistas de extrema derecha anti-UE aumenten su influencia.<\/span><\/p>\n<p>&nbsp;<\/p>\n<p><span style=\"font-weight: 400;\">Cr\u00edticos tanto de izquierda como de derecha apuntaron a Attal por su limitada experiencia, su educaci\u00f3n en Par\u00eds considerada como desconectada de la gente que lucha en las provincias y su lealtad al presidente.<\/span><\/p>\n<p>&nbsp;<\/p>\n<p><span style=\"font-weight: 400;\">Le Pen public\u00f3 en X: \u201c\u00bfQu\u00e9 pueden esperar los franceses de este cuarto primer ministro y quinto gobierno en siete a\u00f1os (bajo Macron)? Nada\u201d, pidiendo a los votantes que elijan a su partido en las elecciones europeas.<\/span><\/p>\n<p>&nbsp;<\/p>\n<p><span style=\"font-weight: 400;\">En un comunicado, Eric Ciotti, jefe del partido conservador Los Republicanos, dijo: \u00abFrancia necesita medidas urgentes: necesita un enfoque diferente\u00bb. Los republicanos seguir\u00e1n siendo una \u201coposici\u00f3n responsable\u201d al gobierno centrista, a\u00f1adi\u00f3.<\/span><\/p>\n<p>&nbsp;<\/p>\n<p><span style=\"font-weight: 400;\">Attal, ex miembro del Partido Socialista, se uni\u00f3 al reci\u00e9n creado movimiento pol\u00edtico de Macron en 2016 y fue portavoz de 2020 a 2022, cargo que lo hizo muy conocido entre el p\u00fablico franc\u00e9s. Luego fue nombrado ministro de Presupuesto antes de ser nombrado en julio ministro de Educaci\u00f3n, uno de los puestos m\u00e1s prestigiosos del gobierno.<\/span><\/p>\n<p>&nbsp;<\/p>\n<p><span style=\"font-weight: 400;\">Attal anunci\u00f3 r\u00e1pidamente una prohibici\u00f3n de las t\u00fanicas largas en las aulas que entr\u00f3 en vigor con el nuevo a\u00f1o escolar en septiembre, diciendo que las prendas usadas principalmente por musulmanes estaban poniendo a prueba el secularismo en las escuelas.<\/span><\/p>\n<p>&nbsp;<\/p>\n<p><span style=\"font-weight: 400;\">Tambi\u00e9n lanz\u00f3 un plan para experimentar con uniformes en algunas escuelas p\u00fablicas, como parte de los esfuerzos por desviar la atenci\u00f3n de la ropa y reducir el acoso escolar.<\/span><\/p>\n<p>&nbsp;<\/p>\n<p><span style=\"font-weight: 400;\">Attal detall\u00f3 recientemente en la televisi\u00f3n nacional TF1 c\u00f3mo sufri\u00f3 acoso en la escuela secundaria, incluido acoso homof\u00f3bico.<\/span><\/p>\n<p><span style=\"font-weight: 400;\">Attal enfrentar\u00e1 el mismo obst\u00e1culo que su predecesor: los centristas de Macron perdieron su mayor\u00eda en el parlamento el a\u00f1o pasado, lo que oblig\u00f3 al gobierno a maniobras pol\u00edticas y a utilizar poderes constitucionales especiales para poder aprobar leyes.<\/span><\/p>\n<p>&nbsp;<\/p>\n<p><span style=\"font-weight: 400;\">\u00a0<\/span><\/p>\n<p>&nbsp;<\/p>\n<p><span style=\"font-weight: 400;\">Edici\u00f3n Astrid S\u00e1nchez\u00a0<\/span><\/p>\n<p>&nbsp;<\/p>\n","protected":false},"excerpt":{"rendered":"<p>El presidente Emmanuel Macron realiz\u00f3 el nombramiento este martes &nbsp; Francia conoci\u00f3 el martes el nombramiento de su primer ministro m\u00e1s joven y el primero abiertamente gay, mientras el presidente Emmanuel Macron busca un nuevo comienzo para el resto de su mandato en medio de una creciente presi\u00f3n pol\u00edtica de la extrema derecha. &nbsp; Gabriel&#8230;<\/p>\n","protected":false},"author":2,"featured_media":54756,"comment_status":"closed","ping_status":"closed","sticky":false,"template":"","format":"standard","meta":{"_crdt_document":"","_exactmetrics_skip_tracking":false,"_exactmetrics_sitenote_active":false,"_exactmetrics_sitenote_note":"","_exactmetrics_sitenote_category":0,"footnotes":""},"categories":[24,19,31],"tags":[28,29,30],"class_list":["post-54755","post","type-post","status-publish","format-standard","has-post-thumbnail","hentry","category-mundo","category-opinion","category-politica","tag-nogales","tag-nogales-la-gran-frontera","tag-sonora-tierra-de-oportunidades"],"_links":{"self":[{"href":"https:\/\/elpajaritonews.com\/index.php?rest_route=\/wp\/v2\/posts\/54755","targetHints":{"allow":["GET"]}}],"collection":[{"href":"https:\/\/elpajaritonews.com\/index.php?rest_route=\/wp\/v2\/posts"}],"about":[{"href":"https:\/\/elpajaritonews.com\/index.php?rest_route=\/wp\/v2\/types\/post"}],"author":[{"embeddable":true,"href":"https:\/\/elpajaritonews.com\/index.php?rest_route=\/wp\/v2\/users\/2"}],"replies":[{"embeddable":true,"href":"https:\/\/elpajaritonews.com\/index.php?rest_route=%2Fwp%2Fv2%2Fcomments&post=54755"}],"version-history":[{"count":1,"href":"https:\/\/elpajaritonews.com\/index.php?rest_route=\/wp\/v2\/posts\/54755\/revisions"}],"predecessor-version":[{"id":54757,"href":"https:\/\/elpajaritonews.com\/index.php?rest_route=\/wp\/v2\/posts\/54755\/revisions\/54757"}],"wp:featuredmedia":[{"embeddable":true,"href":"https:\/\/elpajaritonews.com\/index.php?rest_route=\/wp\/v2\/media\/54756"}],"wp:attachment":[{"href":"https:\/\/elpajaritonews.com\/index.php?rest_route=%2Fwp%2Fv2%2Fmedia&parent=54755"}],"wp:term":[{"taxonomy":"category","embeddable":true,"href":"https:\/\/elpajaritonews.com\/index.php?rest_route=%2Fwp%2Fv2%2Fcategories&post=54755"},{"taxonomy":"post_tag","embeddable":true,"href":"https:\/\/elpajaritonews.com\/index.php?rest_route=%2Fwp%2Fv2%2Ftags&post=54755"}],"curies":[{"name":"wp","href":"https:\/\/api.w.org\/{rel}","templated":true}]}}