{"id":54767,"date":"2024-01-09T21:52:19","date_gmt":"2024-01-09T21:52:19","guid":{"rendered":"https:\/\/elpajaritonews.com\/?p=54767"},"modified":"2024-01-09T21:52:19","modified_gmt":"2024-01-09T21:52:19","slug":"en-ecuador-continuan-los-asesinatos-de-rehenes-por-parte-del-crimen-organizado-video","status":"publish","type":"post","link":"https:\/\/elpajaritonews.com\/?p=54767","title":{"rendered":"EN ECUADOR CONTIN\u00daAN LOS ASESINATOS DE REHENES POR PARTE DEL CRIMEN ORGANIZADO (VIDEO)"},"content":{"rendered":"<p><span style=\"font-weight: 400;\">Contin\u00faan los asesinatos de rehenes por parte del crimen organizado; un guardia de prisi\u00f3n ecuatoriano ha sido colgado.<\/span><\/p>\n<p>&nbsp;<\/p>\n<p><span style=\"font-weight: 400;\">IM\u00c1GENES MUY SENSIBLES EN\u00a0<\/span><\/p>\n<p><span style=\"font-weight: 400;\">Miembros de un c\u00e1rtel han comenzado a asesinar a rehenes en Ecuador; guardias de prisi\u00f3n son v\u00edctimas de homicidio por parte de reclusos que los mantienen cautivos.<\/span><\/p>\n<div style=\"width: 636px;\" class=\"wp-video\"><video class=\"wp-video-shortcode\" id=\"video-54767-1\" width=\"636\" height=\"360\" preload=\"metadata\" controls=\"controls\"><source type=\"video\/mp4\" src=\"https:\/\/elpajaritonews.com\/wp-content\/uploads\/2024\/01\/ssstwitter.com_1704835626969.mp4?_=1\" \/><a href=\"https:\/\/elpajaritonews.com\/wp-content\/uploads\/2024\/01\/ssstwitter.com_1704835626969.mp4\">https:\/\/elpajaritonews.com\/wp-content\/uploads\/2024\/01\/ssstwitter.com_1704835626969.mp4<\/a><\/video><\/div>\n<blockquote class=\"twitter-tweet\" data-width=\"550\" data-dnt=\"true\">\n<p lang=\"es\" dir=\"ltr\">\ud83c\uddea\ud83c\udde8 | URGENTE &#8211; IM\u00c1GENES MUY SENSIBLES: Contin\u00faan los asesinatos de rehenes por parte del crimen organizado; un guardia de prisi\u00f3n ecuatoriano ha sido colgado. <a href=\"https:\/\/t.co\/u6mgjvpsI2\">https:\/\/t.co\/u6mgjvpsI2<\/a><\/p>\n<p>&mdash; UHN PLUS (@UHN_Plus) <a href=\"https:\/\/twitter.com\/UHN_Plus\/status\/1744832934543028601?ref_src=twsrc%5Etfw\">January 9, 2024<\/a><\/p><\/blockquote>\n<p><script async src=\"https:\/\/platform.twitter.com\/widgets.js\" charset=\"utf-8\"><\/script><\/p>\n<p>https:\/\/twitter.com\/i\/status\/1744834591200776674<\/p>\n<p>&nbsp;<\/p>\n","protected":false},"excerpt":{"rendered":"<p>Contin\u00faan los asesinatos de rehenes por parte del crimen organizado; un guardia de prisi\u00f3n ecuatoriano ha sido colgado. &nbsp; IM\u00c1GENES MUY SENSIBLES EN\u00a0 Miembros de un c\u00e1rtel han comenzado a asesinar a rehenes en Ecuador; guardias de prisi\u00f3n son v\u00edctimas de homicidio por parte de reclusos que los mantienen cautivos. \ud83c\uddea\ud83c\udde8 | URGENTE &#8211; IM\u00c1GENES&#8230;<\/p>\n","protected":false},"author":2,"featured_media":54769,"comment_status":"closed","ping_status":"closed","sticky":false,"template":"","format":"standard","meta":{"_crdt_document":"","_exactmetrics_skip_tracking":false,"_exactmetrics_sitenote_active":false,"_exactmetrics_sitenote_note":"","_exactmetrics_sitenote_category":0,"footnotes":""},"categories":[24,31,1],"tags":[],"class_list":["post-54767","post","type-post","status-publish","format-standard","has-post-thumbnail","hentry","category-mundo","category-politica","category-seguridad"],"_links":{"self":[{"href":"https:\/\/elpajaritonews.com\/index.php?rest_route=\/wp\/v2\/posts\/54767","targetHints":{"allow":["GET"]}}],"collection":[{"href":"https:\/\/elpajaritonews.com\/index.php?rest_route=\/wp\/v2\/posts"}],"about":[{"href":"https:\/\/elpajaritonews.com\/index.php?rest_route=\/wp\/v2\/types\/post"}],"author":[{"embeddable":true,"href":"https:\/\/elpajaritonews.com\/index.php?rest_route=\/wp\/v2\/users\/2"}],"replies":[{"embeddable":true,"href":"https:\/\/elpajaritonews.com\/index.php?rest_route=%2Fwp%2Fv2%2Fcomments&post=54767"}],"version-history":[{"count":1,"href":"https:\/\/elpajaritonews.com\/index.php?rest_route=\/wp\/v2\/posts\/54767\/revisions"}],"predecessor-version":[{"id":54770,"href":"https:\/\/elpajaritonews.com\/index.php?rest_route=\/wp\/v2\/posts\/54767\/revisions\/54770"}],"wp:featuredmedia":[{"embeddable":true,"href":"https:\/\/elpajaritonews.com\/index.php?rest_route=\/wp\/v2\/media\/54769"}],"wp:attachment":[{"href":"https:\/\/elpajaritonews.com\/index.php?rest_route=%2Fwp%2Fv2%2Fmedia&parent=54767"}],"wp:term":[{"taxonomy":"category","embeddable":true,"href":"https:\/\/elpajaritonews.com\/index.php?rest_route=%2Fwp%2Fv2%2Fcategories&post=54767"},{"taxonomy":"post_tag","embeddable":true,"href":"https:\/\/elpajaritonews.com\/index.php?rest_route=%2Fwp%2Fv2%2Ftags&post=54767"}],"curies":[{"name":"wp","href":"https:\/\/api.w.org\/{rel}","templated":true}]}}