{"id":54778,"date":"2024-01-10T23:00:42","date_gmt":"2024-01-10T23:00:42","guid":{"rendered":"https:\/\/elpajaritonews.com\/?p=54778"},"modified":"2024-01-10T23:00:42","modified_gmt":"2024-01-10T23:00:42","slug":"diputado-sebastian-orduno-reafirma-su-compromiso-con-los-guaymenses","status":"publish","type":"post","link":"https:\/\/elpajaritonews.com\/?p=54778","title":{"rendered":"DIPUTADO SEBASTI\u00c1N ORDU\u00d1O REAFIRMA SU COMPROMISO CON LOS GUAYMENSES."},"content":{"rendered":"<p><span style=\"font-weight: 400;\">n un gesto de hermandad y compromiso comunitario, el Diputado Sebasti\u00e1n Ordu\u00f1o dedic\u00f3 las \u00faltimas semanas de diciembre y los primeros d\u00edas de enero a distribuir dulces, regalos, cenas y despensas entre los habitantes de Guaymas. Este acto no solo llev\u00f3 alegr\u00eda a numerosas familias durante la temporada festiva, sino que tambi\u00e9n demostr\u00f3 el fuerte compromiso del Diputado con su comunidad.<\/span><\/p>\n<p>&nbsp;<\/p>\n<p><span style=\"font-weight: 400;\">Visitando casa por casa, el Diputado Ordu\u00f1o se asegur\u00f3 de que cada familia recibiera un toque de felicidad y apoyo durante estas fechas tan especiales. Los dulces y regalos fueron recibidos con sonrisas y gratitud, especialmente por los m\u00e1s j\u00f3venes, mientras que las despensas ofrecieron un alivio tangible para aquellos que enfrentan desaf\u00edos econ\u00f3micos.<\/span><\/p>\n<p><img loading=\"lazy\" decoding=\"async\" class=\"alignnone size-medium wp-image-54780\" src=\"https:\/\/elpajaritonews.com\/wp-content\/uploads\/2024\/01\/33a24279-84c1-413f-bfa4-1da273edec2f-229x300.jpg\" alt=\"\" width=\"229\" height=\"300\" srcset=\"https:\/\/elpajaritonews.com\/wp-content\/uploads\/2024\/01\/33a24279-84c1-413f-bfa4-1da273edec2f-229x300.jpg 229w, https:\/\/elpajaritonews.com\/wp-content\/uploads\/2024\/01\/33a24279-84c1-413f-bfa4-1da273edec2f-321x420.jpg 321w, https:\/\/elpajaritonews.com\/wp-content\/uploads\/2024\/01\/33a24279-84c1-413f-bfa4-1da273edec2f.jpg 582w\" sizes=\"auto, (max-width: 229px) 100vw, 229px\" \/><\/p>\n<p><span style=\"font-weight: 400;\">\u201cEs una prioridad para m\u00ed estar presente y apoyar a las familias de Guaymas, especialmente durante la temporada de dar y compartir\u201d, dijo el Diputado Ordu\u00f1o. \u201cVer las sonrisas en los rostros de ni\u00f1os y adultos por igual es la mejor recompensa que uno puede esperar\u201d.<\/span><\/p>\n<p>&nbsp;<\/p>\n<p><span style=\"font-weight: 400;\">El Diputado Ordu\u00f1o continuar\u00e1 trabajando incansablemente para atender las necesidades de su distrito y asegurar que todos los ciudadanos de Guaymas tengan acceso a las oportunidades y apoyos que merecen.<\/span><\/p>\n","protected":false},"excerpt":{"rendered":"<p>n un gesto de hermandad y compromiso comunitario, el Diputado Sebasti\u00e1n Ordu\u00f1o dedic\u00f3 las \u00faltimas semanas de diciembre y los primeros d\u00edas de enero a distribuir dulces, regalos, cenas y despensas entre los habitantes de Guaymas. Este acto no solo llev\u00f3 alegr\u00eda a numerosas familias durante la temporada festiva, sino que tambi\u00e9n demostr\u00f3 el fuerte&#8230;<\/p>\n","protected":false},"author":2,"featured_media":54779,"comment_status":"closed","ping_status":"closed","sticky":false,"template":"","format":"standard","meta":{"_crdt_document":"","_exactmetrics_skip_tracking":false,"_exactmetrics_sitenote_active":false,"_exactmetrics_sitenote_note":"","_exactmetrics_sitenote_category":0,"footnotes":""},"categories":[20,35,31,27],"tags":[28,29,30],"class_list":["post-54778","post","type-post","status-publish","format-standard","has-post-thumbnail","hentry","category-congreso","category-elecciones-2024","category-politica","category-sonora","tag-nogales","tag-nogales-la-gran-frontera","tag-sonora-tierra-de-oportunidades"],"_links":{"self":[{"href":"https:\/\/elpajaritonews.com\/index.php?rest_route=\/wp\/v2\/posts\/54778","targetHints":{"allow":["GET"]}}],"collection":[{"href":"https:\/\/elpajaritonews.com\/index.php?rest_route=\/wp\/v2\/posts"}],"about":[{"href":"https:\/\/elpajaritonews.com\/index.php?rest_route=\/wp\/v2\/types\/post"}],"author":[{"embeddable":true,"href":"https:\/\/elpajaritonews.com\/index.php?rest_route=\/wp\/v2\/users\/2"}],"replies":[{"embeddable":true,"href":"https:\/\/elpajaritonews.com\/index.php?rest_route=%2Fwp%2Fv2%2Fcomments&post=54778"}],"version-history":[{"count":1,"href":"https:\/\/elpajaritonews.com\/index.php?rest_route=\/wp\/v2\/posts\/54778\/revisions"}],"predecessor-version":[{"id":54781,"href":"https:\/\/elpajaritonews.com\/index.php?rest_route=\/wp\/v2\/posts\/54778\/revisions\/54781"}],"wp:featuredmedia":[{"embeddable":true,"href":"https:\/\/elpajaritonews.com\/index.php?rest_route=\/wp\/v2\/media\/54779"}],"wp:attachment":[{"href":"https:\/\/elpajaritonews.com\/index.php?rest_route=%2Fwp%2Fv2%2Fmedia&parent=54778"}],"wp:term":[{"taxonomy":"category","embeddable":true,"href":"https:\/\/elpajaritonews.com\/index.php?rest_route=%2Fwp%2Fv2%2Fcategories&post=54778"},{"taxonomy":"post_tag","embeddable":true,"href":"https:\/\/elpajaritonews.com\/index.php?rest_route=%2Fwp%2Fv2%2Ftags&post=54778"}],"curies":[{"name":"wp","href":"https:\/\/api.w.org\/{rel}","templated":true}]}}