{"id":54782,"date":"2024-01-11T00:48:13","date_gmt":"2024-01-11T00:48:13","guid":{"rendered":"https:\/\/elpajaritonews.com\/?p=54782"},"modified":"2024-01-11T00:48:13","modified_gmt":"2024-01-11T00:48:13","slug":"impulsa-gobernador-durazo-plan-sonora-ante-embajadores-y-consules-de-mexico","status":"publish","type":"post","link":"https:\/\/elpajaritonews.com\/?p=54782","title":{"rendered":"IMPULSA GOBERNADOR DURAZO PLAN SONORA ANTE EMBAJADORES Y C\u00d3NSULES DE M\u00c9XICO"},"content":{"rendered":"<p><span style=\"font-weight: 400;\">El Plan Sonora de Energ\u00eda Sostenible es la punta de lanza del Gobierno de M\u00e9xico en el proceso de transici\u00f3n energ\u00e9tica, donde la entidad es un protagonista en el aprovechamiento de energ\u00edas limpias, destac\u00f3 el gobernador Alfonso Durazo Monta\u00f1o, en el panel Promoci\u00f3n Econ\u00f3mica y Proyectos Prioritarios dentro de la trig\u00e9sima quinta Reuni\u00f3n de Embajadores y C\u00f3nsules.<\/span><\/p>\n<div style=\"width: 640px;\" class=\"wp-video\"><video class=\"wp-video-shortcode\" id=\"video-54782-1\" width=\"640\" height=\"360\" preload=\"metadata\" controls=\"controls\"><source type=\"video\/mp4\" src=\"https:\/\/elpajaritonews.com\/wp-content\/uploads\/2024\/01\/INSERT-ADM-.mp4?_=1\" \/><a href=\"https:\/\/elpajaritonews.com\/wp-content\/uploads\/2024\/01\/INSERT-ADM-.mp4\">https:\/\/elpajaritonews.com\/wp-content\/uploads\/2024\/01\/INSERT-ADM-.mp4<\/a><\/video><\/div>\n<p><span style=\"font-weight: 400;\">Ante el cuerpo diplom\u00e1tico mexicano, el mandatario estatal resalt\u00f3 las vertientes del Plan Sonora, con la generaci\u00f3n de energ\u00eda fotovoltaica, el aprovechamiento del litio con la cadena de electromovilidad, la licuefacci\u00f3n de gas natural, la preparaci\u00f3n del capital humano, y la modernizaci\u00f3n del puerto de Guaymas.<\/span><\/p>\n<p><img loading=\"lazy\" decoding=\"async\" class=\"alignnone  wp-image-54785\" src=\"https:\/\/elpajaritonews.com\/wp-content\/uploads\/2024\/01\/122c9ea7-7a41-4c8b-8489-944ad9437365-300x200.jpg\" alt=\"\" width=\"549\" height=\"366\" srcset=\"https:\/\/elpajaritonews.com\/wp-content\/uploads\/2024\/01\/122c9ea7-7a41-4c8b-8489-944ad9437365-300x200.jpg 300w, https:\/\/elpajaritonews.com\/wp-content\/uploads\/2024\/01\/122c9ea7-7a41-4c8b-8489-944ad9437365-1024x684.jpg 1024w, https:\/\/elpajaritonews.com\/wp-content\/uploads\/2024\/01\/122c9ea7-7a41-4c8b-8489-944ad9437365-768x513.jpg 768w, https:\/\/elpajaritonews.com\/wp-content\/uploads\/2024\/01\/122c9ea7-7a41-4c8b-8489-944ad9437365-629x420.jpg 629w, https:\/\/elpajaritonews.com\/wp-content\/uploads\/2024\/01\/122c9ea7-7a41-4c8b-8489-944ad9437365-640x428.jpg 640w, https:\/\/elpajaritonews.com\/wp-content\/uploads\/2024\/01\/122c9ea7-7a41-4c8b-8489-944ad9437365-681x455.jpg 681w, https:\/\/elpajaritonews.com\/wp-content\/uploads\/2024\/01\/122c9ea7-7a41-4c8b-8489-944ad9437365.jpg 1280w\" sizes=\"auto, (max-width: 549px) 100vw, 549px\" \/><\/p>\n<p><span style=\"font-weight: 400;\">\u201cAhora nuestro pa\u00eds es vanguardia en la generaci\u00f3n de energ\u00edas limpias, particularmente por el Plan Sonora de Energ\u00eda Sostenible, que tiene como prop\u00f3sito impulsar la transici\u00f3n energ\u00e9tica y coadyuvar por esa v\u00eda en el combate a la crisis medioambiental, a la crisis clim\u00e1tica\u201d, indic\u00f3.<\/span><\/p>\n<p><img loading=\"lazy\" decoding=\"async\" class=\"alignnone  wp-image-54786\" src=\"https:\/\/elpajaritonews.com\/wp-content\/uploads\/2024\/01\/5decb69e-ded4-4fc5-a7d1-9f35a3bb6f19-300x201.jpg\" alt=\"\" width=\"557\" height=\"373\" srcset=\"https:\/\/elpajaritonews.com\/wp-content\/uploads\/2024\/01\/5decb69e-ded4-4fc5-a7d1-9f35a3bb6f19-300x201.jpg 300w, https:\/\/elpajaritonews.com\/wp-content\/uploads\/2024\/01\/5decb69e-ded4-4fc5-a7d1-9f35a3bb6f19-1024x685.jpg 1024w, https:\/\/elpajaritonews.com\/wp-content\/uploads\/2024\/01\/5decb69e-ded4-4fc5-a7d1-9f35a3bb6f19-768x514.jpg 768w, https:\/\/elpajaritonews.com\/wp-content\/uploads\/2024\/01\/5decb69e-ded4-4fc5-a7d1-9f35a3bb6f19-628x420.jpg 628w, https:\/\/elpajaritonews.com\/wp-content\/uploads\/2024\/01\/5decb69e-ded4-4fc5-a7d1-9f35a3bb6f19-537x360.jpg 537w, https:\/\/elpajaritonews.com\/wp-content\/uploads\/2024\/01\/5decb69e-ded4-4fc5-a7d1-9f35a3bb6f19-640x428.jpg 640w, https:\/\/elpajaritonews.com\/wp-content\/uploads\/2024\/01\/5decb69e-ded4-4fc5-a7d1-9f35a3bb6f19-681x455.jpg 681w, https:\/\/elpajaritonews.com\/wp-content\/uploads\/2024\/01\/5decb69e-ded4-4fc5-a7d1-9f35a3bb6f19.jpg 1280w\" sizes=\"auto, (max-width: 557px) 100vw, 557px\" \/><\/p>\n<p><span style=\"font-weight: 400;\">Alicia B\u00e1rcena Ibarra, secretaria de Relaciones Exteriores, resalt\u00f3 el compromiso del Gobierno de M\u00e9xico con el desarrollo sostenible y la promoci\u00f3n econ\u00f3mica, reconociendo al Plan Sonora de Energ\u00eda Sostenible como una iniciativa con miras hacia un futuro sustentable.<\/span><\/p>\n<p><img loading=\"lazy\" decoding=\"async\" class=\"alignnone  wp-image-54788\" src=\"https:\/\/elpajaritonews.com\/wp-content\/uploads\/2024\/01\/540458d1-1168-49a2-8d8d-b3fb9c50ee5d-300x200.jpg\" alt=\"\" width=\"543\" height=\"362\" srcset=\"https:\/\/elpajaritonews.com\/wp-content\/uploads\/2024\/01\/540458d1-1168-49a2-8d8d-b3fb9c50ee5d-300x200.jpg 300w, https:\/\/elpajaritonews.com\/wp-content\/uploads\/2024\/01\/540458d1-1168-49a2-8d8d-b3fb9c50ee5d-1024x684.jpg 1024w, https:\/\/elpajaritonews.com\/wp-content\/uploads\/2024\/01\/540458d1-1168-49a2-8d8d-b3fb9c50ee5d-768x513.jpg 768w, https:\/\/elpajaritonews.com\/wp-content\/uploads\/2024\/01\/540458d1-1168-49a2-8d8d-b3fb9c50ee5d-629x420.jpg 629w, https:\/\/elpajaritonews.com\/wp-content\/uploads\/2024\/01\/540458d1-1168-49a2-8d8d-b3fb9c50ee5d-640x428.jpg 640w, https:\/\/elpajaritonews.com\/wp-content\/uploads\/2024\/01\/540458d1-1168-49a2-8d8d-b3fb9c50ee5d-681x455.jpg 681w, https:\/\/elpajaritonews.com\/wp-content\/uploads\/2024\/01\/540458d1-1168-49a2-8d8d-b3fb9c50ee5d.jpg 1280w\" sizes=\"auto, (max-width: 543px) 100vw, 543px\" \/><\/p>\n<p>&nbsp;<\/p>\n<p><span style=\"font-weight: 400;\">Francisco Acu\u00f1a M\u00e9ndez, presidente del Consejo para el Desarrollo Sostenible, mencion\u00f3 que existe un gran inter\u00e9s por parte de ecosistemas de proyectos sostenibles por las vertientes que conforman al Plan Sonora, principalmente por la capacitaci\u00f3n que se est\u00e1 dando a cinco mil j\u00f3venes de todos el pa\u00eds en materia de semiconductores, con lo cual se prepara al talento humano acorde a las exigencias de la nueva industria.<\/span><\/p>\n<p>&nbsp;<\/p>\n","protected":false},"excerpt":{"rendered":"<p>El Plan Sonora de Energ\u00eda Sostenible es la punta de lanza del Gobierno de M\u00e9xico en el proceso de transici\u00f3n energ\u00e9tica, donde la entidad es un protagonista en el aprovechamiento de energ\u00edas limpias, destac\u00f3 el gobernador Alfonso Durazo Monta\u00f1o, en el panel Promoci\u00f3n Econ\u00f3mica y Proyectos Prioritarios dentro de la trig\u00e9sima quinta Reuni\u00f3n de Embajadores&#8230;<\/p>\n","protected":false},"author":2,"featured_media":54783,"comment_status":"closed","ping_status":"closed","sticky":false,"template":"","format":"standard","meta":{"_crdt_document":"","_exactmetrics_skip_tracking":false,"_exactmetrics_sitenote_active":false,"_exactmetrics_sitenote_note":"","_exactmetrics_sitenote_category":0,"footnotes":""},"categories":[37,23,24,31,27],"tags":[28,29,30],"class_list":["post-54782","post","type-post","status-publish","format-standard","has-post-thumbnail","hentry","category-medio-ambiente","category-mexico","category-mundo","category-politica","category-sonora","tag-nogales","tag-nogales-la-gran-frontera","tag-sonora-tierra-de-oportunidades"],"_links":{"self":[{"href":"https:\/\/elpajaritonews.com\/index.php?rest_route=\/wp\/v2\/posts\/54782","targetHints":{"allow":["GET"]}}],"collection":[{"href":"https:\/\/elpajaritonews.com\/index.php?rest_route=\/wp\/v2\/posts"}],"about":[{"href":"https:\/\/elpajaritonews.com\/index.php?rest_route=\/wp\/v2\/types\/post"}],"author":[{"embeddable":true,"href":"https:\/\/elpajaritonews.com\/index.php?rest_route=\/wp\/v2\/users\/2"}],"replies":[{"embeddable":true,"href":"https:\/\/elpajaritonews.com\/index.php?rest_route=%2Fwp%2Fv2%2Fcomments&post=54782"}],"version-history":[{"count":1,"href":"https:\/\/elpajaritonews.com\/index.php?rest_route=\/wp\/v2\/posts\/54782\/revisions"}],"predecessor-version":[{"id":54789,"href":"https:\/\/elpajaritonews.com\/index.php?rest_route=\/wp\/v2\/posts\/54782\/revisions\/54789"}],"wp:featuredmedia":[{"embeddable":true,"href":"https:\/\/elpajaritonews.com\/index.php?rest_route=\/wp\/v2\/media\/54783"}],"wp:attachment":[{"href":"https:\/\/elpajaritonews.com\/index.php?rest_route=%2Fwp%2Fv2%2Fmedia&parent=54782"}],"wp:term":[{"taxonomy":"category","embeddable":true,"href":"https:\/\/elpajaritonews.com\/index.php?rest_route=%2Fwp%2Fv2%2Fcategories&post=54782"},{"taxonomy":"post_tag","embeddable":true,"href":"https:\/\/elpajaritonews.com\/index.php?rest_route=%2Fwp%2Fv2%2Ftags&post=54782"}],"curies":[{"name":"wp","href":"https:\/\/api.w.org\/{rel}","templated":true}]}}