{"id":54894,"date":"2024-01-17T21:50:27","date_gmt":"2024-01-17T21:50:27","guid":{"rendered":"https:\/\/elpajaritonews.com\/?p=54894"},"modified":"2024-01-17T21:50:30","modified_gmt":"2024-01-17T21:50:30","slug":"se-registra-manlio-fabio-beltrones-como-precandidato-al-senado-por-el-pri-en-sonora","status":"publish","type":"post","link":"https:\/\/elpajaritonews.com\/?p=54894","title":{"rendered":"SE REGISTRA MANLIO FABIO BELTRONES COMO PRECANDIDATO AL SENADO POR EL PRI EN SONORA"},"content":{"rendered":"<p>Manlio Fabio Beltrones, exgobernador sonorense, se registr\u00f3 como precandidato al Senado de la Rep\u00fablica por el Partido Revolucionario Institucional (PRI) en Sonora.<\/p>\n<p>&nbsp;<\/p>\n<p>Desde las oficinas del Comit\u00e9 Directivo Estatal del PRI en la entidad, ubicadas en Hermosillo, y tras mucha especulaci\u00f3n, el exdiputado, exsenador y antes l\u00edder del partido tricolor hizo oficial su registro para contender por el Senado en las pr\u00f3ximas elecciones federales.<\/p>\n<p><img loading=\"lazy\" decoding=\"async\" class=\"alignnone size-medium wp-image-54896\" src=\"https:\/\/elpajaritonews.com\/wp-content\/uploads\/2024\/01\/GEELT82bYAMasck-300x169.jpg\" alt=\"\" width=\"300\" height=\"169\" srcset=\"https:\/\/elpajaritonews.com\/wp-content\/uploads\/2024\/01\/GEELT82bYAMasck-300x169.jpg 300w, https:\/\/elpajaritonews.com\/wp-content\/uploads\/2024\/01\/GEELT82bYAMasck-640x360.jpg 640w, https:\/\/elpajaritonews.com\/wp-content\/uploads\/2024\/01\/GEELT82bYAMasck.jpg 680w\" sizes=\"auto, (max-width: 300px) 100vw, 300px\" \/><\/p>\n<p>El exgobernador de Sonora asegur\u00f3 que el estado tiene una oportunidad \u00fanica para hacer contrapeso al presidencialismo actual, el cual no avanza y mantiene estancado al Pa\u00eds.<\/p>\n<p>&nbsp;<\/p>\n<p>\u201cHay quienes se podr\u00edan imaginar que no era tan dif\u00edcil el registrarse, pero despu\u00e9s de todos estos requisitos, creo quedo muy claro que su amigo Manlio Fabio Beltrones s\u00ed cumple, y eso es lo que quisiera yo como aspirante comprometerme como aspirante y con la coalici\u00f3n\u201d, expres\u00f3.<\/p>\n<p>&nbsp;<\/p>\n<p>Luego de que el aspirante hiciera entrega de su documentaci\u00f3n para el registro ante el comit\u00e9 del partido y \u00e9sta fuera revisada de forma presencial, su solicitud fue recibida para seguir con el proceso de elecci\u00f3n del candidato al Senado.<\/p>\n<p>&nbsp;<\/p>\n<p>Hasta el momento, de confirmarse todas las precandidaturas, los perfiles que competir\u00edan por un esca\u00f1o en el Senado por Sonora ser\u00edan: Lorenia Valles y Heriberto Aguilar (Morena-PT-PVEM), Ernesto de Lucas y Mar\u00eda Dolores Rosas Almada (Movimiento Ciudadano) y Lilly T\u00e9llez y Manlio Fabio Beltrones (PRI-PAN-PRD).<\/p>\n","protected":false},"excerpt":{"rendered":"<p>Manlio Fabio Beltrones, exgobernador sonorense, se registr\u00f3 como precandidato al Senado de la Rep\u00fablica por el Partido Revolucionario Institucional (PRI) en Sonora. &nbsp; Desde las oficinas del Comit\u00e9 Directivo Estatal del PRI en la entidad, ubicadas en Hermosillo, y tras mucha especulaci\u00f3n, el exdiputado, exsenador y antes l\u00edder del partido tricolor hizo oficial su registro&#8230;<\/p>\n","protected":false},"author":2,"featured_media":54895,"comment_status":"closed","ping_status":"closed","sticky":false,"template":"","format":"standard","meta":{"_crdt_document":"","_exactmetrics_skip_tracking":false,"_exactmetrics_sitenote_active":false,"_exactmetrics_sitenote_note":"","_exactmetrics_sitenote_category":0,"footnotes":""},"categories":[35,31,27],"tags":[28,29,30],"class_list":["post-54894","post","type-post","status-publish","format-standard","has-post-thumbnail","hentry","category-elecciones-2024","category-politica","category-sonora","tag-nogales","tag-nogales-la-gran-frontera","tag-sonora-tierra-de-oportunidades"],"_links":{"self":[{"href":"https:\/\/elpajaritonews.com\/index.php?rest_route=\/wp\/v2\/posts\/54894","targetHints":{"allow":["GET"]}}],"collection":[{"href":"https:\/\/elpajaritonews.com\/index.php?rest_route=\/wp\/v2\/posts"}],"about":[{"href":"https:\/\/elpajaritonews.com\/index.php?rest_route=\/wp\/v2\/types\/post"}],"author":[{"embeddable":true,"href":"https:\/\/elpajaritonews.com\/index.php?rest_route=\/wp\/v2\/users\/2"}],"replies":[{"embeddable":true,"href":"https:\/\/elpajaritonews.com\/index.php?rest_route=%2Fwp%2Fv2%2Fcomments&post=54894"}],"version-history":[{"count":1,"href":"https:\/\/elpajaritonews.com\/index.php?rest_route=\/wp\/v2\/posts\/54894\/revisions"}],"predecessor-version":[{"id":54897,"href":"https:\/\/elpajaritonews.com\/index.php?rest_route=\/wp\/v2\/posts\/54894\/revisions\/54897"}],"wp:featuredmedia":[{"embeddable":true,"href":"https:\/\/elpajaritonews.com\/index.php?rest_route=\/wp\/v2\/media\/54895"}],"wp:attachment":[{"href":"https:\/\/elpajaritonews.com\/index.php?rest_route=%2Fwp%2Fv2%2Fmedia&parent=54894"}],"wp:term":[{"taxonomy":"category","embeddable":true,"href":"https:\/\/elpajaritonews.com\/index.php?rest_route=%2Fwp%2Fv2%2Fcategories&post=54894"},{"taxonomy":"post_tag","embeddable":true,"href":"https:\/\/elpajaritonews.com\/index.php?rest_route=%2Fwp%2Fv2%2Ftags&post=54894"}],"curies":[{"name":"wp","href":"https:\/\/api.w.org\/{rel}","templated":true}]}}