{"id":54898,"date":"2024-01-17T22:06:13","date_gmt":"2024-01-17T22:06:13","guid":{"rendered":"https:\/\/elpajaritonews.com\/?p=54898"},"modified":"2024-01-17T22:06:13","modified_gmt":"2024-01-17T22:06:13","slug":"ernesto-gandara-se-registra-en-pri-como-precandidato-a-diputado-federal-por-el-distrito-5-en-hermosillo","status":"publish","type":"post","link":"https:\/\/elpajaritonews.com\/?p=54898","title":{"rendered":"ERNESTO G\u00c1NDARA SE REGISTRA EN PRI COMO PRECANDIDATO A DIPUTADO FEDERAL POR EL DISTRITO 5 EN HERMOSILLO"},"content":{"rendered":"<p>Ernesto \u2018El Borrego\u2019 G\u00e1ndara realiz\u00f3 su registro en el Partido Revolucionario Institucional (PRI) como precandidato a diputado federal por el distrito 5 en Hermosillo.<\/p>\n<p>&nbsp;<\/p>\n<p>En las oficinas del Comit\u00e9 Directivo Estatal (CDE) del PRI en Sonora, el exalcalde de Hermosillo y antes candidato a la gubernatura estatal en 2021 formaliz\u00f3 su aspiraci\u00f3n para contender por un curul en la pr\u00f3xima legislatura de la C\u00e1mara de Diputados.<\/p>\n<p>&nbsp;<\/p>\n<p>\u201cEspero haber cumplido con todos los requisitos que se me puso en la convocatoria. Tengo tambi\u00e9n, naturalmente muy importante, algo que se me pidi\u00f3 y que es fundamental que es el plan de trabajo para la campa\u00f1a\u201d, dijo.<\/p>\n<p>&nbsp;<\/p>\n<p>\u201cNos vamos a esperar a los tiempos electorales de campa\u00f1a, que todav\u00eda no se dan, pero lo hacemos ya con mucho \u00e1nimo\u201d, agreg\u00f3.<\/p>\n<p>&nbsp;<\/p>\n<p>El aspirante a diputado federal comparti\u00f3 tras su registro que espera que las competencias en todos los niveles sean de altura, con propuestas favorables, que es lo que quiere la gente.<\/p>\n<p>&nbsp;<\/p>\n<p>\u201cHacer a un lado lo que es veneno, el odio, rencor, irnos hacia delante, que es lo que importa aqu\u00ed, y obviamente tener el mejor de los \u00e1nimos, como siempre lo hecho durante toda mi trayectoria, y trabajar con la gente muy de cerca\u201d, extern\u00f3.<\/p>\n<p>&nbsp;<\/p>\n<p>\u2018El Borrego\u2019 advirti\u00f3 que como siempre el \u00fanico riesgo de competir es ganar o perder, por lo que se mantiene con buen \u00e1nimo y planeando como avanzar.<\/p>\n<p>&nbsp;<\/p>\n<p>\u201cPondr\u00e9 al servicio de la gente toda mi experiencia, no solamente legislativa, si no ciudadano, y lograr acuerdos, traer recursos en su momento a Sonora, pero no quisiera adelantarme, tengo que esperar los tiempos, primero en la Comisi\u00f3n y despu\u00e9s ya que inicien las campa\u00f1as\u201d, mencion\u00f3.<\/p>\n<blockquote class=\"twitter-tweet\" data-width=\"550\" data-dnt=\"true\">\n<p lang=\"es\" dir=\"ltr\">Ernesto &#39;El Borrego&#39; G\u00e1ndara realiza su registro en el PRI como precandidato a diputado federal por el distrito 5 en <a href=\"https:\/\/twitter.com\/hashtag\/Hermosillo?src=hash&amp;ref_src=twsrc%5Etfw\">#Hermosillo<\/a>.<\/p>\n<p>El exalcalde y antes candidato a gobernador de <a href=\"https:\/\/twitter.com\/hashtag\/Sonora?src=hash&amp;ref_src=twsrc%5Etfw\">#Sonora<\/a> en 2021 acudi\u00f3 al <a href=\"https:\/\/twitter.com\/CDEPRISonora?ref_src=twsrc%5Etfw\">@CDEPRISonora<\/a> para formalizar su aspiraci\u00f3n a participar en las elecciones\u2026 <a href=\"https:\/\/t.co\/YqYauDUDpp\">pic.twitter.com\/YqYauDUDpp<\/a><\/p>\n<p>&mdash; Luis Alberto Medina (@elalbertomedina) <a href=\"https:\/\/twitter.com\/elalbertomedina\/status\/1747717295206789304?ref_src=twsrc%5Etfw\">January 17, 2024<\/a><\/p><\/blockquote>\n<p><script async src=\"https:\/\/platform.twitter.com\/widgets.js\" charset=\"utf-8\"><\/script><\/p>\n<p>&nbsp;<\/p>\n<blockquote class=\"twitter-tweet\" data-width=\"550\" data-dnt=\"true\">\n<p lang=\"es\" dir=\"ltr\">Me env\u00edan este video de <a href=\"https:\/\/twitter.com\/EGandaraC?ref_src=twsrc%5Etfw\">@EGandaraC<\/a> \ud83d\udc40<\/p>\n<p>Espero se trate de una edici\u00f3n o exceso de cafe\u00edna \ud83d\ude4f\ud83c\udffd <a href=\"https:\/\/t.co\/d48ter1nz3\">pic.twitter.com\/d48ter1nz3<\/a><\/p>\n<p>&mdash; Rodrigo Sotelo (@SoteloRodrigo) <a href=\"https:\/\/twitter.com\/SoteloRodrigo\/status\/1747726938960273739?ref_src=twsrc%5Etfw\">January 17, 2024<\/a><\/p><\/blockquote>\n<p><script async src=\"https:\/\/platform.twitter.com\/widgets.js\" charset=\"utf-8\"><\/script><\/p>\n","protected":false},"excerpt":{"rendered":"<p>Ernesto \u2018El Borrego\u2019 G\u00e1ndara realiz\u00f3 su registro en el Partido Revolucionario Institucional (PRI) como precandidato a diputado federal por el distrito 5 en Hermosillo. &nbsp; En las oficinas del Comit\u00e9 Directivo Estatal (CDE) del PRI en Sonora, el exalcalde de Hermosillo y antes candidato a la gubernatura estatal en 2021 formaliz\u00f3 su aspiraci\u00f3n para contender&#8230;<\/p>\n","protected":false},"author":2,"featured_media":54899,"comment_status":"closed","ping_status":"closed","sticky":false,"template":"","format":"standard","meta":{"_crdt_document":"","_exactmetrics_skip_tracking":false,"_exactmetrics_sitenote_active":false,"_exactmetrics_sitenote_note":"","_exactmetrics_sitenote_category":0,"footnotes":""},"categories":[35,26,31,27],"tags":[28,29,30],"class_list":["post-54898","post","type-post","status-publish","format-standard","has-post-thumbnail","hentry","category-elecciones-2024","category-local","category-politica","category-sonora","tag-nogales","tag-nogales-la-gran-frontera","tag-sonora-tierra-de-oportunidades"],"_links":{"self":[{"href":"https:\/\/elpajaritonews.com\/index.php?rest_route=\/wp\/v2\/posts\/54898","targetHints":{"allow":["GET"]}}],"collection":[{"href":"https:\/\/elpajaritonews.com\/index.php?rest_route=\/wp\/v2\/posts"}],"about":[{"href":"https:\/\/elpajaritonews.com\/index.php?rest_route=\/wp\/v2\/types\/post"}],"author":[{"embeddable":true,"href":"https:\/\/elpajaritonews.com\/index.php?rest_route=\/wp\/v2\/users\/2"}],"replies":[{"embeddable":true,"href":"https:\/\/elpajaritonews.com\/index.php?rest_route=%2Fwp%2Fv2%2Fcomments&post=54898"}],"version-history":[{"count":1,"href":"https:\/\/elpajaritonews.com\/index.php?rest_route=\/wp\/v2\/posts\/54898\/revisions"}],"predecessor-version":[{"id":54900,"href":"https:\/\/elpajaritonews.com\/index.php?rest_route=\/wp\/v2\/posts\/54898\/revisions\/54900"}],"wp:featuredmedia":[{"embeddable":true,"href":"https:\/\/elpajaritonews.com\/index.php?rest_route=\/wp\/v2\/media\/54899"}],"wp:attachment":[{"href":"https:\/\/elpajaritonews.com\/index.php?rest_route=%2Fwp%2Fv2%2Fmedia&parent=54898"}],"wp:term":[{"taxonomy":"category","embeddable":true,"href":"https:\/\/elpajaritonews.com\/index.php?rest_route=%2Fwp%2Fv2%2Fcategories&post=54898"},{"taxonomy":"post_tag","embeddable":true,"href":"https:\/\/elpajaritonews.com\/index.php?rest_route=%2Fwp%2Fv2%2Ftags&post=54898"}],"curies":[{"name":"wp","href":"https:\/\/api.w.org\/{rel}","templated":true}]}}