{"id":54901,"date":"2024-01-17T23:44:28","date_gmt":"2024-01-17T23:44:28","guid":{"rendered":"https:\/\/elpajaritonews.com\/?p=54901"},"modified":"2024-01-17T23:44:28","modified_gmt":"2024-01-17T23:44:28","slug":"el-aprovechamiento-del-litio-en-sonora-impulsa-la-llegada-de-nuevas-inversiones-alfonso-durazo","status":"publish","type":"post","link":"https:\/\/elpajaritonews.com\/?p=54901","title":{"rendered":"EL APROVECHAMIENTO DEL LITIO EN SONORA IMPULSA LA LLEGADA DE NUEVAS INVERSIONES: ALFONSO DURAZO"},"content":{"rendered":"<p>&#8211; El mandatario estatal particip\u00f3 en el foro con la presencia de directivos de empresas internacionales en materiales cr\u00edticos como el litio<\/p>\n<p>&nbsp;<\/p>\n<p>Una de las vertientes del Plan Sonora de Energ\u00eda Sostenible es el aprovechamiento del litio al ser uno de los elementos cr\u00edticos para el proceso de transici\u00f3n energ\u00e9tica, con lo cual la entidad estar\u00e1 a la altura de los requerimientos y la atracci\u00f3n de las grandes industrias mundiales, asever\u00f3 el gobernador Alfonso Durazo Monta\u00f1o, durante su participaci\u00f3n en el Foro Econ\u00f3mico Mundial en Davos.<\/p>\n<p>&nbsp;<\/p>\n<p>El mandatario estatal mencion\u00f3 que, al haber una interacci\u00f3n con panelistas del m\u00e1s alto nivel, se atrae el inter\u00e9s por instalarse en la entidad por parte de directivos de empresas fabricantes de bater\u00edas, empresas relacionadas con reciclaje, y el financiamiento para la exploraci\u00f3n y el desarrollo tecnol\u00f3gico de materiales cr\u00edticos.<\/p>\n<p>&nbsp;<\/p>\n<p>\u201cTodo est\u00e1 relacionado con el Plan Sonora de Energ\u00eda Sostenible, una de cuyas vertientes es precisamente el aprovechamiento del litio, que es uno de los materiales cr\u00edticos a nivel mundial para impulsar la transici\u00f3n\u00a0 energ\u00e9tica\u00a0 y conseguir que en las fechas propuestas por diversos pa\u00edses, 2030, 2035, 2050, no haya un solo veh\u00edculo de combusti\u00f3n interna en el mundo\u201d, indic\u00f3.<\/p>\n<p>&nbsp;<\/p>\n<p>El gobernador Durazo Monta\u00f1o subray\u00f3 que el cobre es un material cr\u00edtico en la industria de la electromovilidad, ya que un veh\u00edculo de combusti\u00f3n interna consume 25 kilogramos de este mineral y uno electro entre 80 y 100 kilogramos, por lo cual Sonora tomar\u00e1 una posici\u00f3n de gran relevancia al ser uno de los principales productores a nivel mundial.<\/p>\n<p>&nbsp;<\/p>\n<blockquote class=\"twitter-tweet\" data-width=\"550\" data-dnt=\"true\">\n<p lang=\"es\" dir=\"ltr\">&quot;En el marco de Foro Econ\u00f3mico Mundial hemos podido escuchar a expertos en desarrollo social y urbano. Son perspectivas innovadoras que nos brindan alternativas para construir m\u00e1s oportunidades y bienestar para las y los sonorenses&quot;: <a href=\"https:\/\/twitter.com\/AlfonsoDurazo?ref_src=twsrc%5Etfw\">@AlfonsoDurazo<\/a> <a href=\"https:\/\/t.co\/ulXBcBJUDU\">pic.twitter.com\/ulXBcBJUDU<\/a><\/p>\n<p>&mdash; Vinicio Sanchez (@viniciosanchez) <a href=\"https:\/\/twitter.com\/viniciosanchez\/status\/1747748907688300551?ref_src=twsrc%5Etfw\">January 17, 2024<\/a><\/p><\/blockquote>\n<p><script async src=\"https:\/\/platform.twitter.com\/widgets.js\" charset=\"utf-8\"><\/script><\/p>\n","protected":false},"excerpt":{"rendered":"<p>&#8211; El mandatario estatal particip\u00f3 en el foro con la presencia de directivos de empresas internacionales en materiales cr\u00edticos como el litio &nbsp; Una de las vertientes del Plan Sonora de Energ\u00eda Sostenible es el aprovechamiento del litio al ser uno de los elementos cr\u00edticos para el proceso de transici\u00f3n energ\u00e9tica, con lo cual la&#8230;<\/p>\n","protected":false},"author":2,"featured_media":54902,"comment_status":"closed","ping_status":"closed","sticky":false,"template":"","format":"standard","meta":{"_crdt_document":"","_exactmetrics_skip_tracking":false,"_exactmetrics_sitenote_active":false,"_exactmetrics_sitenote_note":"","_exactmetrics_sitenote_category":0,"footnotes":""},"categories":[36,26,23,31,27],"tags":[28,29,30],"class_list":["post-54901","post","type-post","status-publish","format-standard","has-post-thumbnail","hentry","category-economia","category-local","category-mexico","category-politica","category-sonora","tag-nogales","tag-nogales-la-gran-frontera","tag-sonora-tierra-de-oportunidades"],"_links":{"self":[{"href":"https:\/\/elpajaritonews.com\/index.php?rest_route=\/wp\/v2\/posts\/54901","targetHints":{"allow":["GET"]}}],"collection":[{"href":"https:\/\/elpajaritonews.com\/index.php?rest_route=\/wp\/v2\/posts"}],"about":[{"href":"https:\/\/elpajaritonews.com\/index.php?rest_route=\/wp\/v2\/types\/post"}],"author":[{"embeddable":true,"href":"https:\/\/elpajaritonews.com\/index.php?rest_route=\/wp\/v2\/users\/2"}],"replies":[{"embeddable":true,"href":"https:\/\/elpajaritonews.com\/index.php?rest_route=%2Fwp%2Fv2%2Fcomments&post=54901"}],"version-history":[{"count":1,"href":"https:\/\/elpajaritonews.com\/index.php?rest_route=\/wp\/v2\/posts\/54901\/revisions"}],"predecessor-version":[{"id":54903,"href":"https:\/\/elpajaritonews.com\/index.php?rest_route=\/wp\/v2\/posts\/54901\/revisions\/54903"}],"wp:featuredmedia":[{"embeddable":true,"href":"https:\/\/elpajaritonews.com\/index.php?rest_route=\/wp\/v2\/media\/54902"}],"wp:attachment":[{"href":"https:\/\/elpajaritonews.com\/index.php?rest_route=%2Fwp%2Fv2%2Fmedia&parent=54901"}],"wp:term":[{"taxonomy":"category","embeddable":true,"href":"https:\/\/elpajaritonews.com\/index.php?rest_route=%2Fwp%2Fv2%2Fcategories&post=54901"},{"taxonomy":"post_tag","embeddable":true,"href":"https:\/\/elpajaritonews.com\/index.php?rest_route=%2Fwp%2Fv2%2Ftags&post=54901"}],"curies":[{"name":"wp","href":"https:\/\/api.w.org\/{rel}","templated":true}]}}