{"id":54907,"date":"2024-01-19T00:55:03","date_gmt":"2024-01-19T00:55:03","guid":{"rendered":"https:\/\/elpajaritonews.com\/?p=54907"},"modified":"2024-01-19T00:55:03","modified_gmt":"2024-01-19T00:55:03","slug":"plan-sonora-nos-acerca-a-centros-financieros-globales-para-el-beneficio-de-nuestro-estado-alfonso-durazo","status":"publish","type":"post","link":"https:\/\/elpajaritonews.com\/?p=54907","title":{"rendered":"PLAN SONORA NOS ACERCA A CENTROS FINANCIEROS GLOBALES PARA EL BENEFICIO DE NUESTRO ESTADO: ALFONSO DURAZO"},"content":{"rendered":"<p>La presentaci\u00f3n del Plan Sonora de Energ\u00eda Sostenible en el Foro Econ\u00f3mico Mundial 2024, celebrado en Davos (Suiza), abre la posibilidad de acercar la entidad a los centros financieros globales y permitir la llegada de grandes inversiones, resalt\u00f3 el gobernador Alfonso Durazo Monta\u00f1o.<\/p>\n<p><img loading=\"lazy\" decoding=\"async\" class=\"alignnone  wp-image-54909\" src=\"https:\/\/elpajaritonews.com\/wp-content\/uploads\/2024\/01\/6e55d38f-d13d-46f6-9c40-7af429a74c2a-300x169.jpg\" alt=\"\" width=\"501\" height=\"282\" srcset=\"https:\/\/elpajaritonews.com\/wp-content\/uploads\/2024\/01\/6e55d38f-d13d-46f6-9c40-7af429a74c2a-300x169.jpg 300w, https:\/\/elpajaritonews.com\/wp-content\/uploads\/2024\/01\/6e55d38f-d13d-46f6-9c40-7af429a74c2a-768x432.jpg 768w, https:\/\/elpajaritonews.com\/wp-content\/uploads\/2024\/01\/6e55d38f-d13d-46f6-9c40-7af429a74c2a-747x420.jpg 747w, https:\/\/elpajaritonews.com\/wp-content\/uploads\/2024\/01\/6e55d38f-d13d-46f6-9c40-7af429a74c2a-640x360.jpg 640w, https:\/\/elpajaritonews.com\/wp-content\/uploads\/2024\/01\/6e55d38f-d13d-46f6-9c40-7af429a74c2a-681x383.jpg 681w, https:\/\/elpajaritonews.com\/wp-content\/uploads\/2024\/01\/6e55d38f-d13d-46f6-9c40-7af429a74c2a-1021x576.jpg 1021w, https:\/\/elpajaritonews.com\/wp-content\/uploads\/2024\/01\/6e55d38f-d13d-46f6-9c40-7af429a74c2a.jpg 1024w\" sizes=\"auto, (max-width: 501px) 100vw, 501px\" \/><\/p>\n<p>El titular del Ejecutivo estatal mencion\u00f3 que el Plan Sonora representa el proyecto integral de transici\u00f3n energ\u00e9tica m\u00e1s importante de M\u00e9xico, siendo una de las iniciativas que mayor reconocimiento mundial recibi\u00f3 de parte de directivos de organismos internacionales y analistas.<\/p>\n<p><img loading=\"lazy\" decoding=\"async\" class=\"alignnone  wp-image-54910\" src=\"https:\/\/elpajaritonews.com\/wp-content\/uploads\/2024\/01\/c09fb677-d9dd-4a8e-aabc-cd11a008ae69-300x225.jpg\" alt=\"\" width=\"497\" height=\"373\" srcset=\"https:\/\/elpajaritonews.com\/wp-content\/uploads\/2024\/01\/c09fb677-d9dd-4a8e-aabc-cd11a008ae69-300x225.jpg 300w, https:\/\/elpajaritonews.com\/wp-content\/uploads\/2024\/01\/c09fb677-d9dd-4a8e-aabc-cd11a008ae69-1024x768.jpg 1024w, https:\/\/elpajaritonews.com\/wp-content\/uploads\/2024\/01\/c09fb677-d9dd-4a8e-aabc-cd11a008ae69-768x576.jpg 768w, https:\/\/elpajaritonews.com\/wp-content\/uploads\/2024\/01\/c09fb677-d9dd-4a8e-aabc-cd11a008ae69-560x420.jpg 560w, https:\/\/elpajaritonews.com\/wp-content\/uploads\/2024\/01\/c09fb677-d9dd-4a8e-aabc-cd11a008ae69-80x60.jpg 80w, https:\/\/elpajaritonews.com\/wp-content\/uploads\/2024\/01\/c09fb677-d9dd-4a8e-aabc-cd11a008ae69-100x75.jpg 100w, https:\/\/elpajaritonews.com\/wp-content\/uploads\/2024\/01\/c09fb677-d9dd-4a8e-aabc-cd11a008ae69-180x135.jpg 180w, https:\/\/elpajaritonews.com\/wp-content\/uploads\/2024\/01\/c09fb677-d9dd-4a8e-aabc-cd11a008ae69-238x178.jpg 238w, https:\/\/elpajaritonews.com\/wp-content\/uploads\/2024\/01\/c09fb677-d9dd-4a8e-aabc-cd11a008ae69-640x480.jpg 640w, https:\/\/elpajaritonews.com\/wp-content\/uploads\/2024\/01\/c09fb677-d9dd-4a8e-aabc-cd11a008ae69-681x511.jpg 681w, https:\/\/elpajaritonews.com\/wp-content\/uploads\/2024\/01\/c09fb677-d9dd-4a8e-aabc-cd11a008ae69.jpg 1280w\" sizes=\"auto, (max-width: 497px) 100vw, 497px\" \/><\/p>\n<p>\u201cConcluimos ya las actividades, realmente vali\u00f3 la pena. El estado de Sonora debe de tener presencia invariable en este foro porque aqu\u00ed se construyen muchas posibilidades de negocios. Ha sido una gran experiencia y estoy seguro que ser\u00e1 de gran utilidad para el estado en t\u00e9rminos de inversiones, son procesos largos, hay que darle seguimiento y les estaremos informando\u201d, expres\u00f3.<\/p>\n<div style=\"width: 640px;\" class=\"wp-video\"><video class=\"wp-video-shortcode\" id=\"video-54907-1\" width=\"640\" height=\"1131\" preload=\"metadata\" controls=\"controls\"><source type=\"video\/mp4\" src=\"https:\/\/elpajaritonews.com\/wp-content\/uploads\/2024\/01\/4QE5hswefTr4JAUT.mp4?_=1\" \/><a href=\"https:\/\/elpajaritonews.com\/wp-content\/uploads\/2024\/01\/4QE5hswefTr4JAUT.mp4\">https:\/\/elpajaritonews.com\/wp-content\/uploads\/2024\/01\/4QE5hswefTr4JAUT.mp4<\/a><\/video><\/div>\n<p>El gobernador Durazo Monta\u00f1o mencion\u00f3 que Sonora est\u00e1 viviendo un momento estelar, ya que en este tipo de foros internacionales es donde se discute con inversionistas las rutas para acercar a la entidad a centros financieros y de innovaci\u00f3n en beneficio de sus comunidades.<\/p>\n<p>&nbsp;<\/p>\n<p>En su intervenci\u00f3n destac\u00f3 la calidad del talento sonorense y mexicano, por lo cual\u00a0 recibi\u00f3 el inter\u00e9s internacional por sumarse al Plan Sonora, especialmente en el tema de vinculaci\u00f3n del sector de los semiconductores.<\/p>\n<p>&nbsp;<\/p>\n<blockquote class=\"twitter-tweet\" data-width=\"550\" data-dnt=\"true\">\n<p lang=\"es\" dir=\"ltr\">Estamos cerrando nuestra participaci\u00f3n en el Foro Econ\u00f3mico Mundial con excelentes noticias.<\/p>\n<p>He platicado con Eugene Mayne, CEO de Tristar, sobre los trabajos que estamos realizando en Sonora. Pronto estaremos actualiz\u00e1ndoles sobre los proyectos en los que colaboraremos juntos. <a href=\"https:\/\/t.co\/WWRn4bWVu3\">pic.twitter.com\/WWRn4bWVu3<\/a><\/p>\n<p>&mdash; Alfonso Durazo (@AlfonsoDurazo) <a href=\"https:\/\/twitter.com\/AlfonsoDurazo\/status\/1748135865136582946?ref_src=twsrc%5Etfw\">January 19, 2024<\/a><\/p><\/blockquote>\n<p><script async src=\"https:\/\/platform.twitter.com\/widgets.js\" charset=\"utf-8\"><\/script><\/p>\n<p>&nbsp;<\/p>\n","protected":false},"excerpt":{"rendered":"<p>La presentaci\u00f3n del Plan Sonora de Energ\u00eda Sostenible en el Foro Econ\u00f3mico Mundial 2024, celebrado en Davos (Suiza), abre la posibilidad de acercar la entidad a los centros financieros globales y permitir la llegada de grandes inversiones, resalt\u00f3 el gobernador Alfonso Durazo Monta\u00f1o. El titular del Ejecutivo estatal mencion\u00f3 que el Plan Sonora representa el&#8230;<\/p>\n","protected":false},"author":2,"featured_media":54908,"comment_status":"closed","ping_status":"closed","sticky":false,"template":"","format":"standard","meta":{"_crdt_document":"","_exactmetrics_skip_tracking":false,"_exactmetrics_sitenote_active":false,"_exactmetrics_sitenote_note":"","_exactmetrics_sitenote_category":0,"footnotes":""},"categories":[36,37,23,24,31,27],"tags":[28,29,30],"class_list":["post-54907","post","type-post","status-publish","format-standard","has-post-thumbnail","hentry","category-economia","category-medio-ambiente","category-mexico","category-mundo","category-politica","category-sonora","tag-nogales","tag-nogales-la-gran-frontera","tag-sonora-tierra-de-oportunidades"],"_links":{"self":[{"href":"https:\/\/elpajaritonews.com\/index.php?rest_route=\/wp\/v2\/posts\/54907","targetHints":{"allow":["GET"]}}],"collection":[{"href":"https:\/\/elpajaritonews.com\/index.php?rest_route=\/wp\/v2\/posts"}],"about":[{"href":"https:\/\/elpajaritonews.com\/index.php?rest_route=\/wp\/v2\/types\/post"}],"author":[{"embeddable":true,"href":"https:\/\/elpajaritonews.com\/index.php?rest_route=\/wp\/v2\/users\/2"}],"replies":[{"embeddable":true,"href":"https:\/\/elpajaritonews.com\/index.php?rest_route=%2Fwp%2Fv2%2Fcomments&post=54907"}],"version-history":[{"count":1,"href":"https:\/\/elpajaritonews.com\/index.php?rest_route=\/wp\/v2\/posts\/54907\/revisions"}],"predecessor-version":[{"id":54912,"href":"https:\/\/elpajaritonews.com\/index.php?rest_route=\/wp\/v2\/posts\/54907\/revisions\/54912"}],"wp:featuredmedia":[{"embeddable":true,"href":"https:\/\/elpajaritonews.com\/index.php?rest_route=\/wp\/v2\/media\/54908"}],"wp:attachment":[{"href":"https:\/\/elpajaritonews.com\/index.php?rest_route=%2Fwp%2Fv2%2Fmedia&parent=54907"}],"wp:term":[{"taxonomy":"category","embeddable":true,"href":"https:\/\/elpajaritonews.com\/index.php?rest_route=%2Fwp%2Fv2%2Fcategories&post=54907"},{"taxonomy":"post_tag","embeddable":true,"href":"https:\/\/elpajaritonews.com\/index.php?rest_route=%2Fwp%2Fv2%2Ftags&post=54907"}],"curies":[{"name":"wp","href":"https:\/\/api.w.org\/{rel}","templated":true}]}}