{"id":54987,"date":"2024-01-22T22:06:00","date_gmt":"2024-01-22T22:06:00","guid":{"rendered":"https:\/\/elpajaritonews.com\/?p=54987"},"modified":"2024-01-22T22:06:00","modified_gmt":"2024-01-22T22:06:00","slug":"claudia-sera-presidenta-de-mexico-ramon-flores","status":"publish","type":"post","link":"https:\/\/elpajaritonews.com\/?p=54987","title":{"rendered":"CLAUDIA SER\u00c1 PRESIDENTA DE M\u00c9XICO: RAM\u00d3N FLORES"},"content":{"rendered":"<p>La candidata presidencial de la alianza \u00abSigamos Haciendo Historia\u00bb Claudia Sheinbaum, ser\u00e1 nuestra pr\u00f3xima presidenta de nuestro M\u00e9xico, afirma el l\u00edder del Partido del Trabajo (PT) Ram\u00f3n Flores, al resaltar que es la \u00fanica que garantiza que el pa\u00eds contin\u00fae creciendo y acabando con la desigualdad a la que nos ten\u00edan asumido los conservadores del PRI y del PAN.<\/p>\n<p><img loading=\"lazy\" decoding=\"async\" class=\"alignnone  wp-image-54989\" src=\"https:\/\/elpajaritonews.com\/wp-content\/uploads\/2024\/01\/734f3df1-b739-4d6b-ab9c-8f5980548fe5-300x200.jpg\" alt=\"\" width=\"498\" height=\"332\" srcset=\"https:\/\/elpajaritonews.com\/wp-content\/uploads\/2024\/01\/734f3df1-b739-4d6b-ab9c-8f5980548fe5-300x200.jpg 300w, https:\/\/elpajaritonews.com\/wp-content\/uploads\/2024\/01\/734f3df1-b739-4d6b-ab9c-8f5980548fe5-1024x682.jpg 1024w, https:\/\/elpajaritonews.com\/wp-content\/uploads\/2024\/01\/734f3df1-b739-4d6b-ab9c-8f5980548fe5-768x512.jpg 768w, https:\/\/elpajaritonews.com\/wp-content\/uploads\/2024\/01\/734f3df1-b739-4d6b-ab9c-8f5980548fe5-630x420.jpg 630w, https:\/\/elpajaritonews.com\/wp-content\/uploads\/2024\/01\/734f3df1-b739-4d6b-ab9c-8f5980548fe5-640x427.jpg 640w, https:\/\/elpajaritonews.com\/wp-content\/uploads\/2024\/01\/734f3df1-b739-4d6b-ab9c-8f5980548fe5-681x454.jpg 681w, https:\/\/elpajaritonews.com\/wp-content\/uploads\/2024\/01\/734f3df1-b739-4d6b-ab9c-8f5980548fe5.jpg 1280w\" sizes=\"auto, (max-width: 498px) 100vw, 498px\" \/><\/p>\n<p>Durante su gira de trabajo en el municipio de Yecora, el Comisionado estatal del PT, se reuni\u00f3 con l\u00edderes municipales a quienes exhorto a seguir trabajando de lado de la gente, promoviendo los avances y seguridad social que les ha brindado el Presidente Andr\u00e9s Manuel L\u00f3pez Obrador.<\/p>\n<p><img loading=\"lazy\" decoding=\"async\" class=\"alignnone  wp-image-54990\" src=\"https:\/\/elpajaritonews.com\/wp-content\/uploads\/2024\/01\/30ddfeac-5262-4971-bf2c-d4808c7edf15-300x200.jpg\" alt=\"\" width=\"506\" height=\"337\" srcset=\"https:\/\/elpajaritonews.com\/wp-content\/uploads\/2024\/01\/30ddfeac-5262-4971-bf2c-d4808c7edf15-300x200.jpg 300w, https:\/\/elpajaritonews.com\/wp-content\/uploads\/2024\/01\/30ddfeac-5262-4971-bf2c-d4808c7edf15-1024x682.jpg 1024w, https:\/\/elpajaritonews.com\/wp-content\/uploads\/2024\/01\/30ddfeac-5262-4971-bf2c-d4808c7edf15-768x512.jpg 768w, https:\/\/elpajaritonews.com\/wp-content\/uploads\/2024\/01\/30ddfeac-5262-4971-bf2c-d4808c7edf15-630x420.jpg 630w, https:\/\/elpajaritonews.com\/wp-content\/uploads\/2024\/01\/30ddfeac-5262-4971-bf2c-d4808c7edf15-640x427.jpg 640w, https:\/\/elpajaritonews.com\/wp-content\/uploads\/2024\/01\/30ddfeac-5262-4971-bf2c-d4808c7edf15-681x454.jpg 681w, https:\/\/elpajaritonews.com\/wp-content\/uploads\/2024\/01\/30ddfeac-5262-4971-bf2c-d4808c7edf15.jpg 1280w\" sizes=\"auto, (max-width: 506px) 100vw, 506px\" \/><\/p>\n<p>\u00abLas elecciones pr\u00f3ximas no ser\u00e1n f\u00e1ciles, ya que nos enfrentaremos a la mentira que est\u00e1n tratando de promover los priistas y panistas, es por ello que la gente se merece saber la verdad de la Cuarta Transformaci\u00f3n, que el \u00fanico objetivo es acabar con la desigualdad y la corrupci\u00f3n, que tanto da\u00f1o a generado a nuestro pa\u00eds\u00bb, puntualiz\u00f3.<\/p>\n<p>Por \u00faltimo, adelant\u00f3 que ese partido impulsar\u00e1 cuadros preparados para realizar un excelente trabajo desde las diferentes trincheras p\u00fablicas, es por ello que se encuentra reuni\u00e9ndose con militantes y simpatizantes, ya que ser\u00e1n ellos los que digan quienes deben ser nuestros pr\u00f3ximo candidatos.<\/p>\n<p><img loading=\"lazy\" decoding=\"async\" class=\"alignnone  wp-image-54991\" src=\"https:\/\/elpajaritonews.com\/wp-content\/uploads\/2024\/01\/db68f41c-7c8a-401a-ab3f-03e6af906b9f-300x200.jpg\" alt=\"\" width=\"491\" height=\"327\" srcset=\"https:\/\/elpajaritonews.com\/wp-content\/uploads\/2024\/01\/db68f41c-7c8a-401a-ab3f-03e6af906b9f-300x200.jpg 300w, https:\/\/elpajaritonews.com\/wp-content\/uploads\/2024\/01\/db68f41c-7c8a-401a-ab3f-03e6af906b9f-1024x682.jpg 1024w, https:\/\/elpajaritonews.com\/wp-content\/uploads\/2024\/01\/db68f41c-7c8a-401a-ab3f-03e6af906b9f-768x512.jpg 768w, https:\/\/elpajaritonews.com\/wp-content\/uploads\/2024\/01\/db68f41c-7c8a-401a-ab3f-03e6af906b9f-630x420.jpg 630w, https:\/\/elpajaritonews.com\/wp-content\/uploads\/2024\/01\/db68f41c-7c8a-401a-ab3f-03e6af906b9f-640x427.jpg 640w, https:\/\/elpajaritonews.com\/wp-content\/uploads\/2024\/01\/db68f41c-7c8a-401a-ab3f-03e6af906b9f-681x454.jpg 681w, https:\/\/elpajaritonews.com\/wp-content\/uploads\/2024\/01\/db68f41c-7c8a-401a-ab3f-03e6af906b9f.jpg 1280w\" sizes=\"auto, (max-width: 491px) 100vw, 491px\" \/><\/p>\n<p>Ram\u00f3n Flores, encabez\u00f3 encuentro en los municipios de B\u00e1cum, Cajeme y Y\u00e9cora, en las que estuvo acompa\u00f1ado de los dirigentes de partido y de organismos, Karina Morales, Dulce Dom\u00ednguez, Rodrigo V\u00e1zquez, Fausto Flores y de Mar\u00eda Dolores Castro Presidenta de COFORUM de Cajeme en Pueblo Yaqui.<\/p>\n","protected":false},"excerpt":{"rendered":"<p>La candidata presidencial de la alianza \u00abSigamos Haciendo Historia\u00bb Claudia Sheinbaum, ser\u00e1 nuestra pr\u00f3xima presidenta de nuestro M\u00e9xico, afirma el l\u00edder del Partido del Trabajo (PT) Ram\u00f3n Flores, al resaltar que es la \u00fanica que garantiza que el pa\u00eds contin\u00fae creciendo y acabando con la desigualdad a la que nos ten\u00edan asumido los conservadores del&#8230;<\/p>\n","protected":false},"author":2,"featured_media":54988,"comment_status":"closed","ping_status":"closed","sticky":false,"template":"","format":"standard","meta":{"_crdt_document":"","_exactmetrics_skip_tracking":false,"_exactmetrics_sitenote_active":false,"_exactmetrics_sitenote_note":"","_exactmetrics_sitenote_category":0,"footnotes":""},"categories":[35,31,27],"tags":[28,29,30],"class_list":["post-54987","post","type-post","status-publish","format-standard","has-post-thumbnail","hentry","category-elecciones-2024","category-politica","category-sonora","tag-nogales","tag-nogales-la-gran-frontera","tag-sonora-tierra-de-oportunidades"],"_links":{"self":[{"href":"https:\/\/elpajaritonews.com\/index.php?rest_route=\/wp\/v2\/posts\/54987","targetHints":{"allow":["GET"]}}],"collection":[{"href":"https:\/\/elpajaritonews.com\/index.php?rest_route=\/wp\/v2\/posts"}],"about":[{"href":"https:\/\/elpajaritonews.com\/index.php?rest_route=\/wp\/v2\/types\/post"}],"author":[{"embeddable":true,"href":"https:\/\/elpajaritonews.com\/index.php?rest_route=\/wp\/v2\/users\/2"}],"replies":[{"embeddable":true,"href":"https:\/\/elpajaritonews.com\/index.php?rest_route=%2Fwp%2Fv2%2Fcomments&post=54987"}],"version-history":[{"count":1,"href":"https:\/\/elpajaritonews.com\/index.php?rest_route=\/wp\/v2\/posts\/54987\/revisions"}],"predecessor-version":[{"id":54992,"href":"https:\/\/elpajaritonews.com\/index.php?rest_route=\/wp\/v2\/posts\/54987\/revisions\/54992"}],"wp:featuredmedia":[{"embeddable":true,"href":"https:\/\/elpajaritonews.com\/index.php?rest_route=\/wp\/v2\/media\/54988"}],"wp:attachment":[{"href":"https:\/\/elpajaritonews.com\/index.php?rest_route=%2Fwp%2Fv2%2Fmedia&parent=54987"}],"wp:term":[{"taxonomy":"category","embeddable":true,"href":"https:\/\/elpajaritonews.com\/index.php?rest_route=%2Fwp%2Fv2%2Fcategories&post=54987"},{"taxonomy":"post_tag","embeddable":true,"href":"https:\/\/elpajaritonews.com\/index.php?rest_route=%2Fwp%2Fv2%2Ftags&post=54987"}],"curies":[{"name":"wp","href":"https:\/\/api.w.org\/{rel}","templated":true}]}}