{"id":54993,"date":"2024-01-22T22:29:06","date_gmt":"2024-01-22T22:29:06","guid":{"rendered":"https:\/\/elpajaritonews.com\/?p=54993"},"modified":"2024-01-22T22:29:06","modified_gmt":"2024-01-22T22:29:06","slug":"inician-paro-choferes-de-aplicaciones-en-sonora-uber-didi-e-indrive","status":"publish","type":"post","link":"https:\/\/elpajaritonews.com\/?p=54993","title":{"rendered":"INICIAN PARO CHOFERES DE APLICACIONES EN SONORA (UBER, DIDI E INDRIVE)"},"content":{"rendered":"<p>Alejandro Matty Ortega\/Irreverente Noticias<\/p>\n<p>&nbsp;<\/p>\n<p>Hermosillo, Sonora (IN).- Desde las 6 de la ma\u00f1ana, choferes de aplicaciones digitales iniciaron con el paro de servicio en Sonora.<\/p>\n<p>&nbsp;<\/p>\n<p>Los operadores de Uber, Didi e InDrive iniciaron la medida de presi\u00f3n para que las plataformas les regresen la tarifa de 60 pesos cada 5 kil\u00f3metros.<\/p>\n<p>&nbsp;<\/p>\n<p>Reclaman que desde hace una semana, las compa\u00f1\u00edas de servicios digitales de transporte particular les redujeron la tarifa a 20 pesos.<\/p>\n<p>&nbsp;<\/p>\n<p>En entrevista para este medio binacional IRREVERENTE NOTICIAS, el conductor Alejandro Ch\u00e1vez anunci\u00f3 que la medida de inconformidad se da contra la reducci\u00f3n dr\u00e1stica de tarifas en el servicio a nivel nacional.<\/p>\n<p>&nbsp;<\/p>\n<p>El operador de aplicaci\u00f3n digital calific\u00f3 de \u00abinjusta la reducci\u00f3n de tarifas que golpea sensiblemente nuestros ingresos\u00bb.<\/p>\n<p>&nbsp;<\/p>\n<p>Agreg\u00f3 que \u00abla reducci\u00f3n de tarifas de 60 a 20 pesos por cada 5 kil\u00f3metros, es el principal motivo que nos lleva a este extremo de una desconexi\u00f3n masiva de todas las plataformas digitales como Didi, Uber e In Drive en Hermosillo, Sonora\u00bb.<\/p>\n<p>&nbsp;<\/p>\n<p>A trav\u00e9s de este medio binacional convoc\u00f3 \u00aba todas y todos los choferes de aplicaciones a sumarse a este paro de labores virtual y f\u00edsico.<\/p>\n<p>&nbsp;<\/p>\n<p>Apunt\u00f3 que \u00absuspenderemos el servicio de aplicaciones el lunes de 6 de la ma\u00f1ana a 2 de la tarde\u00bb.<\/p>\n<p>&nbsp;<\/p>\n<p>Describi\u00f3 que \u00abestamos convocando a una manifestaci\u00f3n con pancartas en el estacionamiento del estadio &#8216;H\u00e9ctor Espino&#8217; donde expresaremos nuestra inconformidad\u00bb.<\/p>\n<p>&nbsp;<\/p>\n<p>Destac\u00f3 que \u00abla reducci\u00f3n dr\u00e1stica de la tarifa nos afecta porque no nos cubre los gastos de gasolina, tiempo, ni el desgaste del veh\u00edculo, no es redituable\u00bb.<\/p>\n<p>&nbsp;<\/p>\n<p>Dijo que \u00abel llamado ya se hizo igualmente en Culiac\u00e1n, Sinaloa y en otros municipios de Sonora\u00bb.<\/p>\n<p>&nbsp;<\/p>\n<p>Expres\u00f3 que \u00abesta es una primera medida de presi\u00f3n para que se restablezcan las tarifas que etan justas tanto para nosotros como para los usuarios del servicio de nuestras aplicaciones digitales\u00bb.<\/p>\n<p>&nbsp;<\/p>\n<p>Llam\u00f3 a la comprensi\u00f3n de quienes por escuela o trabajo utilizan estos servicios en Hermosillo.<\/p>\n<p>&nbsp;<\/p>\n<p>Aclar\u00f3 que \u00abno buscamos perjudicar a nadie, solamente que se nos regresen las tarifas justas para los usuarios y nuestras familias\u00bb.<\/p>\n<p>&nbsp;<\/p>\n<p>Resalt\u00f3 que la suspensi\u00f3n del servicio a trav\u00e9s de la desconexi\u00f3n masiva, ser\u00e1 la primera de varias acciones a tomar en Sonora.<\/p>\n","protected":false},"excerpt":{"rendered":"<p>Alejandro Matty Ortega\/Irreverente Noticias &nbsp; Hermosillo, Sonora (IN).- Desde las 6 de la ma\u00f1ana, choferes de aplicaciones digitales iniciaron con el paro de servicio en Sonora. &nbsp; Los operadores de Uber, Didi e InDrive iniciaron la medida de presi\u00f3n para que las plataformas les regresen la tarifa de 60 pesos cada 5 kil\u00f3metros. &nbsp; Reclaman&#8230;<\/p>\n","protected":false},"author":2,"featured_media":54994,"comment_status":"closed","ping_status":"closed","sticky":false,"template":"","format":"standard","meta":{"_crdt_document":"","_exactmetrics_skip_tracking":false,"_exactmetrics_sitenote_active":false,"_exactmetrics_sitenote_note":"","_exactmetrics_sitenote_category":0,"footnotes":""},"categories":[36,26,23,1,27],"tags":[28,29,30],"class_list":["post-54993","post","type-post","status-publish","format-standard","has-post-thumbnail","hentry","category-economia","category-local","category-mexico","category-seguridad","category-sonora","tag-nogales","tag-nogales-la-gran-frontera","tag-sonora-tierra-de-oportunidades"],"_links":{"self":[{"href":"https:\/\/elpajaritonews.com\/index.php?rest_route=\/wp\/v2\/posts\/54993","targetHints":{"allow":["GET"]}}],"collection":[{"href":"https:\/\/elpajaritonews.com\/index.php?rest_route=\/wp\/v2\/posts"}],"about":[{"href":"https:\/\/elpajaritonews.com\/index.php?rest_route=\/wp\/v2\/types\/post"}],"author":[{"embeddable":true,"href":"https:\/\/elpajaritonews.com\/index.php?rest_route=\/wp\/v2\/users\/2"}],"replies":[{"embeddable":true,"href":"https:\/\/elpajaritonews.com\/index.php?rest_route=%2Fwp%2Fv2%2Fcomments&post=54993"}],"version-history":[{"count":1,"href":"https:\/\/elpajaritonews.com\/index.php?rest_route=\/wp\/v2\/posts\/54993\/revisions"}],"predecessor-version":[{"id":54995,"href":"https:\/\/elpajaritonews.com\/index.php?rest_route=\/wp\/v2\/posts\/54993\/revisions\/54995"}],"wp:featuredmedia":[{"embeddable":true,"href":"https:\/\/elpajaritonews.com\/index.php?rest_route=\/wp\/v2\/media\/54994"}],"wp:attachment":[{"href":"https:\/\/elpajaritonews.com\/index.php?rest_route=%2Fwp%2Fv2%2Fmedia&parent=54993"}],"wp:term":[{"taxonomy":"category","embeddable":true,"href":"https:\/\/elpajaritonews.com\/index.php?rest_route=%2Fwp%2Fv2%2Fcategories&post=54993"},{"taxonomy":"post_tag","embeddable":true,"href":"https:\/\/elpajaritonews.com\/index.php?rest_route=%2Fwp%2Fv2%2Ftags&post=54993"}],"curies":[{"name":"wp","href":"https:\/\/api.w.org\/{rel}","templated":true}]}}