{"id":54996,"date":"2024-01-23T00:06:06","date_gmt":"2024-01-23T00:06:06","guid":{"rendered":"https:\/\/elpajaritonews.com\/?p=54996"},"modified":"2024-01-23T00:06:06","modified_gmt":"2024-01-23T00:06:06","slug":"se-conjugan-en-la-alameda-la-musica-baile-e-historia-literaria","status":"publish","type":"post","link":"https:\/\/elpajaritonews.com\/?p=54996","title":{"rendered":"SE CONJUGAN EN LA ALAMEDA LA M\u00daSICA, BAILE, E HISTORIA LITERARIA"},"content":{"rendered":"<p>Al caer la tarde en el segundo d\u00eda de actividades del Festival Alfonso Ortiz Tirado cada uno de los rincones de La Alameda se llen\u00f3 de personas de todas las edades: ni\u00f1os, ni\u00f1as, madres y padres, adultos mayores, todos se congregaron para disfrutar de una cartelera diversa que rinde tributo a la m\u00fasica, al baile, y a la literatura.<\/p>\n<p><img loading=\"lazy\" decoding=\"async\" class=\"alignnone  wp-image-54998\" src=\"https:\/\/elpajaritonews.com\/wp-content\/uploads\/2024\/01\/5c36a2f6-e085-416c-93a4-1596f4d832f4-300x200.jpg\" alt=\"\" width=\"510\" height=\"340\" srcset=\"https:\/\/elpajaritonews.com\/wp-content\/uploads\/2024\/01\/5c36a2f6-e085-416c-93a4-1596f4d832f4-300x200.jpg 300w, https:\/\/elpajaritonews.com\/wp-content\/uploads\/2024\/01\/5c36a2f6-e085-416c-93a4-1596f4d832f4-1024x681.jpg 1024w, https:\/\/elpajaritonews.com\/wp-content\/uploads\/2024\/01\/5c36a2f6-e085-416c-93a4-1596f4d832f4-768x511.jpg 768w, https:\/\/elpajaritonews.com\/wp-content\/uploads\/2024\/01\/5c36a2f6-e085-416c-93a4-1596f4d832f4-1536x1021.jpg 1536w, https:\/\/elpajaritonews.com\/wp-content\/uploads\/2024\/01\/5c36a2f6-e085-416c-93a4-1596f4d832f4-632x420.jpg 632w, https:\/\/elpajaritonews.com\/wp-content\/uploads\/2024\/01\/5c36a2f6-e085-416c-93a4-1596f4d832f4-640x426.jpg 640w, https:\/\/elpajaritonews.com\/wp-content\/uploads\/2024\/01\/5c36a2f6-e085-416c-93a4-1596f4d832f4-681x453.jpg 681w, https:\/\/elpajaritonews.com\/wp-content\/uploads\/2024\/01\/5c36a2f6-e085-416c-93a4-1596f4d832f4.jpg 1600w\" sizes=\"auto, (max-width: 510px) 100vw, 510px\" \/><\/p>\n<p>En uno de los m\u00e1s tradicionales rincones de \u00c1lamos inici\u00f3 su presentaci\u00f3n itinerante la Comparsa Sonora, un proyecto de intervenci\u00f3n de la Universidad de Sonora, agrupaci\u00f3n que vali\u00e9ndose de artistas en zancos con representaciones de grupos \u00e9tnicos, animaron a las personas que pasaban por el lugar a un\u00edrseles en el festejo callejero.<\/p>\n<p><img loading=\"lazy\" decoding=\"async\" class=\"alignnone  wp-image-54999\" src=\"https:\/\/elpajaritonews.com\/wp-content\/uploads\/2024\/01\/af8dc7b5-6e77-4c42-9411-de82e8d96805-300x200.jpg\" alt=\"\" width=\"504\" height=\"336\" srcset=\"https:\/\/elpajaritonews.com\/wp-content\/uploads\/2024\/01\/af8dc7b5-6e77-4c42-9411-de82e8d96805-300x200.jpg 300w, https:\/\/elpajaritonews.com\/wp-content\/uploads\/2024\/01\/af8dc7b5-6e77-4c42-9411-de82e8d96805-1024x681.jpg 1024w, https:\/\/elpajaritonews.com\/wp-content\/uploads\/2024\/01\/af8dc7b5-6e77-4c42-9411-de82e8d96805-768x511.jpg 768w, https:\/\/elpajaritonews.com\/wp-content\/uploads\/2024\/01\/af8dc7b5-6e77-4c42-9411-de82e8d96805-1536x1021.jpg 1536w, https:\/\/elpajaritonews.com\/wp-content\/uploads\/2024\/01\/af8dc7b5-6e77-4c42-9411-de82e8d96805-632x420.jpg 632w, https:\/\/elpajaritonews.com\/wp-content\/uploads\/2024\/01\/af8dc7b5-6e77-4c42-9411-de82e8d96805-640x426.jpg 640w, https:\/\/elpajaritonews.com\/wp-content\/uploads\/2024\/01\/af8dc7b5-6e77-4c42-9411-de82e8d96805-681x453.jpg 681w, https:\/\/elpajaritonews.com\/wp-content\/uploads\/2024\/01\/af8dc7b5-6e77-4c42-9411-de82e8d96805.jpg 1600w\" sizes=\"auto, (max-width: 504px) 100vw, 504px\" \/><\/p>\n<p>Al ritmo de las percusiones, a cada paso que las y los artistas avanzaban a lo largo de La Alameda, las y los artistas captaron la atenci\u00f3n de quienes se dieron cita para disfrutar del FAOT, logrando involucrarlos en una atm\u00f3sfera de fiesta y algarab\u00eda.<\/p>\n<p><img loading=\"lazy\" decoding=\"async\" class=\"alignnone  wp-image-55000\" src=\"https:\/\/elpajaritonews.com\/wp-content\/uploads\/2024\/01\/b2e0f7f9-e054-4138-8f00-26b21c816a7a-300x200.jpg\" alt=\"\" width=\"509\" height=\"339\" srcset=\"https:\/\/elpajaritonews.com\/wp-content\/uploads\/2024\/01\/b2e0f7f9-e054-4138-8f00-26b21c816a7a-300x200.jpg 300w, https:\/\/elpajaritonews.com\/wp-content\/uploads\/2024\/01\/b2e0f7f9-e054-4138-8f00-26b21c816a7a-1024x681.jpg 1024w, https:\/\/elpajaritonews.com\/wp-content\/uploads\/2024\/01\/b2e0f7f9-e054-4138-8f00-26b21c816a7a-768x511.jpg 768w, https:\/\/elpajaritonews.com\/wp-content\/uploads\/2024\/01\/b2e0f7f9-e054-4138-8f00-26b21c816a7a-1536x1021.jpg 1536w, https:\/\/elpajaritonews.com\/wp-content\/uploads\/2024\/01\/b2e0f7f9-e054-4138-8f00-26b21c816a7a-632x420.jpg 632w, https:\/\/elpajaritonews.com\/wp-content\/uploads\/2024\/01\/b2e0f7f9-e054-4138-8f00-26b21c816a7a-640x426.jpg 640w, https:\/\/elpajaritonews.com\/wp-content\/uploads\/2024\/01\/b2e0f7f9-e054-4138-8f00-26b21c816a7a-681x453.jpg 681w, https:\/\/elpajaritonews.com\/wp-content\/uploads\/2024\/01\/b2e0f7f9-e054-4138-8f00-26b21c816a7a.jpg 1600w\" sizes=\"auto, (max-width: 509px) 100vw, 509px\" \/><\/p>\n<p>Ya entrada la noche, tomaron el escenario los integrantes del cuarteto hermosillense Libro Abierto, quienes, en una mezcla de m\u00fasica norte\u00f1a y pasajes de obras literarias, consiguieron contagiar al p\u00fablico que se reunieron a escucharlos.<\/p>\n<p>&nbsp;<\/p>\n<p>En una franca alusi\u00f3n a Caperucita Roja, Don Quijote de la Mancha y Sor Juana In\u00e9s de la Cruz, la agrupaci\u00f3n haciendo uso de un bajo, un acorde\u00f3n y los acordes de una guitarra, abordaron obras de distintas \u00e9pocas literarias con un sello de m\u00fasica regional.<\/p>\n","protected":false},"excerpt":{"rendered":"<p>Al caer la tarde en el segundo d\u00eda de actividades del Festival Alfonso Ortiz Tirado cada uno de los rincones de La Alameda se llen\u00f3 de personas de todas las edades: ni\u00f1os, ni\u00f1as, madres y padres, adultos mayores, todos se congregaron para disfrutar de una cartelera diversa que rinde tributo a la m\u00fasica, al baile,&#8230;<\/p>\n","protected":false},"author":2,"featured_media":54997,"comment_status":"closed","ping_status":"closed","sticky":false,"template":"","format":"standard","meta":{"_crdt_document":"","_exactmetrics_skip_tracking":false,"_exactmetrics_sitenote_active":false,"_exactmetrics_sitenote_note":"","_exactmetrics_sitenote_category":0,"footnotes":""},"categories":[22,27],"tags":[28,29,30],"class_list":["post-54996","post","type-post","status-publish","format-standard","has-post-thumbnail","hentry","category-escena","category-sonora","tag-nogales","tag-nogales-la-gran-frontera","tag-sonora-tierra-de-oportunidades"],"_links":{"self":[{"href":"https:\/\/elpajaritonews.com\/index.php?rest_route=\/wp\/v2\/posts\/54996","targetHints":{"allow":["GET"]}}],"collection":[{"href":"https:\/\/elpajaritonews.com\/index.php?rest_route=\/wp\/v2\/posts"}],"about":[{"href":"https:\/\/elpajaritonews.com\/index.php?rest_route=\/wp\/v2\/types\/post"}],"author":[{"embeddable":true,"href":"https:\/\/elpajaritonews.com\/index.php?rest_route=\/wp\/v2\/users\/2"}],"replies":[{"embeddable":true,"href":"https:\/\/elpajaritonews.com\/index.php?rest_route=%2Fwp%2Fv2%2Fcomments&post=54996"}],"version-history":[{"count":1,"href":"https:\/\/elpajaritonews.com\/index.php?rest_route=\/wp\/v2\/posts\/54996\/revisions"}],"predecessor-version":[{"id":55001,"href":"https:\/\/elpajaritonews.com\/index.php?rest_route=\/wp\/v2\/posts\/54996\/revisions\/55001"}],"wp:featuredmedia":[{"embeddable":true,"href":"https:\/\/elpajaritonews.com\/index.php?rest_route=\/wp\/v2\/media\/54997"}],"wp:attachment":[{"href":"https:\/\/elpajaritonews.com\/index.php?rest_route=%2Fwp%2Fv2%2Fmedia&parent=54996"}],"wp:term":[{"taxonomy":"category","embeddable":true,"href":"https:\/\/elpajaritonews.com\/index.php?rest_route=%2Fwp%2Fv2%2Fcategories&post=54996"},{"taxonomy":"post_tag","embeddable":true,"href":"https:\/\/elpajaritonews.com\/index.php?rest_route=%2Fwp%2Fv2%2Ftags&post=54996"}],"curies":[{"name":"wp","href":"https:\/\/api.w.org\/{rel}","templated":true}]}}