{"id":55002,"date":"2024-01-23T00:47:19","date_gmt":"2024-01-23T00:47:19","guid":{"rendered":"https:\/\/elpajaritonews.com\/?p=55002"},"modified":"2024-01-23T00:47:19","modified_gmt":"2024-01-23T00:47:19","slug":"de-la-mano-del-gobierno-de-mexico-mejoramos-el-rostro-de-los-municipios-de-sonora-alfonso-durazo","status":"publish","type":"post","link":"https:\/\/elpajaritonews.com\/?p=55002","title":{"rendered":"DE LA MANO DEL GOBIERNO DE M\u00c9XICO MEJORAMOS EL ROSTRO DE LOS MUNICIPIOS DE SONORA: ALFONSO DURAZO"},"content":{"rendered":"<p>Se han rehabilitado m\u00e1s de 461 mil 500 metros cuadrados en diferentes municipios de la entidad producto del programa de regularizaci\u00f3n de veh\u00edculos de procedencia extranjera<\/p>\n<p>&nbsp;<\/p>\n<p>Los municipios de Sonora reciben una atenci\u00f3n sin precedentes con la rehabilitaci\u00f3n de 461 mil 578 metros cuadrados de calles pavimentadas con recurso procedente del programa de regularizaci\u00f3n de veh\u00edculos extranjeros que implementa el Gobierno de M\u00e9xico, a fin de mejorar la infraestructura de aquellas ciudades del estado a las que no les hab\u00eda tocado una intervenci\u00f3n similar, destac\u00f3 el gobernador Alfonso Durazo Monta\u00f1o.<\/p>\n<p><img loading=\"lazy\" decoding=\"async\" class=\"alignnone  wp-image-55004\" src=\"https:\/\/elpajaritonews.com\/wp-content\/uploads\/2024\/01\/5896fe31-99d5-4fd9-b674-20b37c4b6ffc-300x244.jpg\" alt=\"\" width=\"499\" height=\"406\" srcset=\"https:\/\/elpajaritonews.com\/wp-content\/uploads\/2024\/01\/5896fe31-99d5-4fd9-b674-20b37c4b6ffc-300x244.jpg 300w, https:\/\/elpajaritonews.com\/wp-content\/uploads\/2024\/01\/5896fe31-99d5-4fd9-b674-20b37c4b6ffc-1024x833.jpg 1024w, https:\/\/elpajaritonews.com\/wp-content\/uploads\/2024\/01\/5896fe31-99d5-4fd9-b674-20b37c4b6ffc-768x625.jpg 768w, https:\/\/elpajaritonews.com\/wp-content\/uploads\/2024\/01\/5896fe31-99d5-4fd9-b674-20b37c4b6ffc-516x420.jpg 516w, https:\/\/elpajaritonews.com\/wp-content\/uploads\/2024\/01\/5896fe31-99d5-4fd9-b674-20b37c4b6ffc-640x521.jpg 640w, https:\/\/elpajaritonews.com\/wp-content\/uploads\/2024\/01\/5896fe31-99d5-4fd9-b674-20b37c4b6ffc-681x554.jpg 681w, https:\/\/elpajaritonews.com\/wp-content\/uploads\/2024\/01\/5896fe31-99d5-4fd9-b674-20b37c4b6ffc.jpg 1046w\" sizes=\"auto, (max-width: 499px) 100vw, 499px\" \/><\/p>\n<p>El mandatario estatal detall\u00f3 que la entidad sonorense ha ejercido 47.5 millones de pesos en recursos transferidos por la federaci\u00f3n correspondientes a las ocho etapas de asignaci\u00f3n que comprenden de 2022 a noviembre de 2023, para obras de pavimentaci\u00f3n, bacheo, recarpeteo, banqueteo, guarniciones y rehabilitaci\u00f3n de vialidades.<\/p>\n<p>&nbsp;<\/p>\n<p>Hasta la fecha, coment\u00f3 que se han intervenido 25 municipios con 74 obras de infraestructura realizadas, y se tiene el objetivo de mejorar el rostro de las principales vialidades en las localidades del estado para beneficio de las y los sonorenses.<\/p>\n<p><img loading=\"lazy\" decoding=\"async\" class=\"alignnone  wp-image-55005\" src=\"https:\/\/elpajaritonews.com\/wp-content\/uploads\/2024\/01\/c54fd396-2110-45a5-b996-5ff66d53c1fb-300x200.jpg\" alt=\"\" width=\"497\" height=\"331\" srcset=\"https:\/\/elpajaritonews.com\/wp-content\/uploads\/2024\/01\/c54fd396-2110-45a5-b996-5ff66d53c1fb-300x200.jpg 300w, https:\/\/elpajaritonews.com\/wp-content\/uploads\/2024\/01\/c54fd396-2110-45a5-b996-5ff66d53c1fb-1024x683.jpg 1024w, https:\/\/elpajaritonews.com\/wp-content\/uploads\/2024\/01\/c54fd396-2110-45a5-b996-5ff66d53c1fb-768x512.jpg 768w, https:\/\/elpajaritonews.com\/wp-content\/uploads\/2024\/01\/c54fd396-2110-45a5-b996-5ff66d53c1fb-630x420.jpg 630w, https:\/\/elpajaritonews.com\/wp-content\/uploads\/2024\/01\/c54fd396-2110-45a5-b996-5ff66d53c1fb-640x427.jpg 640w, https:\/\/elpajaritonews.com\/wp-content\/uploads\/2024\/01\/c54fd396-2110-45a5-b996-5ff66d53c1fb-681x454.jpg 681w, https:\/\/elpajaritonews.com\/wp-content\/uploads\/2024\/01\/c54fd396-2110-45a5-b996-5ff66d53c1fb.jpg 1280w\" sizes=\"auto, (max-width: 497px) 100vw, 497px\" \/><\/p>\n<p>\u201cEste recurso que se obtiene del proceso de regularizaci\u00f3n de autos extranjeros, es para beneficio de las familias, mejorarles el rostro a aquellas comunidades a las que nunca les hab\u00eda tocado un privilegio como este y con el que podr\u00e1n explotar la parte econ\u00f3mica y tur\u00edstica como nunca antes\u201d, expres\u00f3.<\/p>\n<p>&nbsp;<\/p>\n<p>Record\u00f3 que, el plazo l\u00edmite para el proceso de regularizaci\u00f3n en Sonora, culmina el 31 de marzo del a\u00f1o en curso, por lo que hizo extensiva la convocatoria a quienes no han realizado el tr\u00e1mite correspondiente y se encuentran en posibilidades de regularizar.<\/p>\n","protected":false},"excerpt":{"rendered":"<p>Se han rehabilitado m\u00e1s de 461 mil 500 metros cuadrados en diferentes municipios de la entidad producto del programa de regularizaci\u00f3n de veh\u00edculos de procedencia extranjera &nbsp; Los municipios de Sonora reciben una atenci\u00f3n sin precedentes con la rehabilitaci\u00f3n de 461 mil 578 metros cuadrados de calles pavimentadas con recurso procedente del programa de regularizaci\u00f3n&#8230;<\/p>\n","protected":false},"author":2,"featured_media":55003,"comment_status":"closed","ping_status":"closed","sticky":false,"template":"","format":"standard","meta":{"_crdt_document":"","_exactmetrics_skip_tracking":false,"_exactmetrics_sitenote_active":false,"_exactmetrics_sitenote_note":"","_exactmetrics_sitenote_category":0,"footnotes":""},"categories":[26,31,27],"tags":[28,29,30],"class_list":["post-55002","post","type-post","status-publish","format-standard","has-post-thumbnail","hentry","category-local","category-politica","category-sonora","tag-nogales","tag-nogales-la-gran-frontera","tag-sonora-tierra-de-oportunidades"],"_links":{"self":[{"href":"https:\/\/elpajaritonews.com\/index.php?rest_route=\/wp\/v2\/posts\/55002","targetHints":{"allow":["GET"]}}],"collection":[{"href":"https:\/\/elpajaritonews.com\/index.php?rest_route=\/wp\/v2\/posts"}],"about":[{"href":"https:\/\/elpajaritonews.com\/index.php?rest_route=\/wp\/v2\/types\/post"}],"author":[{"embeddable":true,"href":"https:\/\/elpajaritonews.com\/index.php?rest_route=\/wp\/v2\/users\/2"}],"replies":[{"embeddable":true,"href":"https:\/\/elpajaritonews.com\/index.php?rest_route=%2Fwp%2Fv2%2Fcomments&post=55002"}],"version-history":[{"count":1,"href":"https:\/\/elpajaritonews.com\/index.php?rest_route=\/wp\/v2\/posts\/55002\/revisions"}],"predecessor-version":[{"id":55006,"href":"https:\/\/elpajaritonews.com\/index.php?rest_route=\/wp\/v2\/posts\/55002\/revisions\/55006"}],"wp:featuredmedia":[{"embeddable":true,"href":"https:\/\/elpajaritonews.com\/index.php?rest_route=\/wp\/v2\/media\/55003"}],"wp:attachment":[{"href":"https:\/\/elpajaritonews.com\/index.php?rest_route=%2Fwp%2Fv2%2Fmedia&parent=55002"}],"wp:term":[{"taxonomy":"category","embeddable":true,"href":"https:\/\/elpajaritonews.com\/index.php?rest_route=%2Fwp%2Fv2%2Fcategories&post=55002"},{"taxonomy":"post_tag","embeddable":true,"href":"https:\/\/elpajaritonews.com\/index.php?rest_route=%2Fwp%2Fv2%2Ftags&post=55002"}],"curies":[{"name":"wp","href":"https:\/\/api.w.org\/{rel}","templated":true}]}}