{"id":55008,"date":"2024-01-23T19:21:31","date_gmt":"2024-01-23T19:21:31","guid":{"rendered":"https:\/\/elpajaritonews.com\/?p=55008"},"modified":"2024-01-23T19:21:31","modified_gmt":"2024-01-23T19:21:31","slug":"jornada-40-7-evitara-explotacion-laboral-en-sonora-ignacio-peinado-luna","status":"publish","type":"post","link":"https:\/\/elpajaritonews.com\/?p=55008","title":{"rendered":"\u201cJORNADA 40\/7 EVITAR\u00c1 EXPLOTACI\u00d3N LABORAL EN SONORA\u201d: IGNACIO PEINADO LUNA"},"content":{"rendered":"<p>Alejandro Matty Ortega\/Irreverente Noticias<\/p>\n<p>&nbsp;<\/p>\n<p>Hermosillo, Sonora (IN).- La reducci\u00f3n de la jornada laboral a 40 horas a la semana, evitar\u00e1 la explotaci\u00f3n laboral en Sonora y en M\u00e9xico.<\/p>\n<p>&nbsp;<\/p>\n<p>En entrevista exclusiva para este medio binacional IRREVERENTE NOTICIAS, Ignacio Peinado Luna destac\u00f3 la importancia del equilibrio entre la productividad y la calidad de vida de las y los trabajadores.<\/p>\n<p>&nbsp;<\/p>\n<p>El l\u00edder de la Uni\u00f3n de Usuarios de Hermosillo calific\u00f3 la iniciativa pr\u00f3xima a su aprobaci\u00f3n legislativa como \u00abuna evoluci\u00f3n en materia laboral que debe ir de la mano entre la riqueza y la dignidad de las personas\u00bb.<\/p>\n<p>&nbsp;<\/p>\n<p>Expuso que a\u00fan existen rubros productivos como el campo, donde las extensas jornadas de trabajo generan explotaci\u00f3n laboral.<\/p>\n<p>&nbsp;<\/p>\n<p>Existe todav\u00eda \u00abuna explotaci\u00f3n laboral brutal y ejemplo son los jornaleros agr\u00edcolas y en muchas empresas se sigue dando\u00bb.<\/p>\n<p>&nbsp;<\/p>\n<p>Lo anterior, se\u00f1al\u00f3, da\u00f1a la dignidad de las personas y merma su calidad de vida.<\/p>\n<p>&nbsp;<\/p>\n<p>Peinado Luna resalt\u00f3 que \u00ablos trabajadores no somos robots, no solamente apoyamos la iniciativa (40\/7), sino que la promovemos\u00bb.<\/p>\n<p>&nbsp;<\/p>\n<p>Indic\u00f3 adem\u00e1s que \u00ablas largas jornadas de trabajo afectan la productividad de las empresas\u00bb.<\/p>\n<p>&nbsp;<\/p>\n<p>Entre m\u00e1s horas se trabaja \u00abla producci\u00f3n no es la misma, va a mermar la producci\u00f3n porque no somos robots\u00bb.<\/p>\n<p>&nbsp;<\/p>\n<p>\u00abLa energ\u00eda es importante en la productividad y en la generaci\u00f3n de riqueza de las empresas\u00bb, subray\u00f3.<\/p>\n<p>&nbsp;<\/p>\n<p>Se debe buscar la riqueza tambi\u00e9n para el Pueblo de M\u00e9xico, \u00aba trav\u00e9s de la mano de obra calificada y una jornada laboral justa\u00bb.<\/p>\n<p>&nbsp;<\/p>\n<p>Este binomio \u00abpor encima de las largas jornadas que tienden a explotar a los trabajadores\u00bb.<\/p>\n<p>&nbsp;<\/p>\n<p>No solamente por las 48 horas, \u00absino por los salarios que son paup\u00e9rrimos\u00bb.<\/p>\n<p>&nbsp;<\/p>\n<p>A esto se agrega la explotaci\u00f3n laboral, la falta de seguridad social, entre otras.<\/p>\n<p>&nbsp;<\/p>\n<p>Por ello, \u00abdebe existir un equilibrio entre la generaci\u00f3n de riqueza en las empresas y la calidad de vida de las y los trabajadores en Sonora y M\u00e9xico\u00bb.<\/p>\n<p>&nbsp;<\/p>\n<p>Dijo que \u00abse deben de anteponer la integridad y la dignidad de todas y todos los trabajadores\u00bb.<\/p>\n<p>&nbsp;<\/p>\n<p>Apunt\u00f3 que la reducci\u00f3n de la jornada laboral a 40\/7, \u00abno tengo la menor duda que se debe dar ese paso\u00bb.<\/p>\n<p>&nbsp;<\/p>\n<p>A\u00f1adi\u00f3 que \u00abes una conquista de estos derechos fundamentales, como es el Derecho Humano al trabajo en M\u00e9xico\u00bb.<\/p>\n<p>&nbsp;<\/p>\n<p>Ignacio Peinado Luna reiter\u00f3 que se debe anteponer la integridad y la dignidad de todas y todos los trabajadores en Sonora y en M\u00e9xico.<\/p>\n","protected":false},"excerpt":{"rendered":"<p>Alejandro Matty Ortega\/Irreverente Noticias &nbsp; Hermosillo, Sonora (IN).- La reducci\u00f3n de la jornada laboral a 40 horas a la semana, evitar\u00e1 la explotaci\u00f3n laboral en Sonora y en M\u00e9xico. &nbsp; En entrevista exclusiva para este medio binacional IRREVERENTE NOTICIAS, Ignacio Peinado Luna destac\u00f3 la importancia del equilibrio entre la productividad y la calidad de vida&#8230;<\/p>\n","protected":false},"author":2,"featured_media":55009,"comment_status":"closed","ping_status":"closed","sticky":false,"template":"","format":"standard","meta":{"_crdt_document":"","_exactmetrics_skip_tracking":false,"_exactmetrics_sitenote_active":false,"_exactmetrics_sitenote_note":"","_exactmetrics_sitenote_category":0,"footnotes":""},"categories":[36,26,19,31,27],"tags":[28,29,30],"class_list":["post-55008","post","type-post","status-publish","format-standard","has-post-thumbnail","hentry","category-economia","category-local","category-opinion","category-politica","category-sonora","tag-nogales","tag-nogales-la-gran-frontera","tag-sonora-tierra-de-oportunidades"],"_links":{"self":[{"href":"https:\/\/elpajaritonews.com\/index.php?rest_route=\/wp\/v2\/posts\/55008","targetHints":{"allow":["GET"]}}],"collection":[{"href":"https:\/\/elpajaritonews.com\/index.php?rest_route=\/wp\/v2\/posts"}],"about":[{"href":"https:\/\/elpajaritonews.com\/index.php?rest_route=\/wp\/v2\/types\/post"}],"author":[{"embeddable":true,"href":"https:\/\/elpajaritonews.com\/index.php?rest_route=\/wp\/v2\/users\/2"}],"replies":[{"embeddable":true,"href":"https:\/\/elpajaritonews.com\/index.php?rest_route=%2Fwp%2Fv2%2Fcomments&post=55008"}],"version-history":[{"count":1,"href":"https:\/\/elpajaritonews.com\/index.php?rest_route=\/wp\/v2\/posts\/55008\/revisions"}],"predecessor-version":[{"id":55010,"href":"https:\/\/elpajaritonews.com\/index.php?rest_route=\/wp\/v2\/posts\/55008\/revisions\/55010"}],"wp:featuredmedia":[{"embeddable":true,"href":"https:\/\/elpajaritonews.com\/index.php?rest_route=\/wp\/v2\/media\/55009"}],"wp:attachment":[{"href":"https:\/\/elpajaritonews.com\/index.php?rest_route=%2Fwp%2Fv2%2Fmedia&parent=55008"}],"wp:term":[{"taxonomy":"category","embeddable":true,"href":"https:\/\/elpajaritonews.com\/index.php?rest_route=%2Fwp%2Fv2%2Fcategories&post=55008"},{"taxonomy":"post_tag","embeddable":true,"href":"https:\/\/elpajaritonews.com\/index.php?rest_route=%2Fwp%2Fv2%2Ftags&post=55008"}],"curies":[{"name":"wp","href":"https:\/\/api.w.org\/{rel}","templated":true}]}}