{"id":55049,"date":"2024-01-25T22:41:27","date_gmt":"2024-01-25T22:41:27","guid":{"rendered":"https:\/\/elpajaritonews.com\/?p=55049"},"modified":"2024-01-25T22:41:27","modified_gmt":"2024-01-25T22:41:27","slug":"con-musica-pop-y-opera-conmemoran-el-natalicio-del-doctor-alfonso-ortiz-tirado","status":"publish","type":"post","link":"https:\/\/elpajaritonews.com\/?p=55049","title":{"rendered":"CON M\u00daSICA POP Y \u00d3PERA CONMEMORAN EL NATALICIO DEL DOCTOR ALFONSO ORTIZ TIRADO"},"content":{"rendered":"<p>La sexta jornada de actividades de la trig\u00e9sima novena edici\u00f3n del FAOT fue el momento ideal para una mezcla de m\u00fasica sinf\u00f3nica, \u00f3pera y pop, con lo cual se conmemor\u00f3 el natalicio del doctor Alfonso Ortiz Tirado.<\/p>\n<p>Nacido en \u00c1lamos el 24 de enero de 1893, Ortiz Tirado fue m\u00e9dico cirujano especializado en cirug\u00eda reconstructiva, teniendo como pacientes a Frida Kahlo y Agustin Lara.<\/p>\n<p><img loading=\"lazy\" decoding=\"async\" class=\"alignnone  wp-image-55052\" src=\"https:\/\/elpajaritonews.com\/wp-content\/uploads\/2024\/01\/4c3b4ffe-8780-43ee-9b2e-19caddc916be-300x200.jpg\" alt=\"\" width=\"566\" height=\"377\" srcset=\"https:\/\/elpajaritonews.com\/wp-content\/uploads\/2024\/01\/4c3b4ffe-8780-43ee-9b2e-19caddc916be-300x200.jpg 300w, https:\/\/elpajaritonews.com\/wp-content\/uploads\/2024\/01\/4c3b4ffe-8780-43ee-9b2e-19caddc916be-1024x682.jpg 1024w, https:\/\/elpajaritonews.com\/wp-content\/uploads\/2024\/01\/4c3b4ffe-8780-43ee-9b2e-19caddc916be-768x511.jpg 768w, https:\/\/elpajaritonews.com\/wp-content\/uploads\/2024\/01\/4c3b4ffe-8780-43ee-9b2e-19caddc916be-631x420.jpg 631w, https:\/\/elpajaritonews.com\/wp-content\/uploads\/2024\/01\/4c3b4ffe-8780-43ee-9b2e-19caddc916be-640x426.jpg 640w, https:\/\/elpajaritonews.com\/wp-content\/uploads\/2024\/01\/4c3b4ffe-8780-43ee-9b2e-19caddc916be-681x453.jpg 681w, https:\/\/elpajaritonews.com\/wp-content\/uploads\/2024\/01\/4c3b4ffe-8780-43ee-9b2e-19caddc916be.jpg 1280w\" sizes=\"auto, (max-width: 566px) 100vw, 566px\" \/><\/p>\n<p>En el rubro de las artes tuvo su debut en la \u00f3pera en 1928 en el teatro Esperanza Iris en Ciudad de M\u00e9xico en la obra Elixir de Amor.<\/p>\n<p>Como parte de esta importante fecha, en la Alameda se present\u00f3 la Orquesta Juvenil Sinf\u00f3nica de Sonora, bajo la direcci\u00f3n de Omar Nava P\u00e1ez, quienes ofrecieron un programa de valses y polkas.<\/p>\n<p>En las noches de gala, desde el palacio municipal de \u00c1lamos, el escenario fue tomado por la imponente presencia de la soprano Mar\u00eda Li y al piano acompa\u00f1ada por Alan Mend\u00edvil en una gala l\u00edrica.<\/p>\n<p><img loading=\"lazy\" decoding=\"async\" class=\"alignnone  wp-image-55051\" src=\"https:\/\/elpajaritonews.com\/wp-content\/uploads\/2024\/01\/3bc23cd5-2e03-4e8e-9d1b-69e4bf19db80-300x200.jpg\" alt=\"\" width=\"560\" height=\"373\" srcset=\"https:\/\/elpajaritonews.com\/wp-content\/uploads\/2024\/01\/3bc23cd5-2e03-4e8e-9d1b-69e4bf19db80-300x200.jpg 300w, https:\/\/elpajaritonews.com\/wp-content\/uploads\/2024\/01\/3bc23cd5-2e03-4e8e-9d1b-69e4bf19db80-1024x682.jpg 1024w, https:\/\/elpajaritonews.com\/wp-content\/uploads\/2024\/01\/3bc23cd5-2e03-4e8e-9d1b-69e4bf19db80-768x511.jpg 768w, https:\/\/elpajaritonews.com\/wp-content\/uploads\/2024\/01\/3bc23cd5-2e03-4e8e-9d1b-69e4bf19db80-631x420.jpg 631w, https:\/\/elpajaritonews.com\/wp-content\/uploads\/2024\/01\/3bc23cd5-2e03-4e8e-9d1b-69e4bf19db80-640x426.jpg 640w, https:\/\/elpajaritonews.com\/wp-content\/uploads\/2024\/01\/3bc23cd5-2e03-4e8e-9d1b-69e4bf19db80-681x453.jpg 681w, https:\/\/elpajaritonews.com\/wp-content\/uploads\/2024\/01\/3bc23cd5-2e03-4e8e-9d1b-69e4bf19db80.jpg 1280w\" sizes=\"auto, (max-width: 560px) 100vw, 560px\" \/><\/p>\n<p>La noche lleg\u00f3 a su fin en el Callej\u00f3n del Templo a cargo del guitarrista, compositor e int\u00e9rprete Benny Ibarra, quien con una mezcla de pop y rock capt\u00f3 el entusiasmo de la audiencia que se dio cita para disfrutar de los espect\u00e1culos del FAOT.<\/p>\n<blockquote class=\"twitter-tweet\" data-width=\"550\" data-dnt=\"true\">\n<p lang=\"es\" dir=\"ltr\">T\u00fa y yo somos uno mismo <a href=\"https:\/\/twitter.com\/hashtag\/FAOT2024?src=hash&amp;ref_src=twsrc%5Etfw\">#FAOT2024<\/a> <a href=\"https:\/\/t.co\/TGi5rdw7oc\">pic.twitter.com\/TGi5rdw7oc<\/a><\/p>\n<p>&mdash; Vinicio Sanchez (@viniciosanchez) <a href=\"https:\/\/twitter.com\/viniciosanchez\/status\/1750397573851181349?ref_src=twsrc%5Etfw\">January 25, 2024<\/a><\/p><\/blockquote>\n<p><script async src=\"https:\/\/platform.twitter.com\/widgets.js\" charset=\"utf-8\"><\/script><\/p>\n<blockquote class=\"twitter-tweet\" data-width=\"550\" data-dnt=\"true\">\n<p lang=\"es\" dir=\"ltr\">El <a href=\"https:\/\/twitter.com\/hashtag\/FAOT2024?src=hash&amp;ref_src=twsrc%5Etfw\">#FAOT2024<\/a> va avanzando de manera extraordinaria. El festival cultural m\u00e1s importante de Sonora celebra el legado art\u00edstico del doctor Alfonso Ortiz Tirado en el Pueblo M\u00e1gico de \u00c1lamos. <a href=\"https:\/\/t.co\/COPhfYQxWO\">pic.twitter.com\/COPhfYQxWO<\/a><\/p>\n<p>&mdash; Alfonso Durazo (@AlfonsoDurazo) <a href=\"https:\/\/twitter.com\/AlfonsoDurazo\/status\/1750596135079608426?ref_src=twsrc%5Etfw\">January 25, 2024<\/a><\/p><\/blockquote>\n<p><script async src=\"https:\/\/platform.twitter.com\/widgets.js\" charset=\"utf-8\"><\/script><\/p>\n","protected":false},"excerpt":{"rendered":"<p>La sexta jornada de actividades de la trig\u00e9sima novena edici\u00f3n del FAOT fue el momento ideal para una mezcla de m\u00fasica sinf\u00f3nica, \u00f3pera y pop, con lo cual se conmemor\u00f3 el natalicio del doctor Alfonso Ortiz Tirado. Nacido en \u00c1lamos el 24 de enero de 1893, Ortiz Tirado fue m\u00e9dico cirujano especializado en cirug\u00eda reconstructiva,&#8230;<\/p>\n","protected":false},"author":2,"featured_media":55050,"comment_status":"closed","ping_status":"closed","sticky":false,"template":"","format":"standard","meta":{"_crdt_document":"","_exactmetrics_skip_tracking":false,"_exactmetrics_sitenote_active":false,"_exactmetrics_sitenote_note":"","_exactmetrics_sitenote_category":0,"footnotes":""},"categories":[22,27],"tags":[28,29,30],"class_list":["post-55049","post","type-post","status-publish","format-standard","has-post-thumbnail","hentry","category-escena","category-sonora","tag-nogales","tag-nogales-la-gran-frontera","tag-sonora-tierra-de-oportunidades"],"_links":{"self":[{"href":"https:\/\/elpajaritonews.com\/index.php?rest_route=\/wp\/v2\/posts\/55049","targetHints":{"allow":["GET"]}}],"collection":[{"href":"https:\/\/elpajaritonews.com\/index.php?rest_route=\/wp\/v2\/posts"}],"about":[{"href":"https:\/\/elpajaritonews.com\/index.php?rest_route=\/wp\/v2\/types\/post"}],"author":[{"embeddable":true,"href":"https:\/\/elpajaritonews.com\/index.php?rest_route=\/wp\/v2\/users\/2"}],"replies":[{"embeddable":true,"href":"https:\/\/elpajaritonews.com\/index.php?rest_route=%2Fwp%2Fv2%2Fcomments&post=55049"}],"version-history":[{"count":1,"href":"https:\/\/elpajaritonews.com\/index.php?rest_route=\/wp\/v2\/posts\/55049\/revisions"}],"predecessor-version":[{"id":55053,"href":"https:\/\/elpajaritonews.com\/index.php?rest_route=\/wp\/v2\/posts\/55049\/revisions\/55053"}],"wp:featuredmedia":[{"embeddable":true,"href":"https:\/\/elpajaritonews.com\/index.php?rest_route=\/wp\/v2\/media\/55050"}],"wp:attachment":[{"href":"https:\/\/elpajaritonews.com\/index.php?rest_route=%2Fwp%2Fv2%2Fmedia&parent=55049"}],"wp:term":[{"taxonomy":"category","embeddable":true,"href":"https:\/\/elpajaritonews.com\/index.php?rest_route=%2Fwp%2Fv2%2Fcategories&post=55049"},{"taxonomy":"post_tag","embeddable":true,"href":"https:\/\/elpajaritonews.com\/index.php?rest_route=%2Fwp%2Fv2%2Ftags&post=55049"}],"curies":[{"name":"wp","href":"https:\/\/api.w.org\/{rel}","templated":true}]}}