{"id":55060,"date":"2024-01-27T04:44:28","date_gmt":"2024-01-27T04:44:28","guid":{"rendered":"https:\/\/elpajaritonews.com\/?p=55060"},"modified":"2024-01-27T04:44:28","modified_gmt":"2024-01-27T04:44:28","slug":"sonora-y-la-real-federacion-espanola-de-caza-firman-convenio-historico-para-la-promocion-de-turismo-cinegetico","status":"publish","type":"post","link":"https:\/\/elpajaritonews.com\/?p=55060","title":{"rendered":"SONORA Y LA REAL FEDERACI\u00d3N ESPA\u00d1OLA DE CAZA, FIRMAN CONVENIO HIST\u00d3RICO PARA LA PROMOCI\u00d3N DE TURISMO CINEG\u00c9TICO"},"content":{"rendered":"<p>La Real Federaci\u00f3n Espa\u00f1ola de Caza, con 337 mil miembros es la tercera federaci\u00f3n deportiva m\u00e1s grande de Espa\u00f1a, solo superada por el futbol y el baloncesto<\/p>\n<p>&nbsp;<\/p>\n<p>El Gobierno de Sonora, a trav\u00e9s de la Secretaria de Turismo (Sectur), firm\u00f3 un convenio de colaboraci\u00f3n, con la Real Federaci\u00f3n Espa\u00f1ola de Caza, en el marco de la Feria Internacional del Turismo (FITUR), realizada en Madrid, Espa\u00f1a.<\/p>\n<p><img loading=\"lazy\" decoding=\"async\" class=\"alignnone  wp-image-55062\" src=\"https:\/\/elpajaritonews.com\/wp-content\/uploads\/2024\/01\/04150d42-5f59-478b-8a33-afc0bc14fdbc-225x300.jpg\" alt=\"\" width=\"542\" height=\"723\" srcset=\"https:\/\/elpajaritonews.com\/wp-content\/uploads\/2024\/01\/04150d42-5f59-478b-8a33-afc0bc14fdbc-225x300.jpg 225w, https:\/\/elpajaritonews.com\/wp-content\/uploads\/2024\/01\/04150d42-5f59-478b-8a33-afc0bc14fdbc-768x1024.jpg 768w, https:\/\/elpajaritonews.com\/wp-content\/uploads\/2024\/01\/04150d42-5f59-478b-8a33-afc0bc14fdbc-1152x1536.jpg 1152w, https:\/\/elpajaritonews.com\/wp-content\/uploads\/2024\/01\/04150d42-5f59-478b-8a33-afc0bc14fdbc-315x420.jpg 315w, https:\/\/elpajaritonews.com\/wp-content\/uploads\/2024\/01\/04150d42-5f59-478b-8a33-afc0bc14fdbc-640x853.jpg 640w, https:\/\/elpajaritonews.com\/wp-content\/uploads\/2024\/01\/04150d42-5f59-478b-8a33-afc0bc14fdbc-681x908.jpg 681w, https:\/\/elpajaritonews.com\/wp-content\/uploads\/2024\/01\/04150d42-5f59-478b-8a33-afc0bc14fdbc.jpg 1200w\" sizes=\"auto, (max-width: 542px) 100vw, 542px\" \/><\/p>\n<p>Este convenio establece un marco de la colaboraci\u00f3n para la promoci\u00f3n y desarrollo sostenible del turismo cineg\u00e9tico, un segmento tur\u00edstico que combina la caza deportiva con el respeto y la protecci\u00f3n del medio ambiente y la fauna silvestre.<\/p>\n<p>&nbsp;<\/p>\n<p>El secretario de Turismo de Sonora, Roberto Gradillas Pineda, destac\u00f3 la importancia de este convenio para el turismo de Sonora, enfatizando el compromiso del estado con el turismo responsable y sostenible.<\/p>\n<p>&nbsp;<\/p>\n<p>\u201cNuestro gobernador Alfonso Durazo, est\u00e1 logrando posicionar a Sonora como un estado l\u00edder en turismo sostenible, fortaleciendo y conservando nuestra biodiversidad as\u00ed como los ecosistemas de Sonora\u201d,\u00a0 coment\u00f3 Gradillas Pineda.<\/p>\n<p>&nbsp;<\/p>\n<p>Esta alianza, representa un avance significativo para ambas partes, proporcionando una oportunidad \u00fanica para compartir conocimientos, indicadores, estad\u00edsticas, estrategias, inteligencia de mercados y buenas pr\u00e1cticas en el campo del turismo cineg\u00e9tico.<\/p>\n<p>&nbsp;<\/p>\n<p>Es fundamental destacar que Sonora se posiciona como l\u00edder nacional en el \u00e1mbito de los ranchos cineg\u00e9ticos, con un total de mil 847, ocupando el primer lugar en M\u00e9xico en este aspecto. Estos ranchos han desempe\u00f1ado un papel crucial en la recuperaci\u00f3n de especies emblem\u00e1ticas como el borrego cimarr\u00f3n, y el venado cola blanca contribuyendo significativamente a la conservaci\u00f3n de la biodiversidad.<\/p>\n","protected":false},"excerpt":{"rendered":"<p>La Real Federaci\u00f3n Espa\u00f1ola de Caza, con 337 mil miembros es la tercera federaci\u00f3n deportiva m\u00e1s grande de Espa\u00f1a, solo superada por el futbol y el baloncesto &nbsp; El Gobierno de Sonora, a trav\u00e9s de la Secretaria de Turismo (Sectur), firm\u00f3 un convenio de colaboraci\u00f3n, con la Real Federaci\u00f3n Espa\u00f1ola de Caza, en el marco&#8230;<\/p>\n","protected":false},"author":2,"featured_media":55061,"comment_status":"closed","ping_status":"closed","sticky":false,"template":"","format":"standard","meta":{"_crdt_document":"","_exactmetrics_skip_tracking":false,"_exactmetrics_sitenote_active":false,"_exactmetrics_sitenote_note":"","_exactmetrics_sitenote_category":0,"footnotes":""},"categories":[18,36,23,24,31,27],"tags":[28,29,30],"class_list":["post-55060","post","type-post","status-publish","format-standard","has-post-thumbnail","hentry","category-ciencia","category-economia","category-mexico","category-mundo","category-politica","category-sonora","tag-nogales","tag-nogales-la-gran-frontera","tag-sonora-tierra-de-oportunidades"],"_links":{"self":[{"href":"https:\/\/elpajaritonews.com\/index.php?rest_route=\/wp\/v2\/posts\/55060","targetHints":{"allow":["GET"]}}],"collection":[{"href":"https:\/\/elpajaritonews.com\/index.php?rest_route=\/wp\/v2\/posts"}],"about":[{"href":"https:\/\/elpajaritonews.com\/index.php?rest_route=\/wp\/v2\/types\/post"}],"author":[{"embeddable":true,"href":"https:\/\/elpajaritonews.com\/index.php?rest_route=\/wp\/v2\/users\/2"}],"replies":[{"embeddable":true,"href":"https:\/\/elpajaritonews.com\/index.php?rest_route=%2Fwp%2Fv2%2Fcomments&post=55060"}],"version-history":[{"count":1,"href":"https:\/\/elpajaritonews.com\/index.php?rest_route=\/wp\/v2\/posts\/55060\/revisions"}],"predecessor-version":[{"id":55063,"href":"https:\/\/elpajaritonews.com\/index.php?rest_route=\/wp\/v2\/posts\/55060\/revisions\/55063"}],"wp:featuredmedia":[{"embeddable":true,"href":"https:\/\/elpajaritonews.com\/index.php?rest_route=\/wp\/v2\/media\/55061"}],"wp:attachment":[{"href":"https:\/\/elpajaritonews.com\/index.php?rest_route=%2Fwp%2Fv2%2Fmedia&parent=55060"}],"wp:term":[{"taxonomy":"category","embeddable":true,"href":"https:\/\/elpajaritonews.com\/index.php?rest_route=%2Fwp%2Fv2%2Fcategories&post=55060"},{"taxonomy":"post_tag","embeddable":true,"href":"https:\/\/elpajaritonews.com\/index.php?rest_route=%2Fwp%2Fv2%2Ftags&post=55060"}],"curies":[{"name":"wp","href":"https:\/\/api.w.org\/{rel}","templated":true}]}}