{"id":55067,"date":"2024-01-27T23:16:16","date_gmt":"2024-01-27T23:16:16","guid":{"rendered":"https:\/\/elpajaritonews.com\/?p=55067"},"modified":"2024-01-27T23:16:16","modified_gmt":"2024-01-27T23:16:16","slug":"preocupan-desapariciones-en-sonora-colectivos-de-madres-buscadoras","status":"publish","type":"post","link":"https:\/\/elpajaritonews.com\/?p=55067","title":{"rendered":"PREOCUPAN DESAPARICIONES EN SONORA: COLECTIVOS DE MADRES BUSCADORAS"},"content":{"rendered":"<p>Alejandro Matty Ortega\/Irreverente Noticias<\/p>\n<p>&nbsp;<\/p>\n<p>Ciudad de M\u00e9xico (IN).- Colectivos de Madres Buscadoras mediante una llamada an\u00f3nima, localizaron un predio 33 nuevas fosas clandestinas con 57 cuerpos en \u00abEl Choyudo\u00bb, Hermosillo, Sonora.<\/p>\n<p>&nbsp;<\/p>\n<p>Desde hace 3 meses, no existe un solo d\u00eda que no se reporte la desapariciones en Hermosillo, Nogales, Ciudad Obreg\u00f3n, Guaymas, Empalme, Caborca, San Luis R\u00edo Colorado, Agua Prieta, Navojoa y Sonoyta, principalmente.<\/p>\n<p>&nbsp;<\/p>\n<p>La modalidad de secuestro y desaparici\u00f3n de personas preocupa a las familias y es una dolorosa y triste realidad que lleg\u00f3 a Sonora el 2012.<\/p>\n<p>&nbsp;<\/p>\n<p>Datos del Instituto Mexicanos de Derechos Humanos y Democracia, A. C., registran un crecimiento en los casos de desapariciones en Sonora.<\/p>\n<p>&nbsp;<\/p>\n<p>A trav\u00e9s de Red Lupa registr\u00f3 en el 2022 a 4 mil 392 personas desaparecidas y 4 mil 537 hasta el 16 de mayo del 2023.<\/p>\n<p>&nbsp;<\/p>\n<p>El 2022 fueron 3 mil 462 hombres y 930 mujeres.<\/p>\n<p>&nbsp;<\/p>\n<p>El 2023 fueron 3 mil 576 hombres y 955 mujeres.<\/p>\n<p>&nbsp;<\/p>\n<p>En 2022,\u00a0606 personas ten\u00edan menos de 18 a\u00f1os cuando fueron desaparecidas, siendo la mayor\u00eda ni\u00f1as, exactamente el 50.33%.<\/p>\n<p>&nbsp;<\/p>\n<p>52% de los casos de personas desaparecidas y no localizadas est\u00e1 en el rango de edad entre los 15 y 34 a\u00f1os.<\/p>\n<p>&nbsp;<\/p>\n<p>El 26% de los casos de mujeres desaparecidas y no localizadas est\u00e1 en el rango de edad entre los 15 y 19 a\u00f1os.<\/p>\n<p>&nbsp;<\/p>\n<p>Esta semana, la titular de la Comisi\u00f3n Nacional de B\u00fasqueda (CNB), Teresa Sahag\u00fan, huy\u00f3 por la cocina de un hotel de Hermosillo para evadir las preguntas de la prensa.<\/p>\n<p>&nbsp;<\/p>\n<p>Lo anterior, luego de una reuni\u00f3n con colectivos de b\u00fasqueda de personas desaparecidas.<\/p>\n<p>&nbsp;<\/p>\n<p>Ante la crisis de desaparecidos en M\u00e9xico, una reportera busca entrevistar, \u00abcomisionada, \u00bfnos permite unas preguntas?, \u00bfCu\u00e1les son los acuerdos?\u00bb.<\/p>\n<p>&nbsp;<\/p>\n<p>Teresa Sahag\u00fan huy\u00f3 cobardemente sin el menor pudor de la escena.<\/p>\n<p>&nbsp;<\/p>\n<p>Ceci Flores declar\u00f3 el viernes que \u00abayer volvimos al predio del Choyudo\u00bb.<\/p>\n<p>&nbsp;<\/p>\n<p>En este lugar ubicado en el litoral de Sonora, apunt\u00f3 que \u00abhemos encontrado 57 cuerpos\u00bb.<\/p>\n<p>&nbsp;<\/p>\n<p>Ante esta situaci\u00f3n, \u00abesta vez le pedimos a un cura que nos acompa\u00f1ara para bendecir la tierra que durante tanto tiempo fue el \u00fanico cobijo de nuestro hijo\u201d.<\/p>\n<p>&nbsp;<\/p>\n<p>La ider del colectivo Madres Buscadoras de Sonora dijo que en un predio ubicado en camino a la comunidad pesquera de la Costa de Hermosillo, luego de un reporte an\u00f3nimo, iniciaron los trabajos de b\u00fasqueda el s\u00e1bado 13 y domingo 14 de enero, adem\u00e1s durante la semana.<\/p>\n<p>&nbsp;<\/p>\n<p>La Fiscal\u00eda General de Justicia del Estado (FGJE) realiza acciones extraordinarias para apoyar a las madres buscadoras.<\/p>\n<p>&nbsp;<\/p>\n<p>Por ello, el fiscal general de Justicia, R\u00f3mulo Salas, convoca a acudir al Laboratorio de Inteligencia Cient\u00edfica Forense (CIF) para proporcionar muestras de ADN que faciliten a la identificaci\u00f3n de los cuerpos de sus familiares.<\/p>\n<p>&nbsp;<\/p>\n<p>En tanto, el delegado de la Fiscal\u00eda General en Sonora, Francisco Sergio M\u00e9ndez, expres\u00f3 que \u00aben cada evento, hay menores de edad, desde 14, 15 a\u00f1os, que no deber\u00edan tener fusiles, pero ah\u00ed andan y ese es el tema\u00bb.<\/p>\n<p>&nbsp;<\/p>\n<p>Apunt\u00f3 que los menores \u00abson puestos a disposici\u00f3n de la Fiscal\u00eda y se generan nuevos problemas porque no tenemos instalaciones adecuadas\u00bb.<\/p>\n<p>&nbsp;<\/p>\n<p>Precis\u00f3 que \u00ablas estamos formando pero ellos permanecen recluidos y son judicializados con procedimientos especiales para internamiento preventivo\u00bb.<\/p>\n<p>&nbsp;<\/p>\n<p>Dijo que \u00abhay alrededor de 18 menores de edad\u201d,<\/p>\n<p>&nbsp;<\/p>\n<p>Se\u00f1alo que en su mayor\u00eda, entran de manera voluntaria a las organizaciones criminales y otros podr\u00edan ser obligados.<\/p>\n<p>&nbsp;<\/p>\n<blockquote class=\"wp-embedded-content\" data-secret=\"lVMwCRoxQ5\"><p><a href=\"https:\/\/imdhd.org\/redlupa\/informes-y-analisis\/informes-estatales\/region-norte\/personas-desaparecidas-sonora\/\">Sonora<\/a><\/p><\/blockquote>\n<p><iframe loading=\"lazy\" class=\"wp-embedded-content\" sandbox=\"allow-scripts\" security=\"restricted\" style=\"position: absolute; clip: rect(1px, 1px, 1px, 1px);\" title=\"\u00abSonora\u00bb \u2014 Red Lupa - Evaluamos la  Ley general en materia de desaparici&oacute;n forzada\" src=\"https:\/\/imdhd.org\/redlupa\/informes-y-analisis\/informes-estatales\/region-norte\/personas-desaparecidas-sonora\/embed\/#?secret=Xt2YgZa3N2#?secret=lVMwCRoxQ5\" data-secret=\"lVMwCRoxQ5\" width=\"600\" height=\"338\" frameborder=\"0\" marginwidth=\"0\" marginheight=\"0\" scrolling=\"no\"><\/iframe><\/p>\n","protected":false},"excerpt":{"rendered":"<p>Alejandro Matty Ortega\/Irreverente Noticias &nbsp; Ciudad de M\u00e9xico (IN).- Colectivos de Madres Buscadoras mediante una llamada an\u00f3nima, localizaron un predio 33 nuevas fosas clandestinas con 57 cuerpos en \u00abEl Choyudo\u00bb, Hermosillo, Sonora. &nbsp; Desde hace 3 meses, no existe un solo d\u00eda que no se reporte la desapariciones en Hermosillo, Nogales, Ciudad Obreg\u00f3n, Guaymas, Empalme,&#8230;<\/p>\n","protected":false},"author":2,"featured_media":55068,"comment_status":"closed","ping_status":"closed","sticky":false,"template":"","format":"standard","meta":{"_crdt_document":"","_exactmetrics_skip_tracking":false,"_exactmetrics_sitenote_active":false,"_exactmetrics_sitenote_note":"","_exactmetrics_sitenote_category":0,"footnotes":""},"categories":[26,23,19,31,1,27],"tags":[28,29,30],"class_list":["post-55067","post","type-post","status-publish","format-standard","has-post-thumbnail","hentry","category-local","category-mexico","category-opinion","category-politica","category-seguridad","category-sonora","tag-nogales","tag-nogales-la-gran-frontera","tag-sonora-tierra-de-oportunidades"],"_links":{"self":[{"href":"https:\/\/elpajaritonews.com\/index.php?rest_route=\/wp\/v2\/posts\/55067","targetHints":{"allow":["GET"]}}],"collection":[{"href":"https:\/\/elpajaritonews.com\/index.php?rest_route=\/wp\/v2\/posts"}],"about":[{"href":"https:\/\/elpajaritonews.com\/index.php?rest_route=\/wp\/v2\/types\/post"}],"author":[{"embeddable":true,"href":"https:\/\/elpajaritonews.com\/index.php?rest_route=\/wp\/v2\/users\/2"}],"replies":[{"embeddable":true,"href":"https:\/\/elpajaritonews.com\/index.php?rest_route=%2Fwp%2Fv2%2Fcomments&post=55067"}],"version-history":[{"count":1,"href":"https:\/\/elpajaritonews.com\/index.php?rest_route=\/wp\/v2\/posts\/55067\/revisions"}],"predecessor-version":[{"id":55069,"href":"https:\/\/elpajaritonews.com\/index.php?rest_route=\/wp\/v2\/posts\/55067\/revisions\/55069"}],"wp:featuredmedia":[{"embeddable":true,"href":"https:\/\/elpajaritonews.com\/index.php?rest_route=\/wp\/v2\/media\/55068"}],"wp:attachment":[{"href":"https:\/\/elpajaritonews.com\/index.php?rest_route=%2Fwp%2Fv2%2Fmedia&parent=55067"}],"wp:term":[{"taxonomy":"category","embeddable":true,"href":"https:\/\/elpajaritonews.com\/index.php?rest_route=%2Fwp%2Fv2%2Fcategories&post=55067"},{"taxonomy":"post_tag","embeddable":true,"href":"https:\/\/elpajaritonews.com\/index.php?rest_route=%2Fwp%2Fv2%2Ftags&post=55067"}],"curies":[{"name":"wp","href":"https:\/\/api.w.org\/{rel}","templated":true}]}}