{"id":55200,"date":"2024-02-02T00:23:57","date_gmt":"2024-02-02T00:23:57","guid":{"rendered":"https:\/\/elpajaritonews.com\/?p=55200"},"modified":"2024-02-26T20:18:58","modified_gmt":"2024-02-26T20:18:58","slug":"responde-grupo-parlamentario-de-morena-a-los-sonorenses-con-una-agenda-legislativa-ciudadana","status":"publish","type":"post","link":"https:\/\/elpajaritonews.com\/?p=55200","title":{"rendered":"RESPONDE GRUPO PARLAMENTARIO DE MORENA A LOS SONORENSES CON UNA AGENDA LEGISLATIVA CIUDADANA."},"content":{"rendered":"<p><img loading=\"lazy\" decoding=\"async\" class=\"alignnone wp-image-56043\" src=\"https:\/\/elpajaritonews.com\/wp-content\/uploads\/2024\/02\/BANER-6-300x36.jpg\" alt=\"\" width=\"567\" height=\"68\" srcset=\"https:\/\/elpajaritonews.com\/wp-content\/uploads\/2024\/02\/BANER-6-300x36.jpg 300w, https:\/\/elpajaritonews.com\/wp-content\/uploads\/2024\/02\/BANER-6.jpg 592w\" sizes=\"auto, (max-width: 567px) 100vw, 567px\" \/><\/p>\n<p>Una agenda legislativa comprometida con el fortalecimiento y la ampliaci\u00f3n de los derechos humanos que garantice el bienestar de las y los sonorenses, present\u00f3 el Grupo Parlamentario de Morena.<\/p>\n<p>&nbsp;<\/p>\n<p>En sesi\u00f3n ordinaria, la coordinadora Ernestina Castro Valenzuela, precis\u00f3 que la agenda fue elaborada acorde a los principios de la Cuarta Transformaci\u00f3n y se enfoca en lograr el bienestar y respeto de los derechos humanos.<\/p>\n<p>&nbsp;<\/p>\n<p>\u201cEl Grupo Parlamentario de Morena reitera una vez m\u00e1s su convicci\u00f3n por impulsar una agenda legislativa con profunda orientaci\u00f3n social, comprometida con el fortalecimiento y ampliaci\u00f3n de los derechos humanos a fin de garantizar el bienestar de las y los sonorenses, y favorecer el derecho de la ciudadan\u00eda de un buen gobierno y una buena administraci\u00f3n para consolidar un estado de libertades y derechos. Las y los diputados sabremos estar a la altura de las expectativas ciudadanas, porque es nuestro deber y obligaci\u00f3n frente al pueblo de Sonora\u201d, indic\u00f3.<\/p>\n<p>&nbsp;<\/p>\n<p>Castro Valenzuela subray\u00f3 que en el periodo ordinario se presentar\u00e1n temas en los siguientes ejes tem\u00e1ticos: Justicia, seguridad, derechos humanos y combate a la corrupci\u00f3n; bienestar y seguridad social; gobierno responsable; desarrollo econ\u00f3mico; educaci\u00f3n y cultura, gesti\u00f3n y buen gobierno, as\u00ed como agenda verde.<\/p>\n<p>&nbsp;<\/p>\n<p>Detall\u00f3 que la agenda de trabajo est\u00e1 orientada en presentar temas de inter\u00e9s prioritario para las y los sonorenses como el proyecto de Decreto que tiene como objetivo atender el debido desarrollo de las hijas e hijos de las mujeres en situaci\u00f3n de reclusi\u00f3n; reformas a la Ley de los Derechos de Ni\u00f1as, Ni\u00f1os y Adolescentes del Estado en materia de pensiones alimenticias; as\u00ed como la iniciativa que busca fortalecer los espacios de participaci\u00f3n y expresi\u00f3n de las comunidades ind\u00edgenas.<\/p>\n<p>&nbsp;<\/p>\n<p>As\u00ed mismo se propondr\u00e1 implementar las medidas necesarias en materia de educaci\u00f3n y salud emocional y, protocolo de atenci\u00f3n para la atenci\u00f3n y prevenci\u00f3n de actos e intentos de suicidios de ni\u00f1as, ni\u00f1os y adolescentes; regular el aumento a las cuotas escolares en instituciones de educaci\u00f3n privada; as\u00ed como crear una nueva ley estatal de v\u00eddeo vigilancia; entre otros temas.<\/p>\n<p>&nbsp;<\/p>\n<p>La coordinadora morenista agreg\u00f3 que la agenda es perfectible y estar\u00e1 abierta a las propuestas e ideas que, desde la ciudadan\u00eda y la sociedad civil organizada, puedan enriquecer el actuar legislativo.<\/p>\n","protected":false},"excerpt":{"rendered":"<p>Una agenda legislativa comprometida con el fortalecimiento y la ampliaci\u00f3n de los derechos humanos que garantice el bienestar de las y los sonorenses, present\u00f3 el Grupo Parlamentario de Morena. &nbsp; En sesi\u00f3n ordinaria, la coordinadora Ernestina Castro Valenzuela, precis\u00f3 que la agenda fue elaborada acorde a los principios de la Cuarta Transformaci\u00f3n y se enfoca&#8230;<\/p>\n","protected":false},"author":2,"featured_media":55201,"comment_status":"closed","ping_status":"closed","sticky":false,"template":"","format":"standard","meta":{"_crdt_document":"","_exactmetrics_skip_tracking":false,"_exactmetrics_sitenote_active":false,"_exactmetrics_sitenote_note":"","_exactmetrics_sitenote_category":0,"footnotes":""},"categories":[20,31,27],"tags":[28,29,30],"class_list":["post-55200","post","type-post","status-publish","format-standard","has-post-thumbnail","hentry","category-congreso","category-politica","category-sonora","tag-nogales","tag-nogales-la-gran-frontera","tag-sonora-tierra-de-oportunidades"],"_links":{"self":[{"href":"https:\/\/elpajaritonews.com\/index.php?rest_route=\/wp\/v2\/posts\/55200","targetHints":{"allow":["GET"]}}],"collection":[{"href":"https:\/\/elpajaritonews.com\/index.php?rest_route=\/wp\/v2\/posts"}],"about":[{"href":"https:\/\/elpajaritonews.com\/index.php?rest_route=\/wp\/v2\/types\/post"}],"author":[{"embeddable":true,"href":"https:\/\/elpajaritonews.com\/index.php?rest_route=\/wp\/v2\/users\/2"}],"replies":[{"embeddable":true,"href":"https:\/\/elpajaritonews.com\/index.php?rest_route=%2Fwp%2Fv2%2Fcomments&post=55200"}],"version-history":[{"count":2,"href":"https:\/\/elpajaritonews.com\/index.php?rest_route=\/wp\/v2\/posts\/55200\/revisions"}],"predecessor-version":[{"id":56044,"href":"https:\/\/elpajaritonews.com\/index.php?rest_route=\/wp\/v2\/posts\/55200\/revisions\/56044"}],"wp:featuredmedia":[{"embeddable":true,"href":"https:\/\/elpajaritonews.com\/index.php?rest_route=\/wp\/v2\/media\/55201"}],"wp:attachment":[{"href":"https:\/\/elpajaritonews.com\/index.php?rest_route=%2Fwp%2Fv2%2Fmedia&parent=55200"}],"wp:term":[{"taxonomy":"category","embeddable":true,"href":"https:\/\/elpajaritonews.com\/index.php?rest_route=%2Fwp%2Fv2%2Fcategories&post=55200"},{"taxonomy":"post_tag","embeddable":true,"href":"https:\/\/elpajaritonews.com\/index.php?rest_route=%2Fwp%2Fv2%2Ftags&post=55200"}],"curies":[{"name":"wp","href":"https:\/\/api.w.org\/{rel}","templated":true}]}}