{"id":55203,"date":"2024-02-02T00:40:12","date_gmt":"2024-02-02T00:40:12","guid":{"rendered":"https:\/\/elpajaritonews.com\/?p=55203"},"modified":"2024-02-02T00:40:12","modified_gmt":"2024-02-02T00:40:12","slug":"inaugura-congreso-de-sonora-segundo-periodo-de-sesiones-ordinarias","status":"publish","type":"post","link":"https:\/\/elpajaritonews.com\/?p=55203","title":{"rendered":"INAUGURA CONGRESO DE SONORA SEGUNDO PERIODO DE SESIONES ORDINARIAS"},"content":{"rendered":"<p>La 63 Legislatura de Sonora inaugur\u00f3 hoy su segundo periodo de sesiones ordinarias, correspondiente al tercer a\u00f1o de ejercicio constitucional y en cuya sesi\u00f3n de apertura los siete grupos parlamentarios presentaron las agendas legislativas a desahogar los meses de febrero a abril.<\/p>\n<p>&nbsp;<\/p>\n<p>Tambi\u00e9n se eligi\u00f3 a la mesa directiva que fungir\u00e1 durante este per\u00edodo ordinario y en el extraordinario (mayo-agosto), la cual fue integrada por las diputadas Beatriz Cota Ponce (NA), presidenta; Mar\u00eda Jes\u00fas Castro Urquijo (Morena), vicepresidenta; Karina Teresita Z\u00e1rate F\u00e9lix (Morena), primera secretaria; los diputados Iram Leobardo Sol\u00eds Garc\u00eda (PT), segundo secretario; y Jos\u00e9 Rafael Ram\u00edrez Morales (Morena), suplente.<\/p>\n<p>&nbsp;<\/p>\n<p>La diputada Claudia Zulema Bours Corral, quien fungi\u00f3 como presidenta de la mesa directiva saliente, present\u00f3 un informe de las actividades que llev\u00f3 a cabo el Poder Legislativo durante el primer periodo ordinario, en cumplimiento a lo establecido por la Ley Org\u00e1nica del Poder Legislativo.<\/p>\n<p>&nbsp;<\/p>\n<p>Enseguida, los grupos parlamentarios presentaron posicionamientos con las agendas legislativas para este segundo periodo de sesiones ordinarias. Por Morena, la diputada Ernestina Castro Valenzuela manifest\u00f3 que su bancada tiene el compromiso de seguir representando la voz de las y los ciudadanos sonorenses, por lo que orientar\u00e1 sus esfuerzos en garantizar bienestar social, progresividad de derechos y reducci\u00f3n de brechas de desigualdad en la entidad.<\/p>\n<p>&nbsp;<\/p>\n<p>A nombre del grupo parlamentario de Movimiento Ciudadano (MC), el diputado Jorge Eugenio Russo Salido afirm\u00f3 que, en esta \u00faltima etapa, se buscar\u00e1 cerrar con el mismo ah\u00ednco con el que se inici\u00f3 la legislatura, a trav\u00e9s de una agenda plural que privilegie la participaci\u00f3n ciudadana para construir, desde lo local, el estado que se merece el pueblo sonorense.<\/p>\n<p>&nbsp;<\/p>\n<p>Por el grupo parlamentario del Partido Acci\u00f3n Nacional (PAN), la diputada Alejandra L\u00f3pez Noriega record\u00f3 la disposici\u00f3n de su bancada en buscar soluciones al gran problema de la inseguridad p\u00fablica y asegur\u00f3 que seguir\u00e1 respaldando a las autoridades de los tres niveles de gobierno en la construcci\u00f3n de una econom\u00eda m\u00e1s s\u00f3lida y vigorosa.<\/p>\n<p>&nbsp;<\/p>\n<p>En este \u00faltimo a\u00f1o de la 63 Legislatura, el grupo parlamentario del Partido del Trabajo (PT) promover\u00e1 iniciativas con el fin de prevenir y erradicar el maltrato infantil, para preservar el derecho a la salud, el esparcimiento y a una vida libre vida de violencia de la ni\u00f1ez del estado, sostuvo la diputada Diana Karina Barreras Samaniego.<\/p>\n<p><img loading=\"lazy\" decoding=\"async\" class=\"alignnone size-medium wp-image-55205\" src=\"https:\/\/elpajaritonews.com\/wp-content\/uploads\/2024\/02\/15af024f-73be-4410-8830-33a2fd3e800f-300x145.jpg\" alt=\"\" width=\"300\" height=\"145\" srcset=\"https:\/\/elpajaritonews.com\/wp-content\/uploads\/2024\/02\/15af024f-73be-4410-8830-33a2fd3e800f-300x145.jpg 300w, https:\/\/elpajaritonews.com\/wp-content\/uploads\/2024\/02\/15af024f-73be-4410-8830-33a2fd3e800f-1024x493.jpg 1024w, https:\/\/elpajaritonews.com\/wp-content\/uploads\/2024\/02\/15af024f-73be-4410-8830-33a2fd3e800f-768x370.jpg 768w, https:\/\/elpajaritonews.com\/wp-content\/uploads\/2024\/02\/15af024f-73be-4410-8830-33a2fd3e800f-1536x740.jpg 1536w, https:\/\/elpajaritonews.com\/wp-content\/uploads\/2024\/02\/15af024f-73be-4410-8830-33a2fd3e800f-872x420.jpg 872w, https:\/\/elpajaritonews.com\/wp-content\/uploads\/2024\/02\/15af024f-73be-4410-8830-33a2fd3e800f-640x308.jpg 640w, https:\/\/elpajaritonews.com\/wp-content\/uploads\/2024\/02\/15af024f-73be-4410-8830-33a2fd3e800f-681x328.jpg 681w, https:\/\/elpajaritonews.com\/wp-content\/uploads\/2024\/02\/15af024f-73be-4410-8830-33a2fd3e800f.jpg 1600w\" sizes=\"auto, (max-width: 300px) 100vw, 300px\" \/><\/p>\n<p>Por su parte, la diputada Lirio Anah\u00ed Del Castillo Salazar present\u00f3 el posicionamiento del grupo parlamentario del Partido Verde Ecologista de M\u00e9xico (PVEM), en el que destac\u00f3 que, para que contin\u00fae la transformaci\u00f3n en Sonora, es vital seguir con acciones para proteger a la poblaci\u00f3n y sus recursos naturales.<\/p>\n<p>&nbsp;<\/p>\n<p>Nueva Alianza Sonora, asever\u00f3 la diputada Beatriz Cota Ponce, seguir\u00e1 empujando la visi\u00f3n transformadora de colocar a la educaci\u00f3n como la piedra angular que guiar\u00e1 el desarrollo de la entidad, de la mano con la fuerza del magisterio.<\/p>\n<p>&nbsp;<\/p>\n<p>Por \u00faltimo, el diputado Ernesto Roger Munro expuso que el grupo parlamentario del Partido Encuentro Solidario (PES) mantiene su convicci\u00f3n de consolidar el progreso y bienestar de Sonora por medio de pol\u00edticas progresistas, trabajo interinstitucional y atenci\u00f3n a los m\u00e1s necesitados.<\/p>\n<p>&nbsp;<\/p>\n<p>Una vez presentadas las agendas legislativas se enton\u00f3 el Himno Nacional, para despu\u00e9s clausurar la sesi\u00f3n y citar para la pr\u00f3xima, el martes 6 de febrero, a las 11:00 horas.<\/p>\n","protected":false},"excerpt":{"rendered":"<p>La 63 Legislatura de Sonora inaugur\u00f3 hoy su segundo periodo de sesiones ordinarias, correspondiente al tercer a\u00f1o de ejercicio constitucional y en cuya sesi\u00f3n de apertura los siete grupos parlamentarios presentaron las agendas legislativas a desahogar los meses de febrero a abril. &nbsp; Tambi\u00e9n se eligi\u00f3 a la mesa directiva que fungir\u00e1 durante este per\u00edodo&#8230;<\/p>\n","protected":false},"author":2,"featured_media":55204,"comment_status":"closed","ping_status":"closed","sticky":false,"template":"","format":"standard","meta":{"_crdt_document":"","_exactmetrics_skip_tracking":false,"_exactmetrics_sitenote_active":false,"_exactmetrics_sitenote_note":"","_exactmetrics_sitenote_category":0,"footnotes":""},"categories":[20,31,27],"tags":[28,29,30],"class_list":["post-55203","post","type-post","status-publish","format-standard","has-post-thumbnail","hentry","category-congreso","category-politica","category-sonora","tag-nogales","tag-nogales-la-gran-frontera","tag-sonora-tierra-de-oportunidades"],"_links":{"self":[{"href":"https:\/\/elpajaritonews.com\/index.php?rest_route=\/wp\/v2\/posts\/55203","targetHints":{"allow":["GET"]}}],"collection":[{"href":"https:\/\/elpajaritonews.com\/index.php?rest_route=\/wp\/v2\/posts"}],"about":[{"href":"https:\/\/elpajaritonews.com\/index.php?rest_route=\/wp\/v2\/types\/post"}],"author":[{"embeddable":true,"href":"https:\/\/elpajaritonews.com\/index.php?rest_route=\/wp\/v2\/users\/2"}],"replies":[{"embeddable":true,"href":"https:\/\/elpajaritonews.com\/index.php?rest_route=%2Fwp%2Fv2%2Fcomments&post=55203"}],"version-history":[{"count":1,"href":"https:\/\/elpajaritonews.com\/index.php?rest_route=\/wp\/v2\/posts\/55203\/revisions"}],"predecessor-version":[{"id":55206,"href":"https:\/\/elpajaritonews.com\/index.php?rest_route=\/wp\/v2\/posts\/55203\/revisions\/55206"}],"wp:featuredmedia":[{"embeddable":true,"href":"https:\/\/elpajaritonews.com\/index.php?rest_route=\/wp\/v2\/media\/55204"}],"wp:attachment":[{"href":"https:\/\/elpajaritonews.com\/index.php?rest_route=%2Fwp%2Fv2%2Fmedia&parent=55203"}],"wp:term":[{"taxonomy":"category","embeddable":true,"href":"https:\/\/elpajaritonews.com\/index.php?rest_route=%2Fwp%2Fv2%2Fcategories&post=55203"},{"taxonomy":"post_tag","embeddable":true,"href":"https:\/\/elpajaritonews.com\/index.php?rest_route=%2Fwp%2Fv2%2Ftags&post=55203"}],"curies":[{"name":"wp","href":"https:\/\/api.w.org\/{rel}","templated":true}]}}