{"id":55219,"date":"2024-02-02T21:55:55","date_gmt":"2024-02-02T21:55:55","guid":{"rendered":"https:\/\/elpajaritonews.com\/?p=55219"},"modified":"2024-02-02T21:55:55","modified_gmt":"2024-02-02T21:55:55","slug":"dia-de-la-candelaria-ayuda-a-reconstruir-el-tejido-social-en-sonora","status":"publish","type":"post","link":"https:\/\/elpajaritonews.com\/?p=55219","title":{"rendered":"D\u00cdA DE LA CANDELARIA AYUDA A RECONSTRUIR EL TEJIDO SOCIAL EN SONORA"},"content":{"rendered":"<p>Alejandro Matty Ortega\/Irreverente Noticias<\/p>\n<p>Ciudad de M\u00e9xico (IN).- la celebraci\u00f3m del D\u00eda de la Candelaria ayuda a la reconstricci\u00f3n del tejido social en Sonora.<\/p>\n<p>Juan Carlos Holgu\u00edn Balderrama, acad\u00e9mico del Departamento de Historia y Antropolog\u00eda de la Universidad de Sonora, destac\u00f3 que \u00abson actividades que estrechan los lazos de identidad\u00bb.<\/p>\n<p>Apunt\u00f3 que en el caso de Villa de Seris, \u00abcomo en otros lugares, tambi\u00e9n fomentan que se protejan los edificios con rese\u00f1a hist\u00f3rica, lejos de destruirlos para construir edificios nuevos, los vecinos se sienten orgullosos de sus costumbres y tradiciones y protegen ese ambiente\u201d.<\/p>\n<p>El maestro Holgu\u00edn Balderrama record\u00f3 que en el caso de Hermosillo, \u00abse tiene a la Virgen de la Asunci\u00f3n, en la Catedral Metropolitana; la Virgen del Carmen, en la colonia Del Razo y la Virgen de la Candelaria, en el emblem\u00e1tico barrio m\u00e1gico de Villa de Seris\u00bb.<\/p>\n<p>El acad\u00e9mico aclar\u00f3 que salvo la veneraci\u00f3n a la Virgen de Guadalupe, \u00abel resto de las manifestaciones marianas provienen de Espa\u00f1a, cuando llegaron los exploradores y misioneros a la regi\u00f3n con la colonizaci\u00f3n\u00bb.<\/p>\n<p>Dijo adem\u00e1s que la adoraci\u00f3n a la Virgen de la Candelaria \u00abes una de las celebraciones m\u00e1s extendidas en Am\u00e9rica, despu\u00e9s de la Virgen de Guadalupe y en el caso de Sonora, se tiene presencia en el municipio de Moctezuma\u00bb.<\/p>\n<p>En ese municipio, es \u00abdonde se realizan las fiestas patronales muy grandes, tambi\u00e9n hay presencia en la regi\u00f3n de \u00c1lamos, Sonora, que tiempo atr\u00e1s en una hacienda, en las fiestas de la Candelaria y por la concentraci\u00f3n de personas fue parte del origen de la epidemia del c\u00f3lera en el a\u00f1o de 1851\u00bb.<\/p>\n<p>Destac\u00f3 que la Virgen de la Candelaria \u00abtiene su origen en las Islas Canarias, Espa\u00f1a y se festeja el 2 de febrero, porque seg\u00fan el calendario lit\u00fargico se recuerda la presentaci\u00f3n del ni\u00f1o Jes\u00fas en el templo de Jerusal\u00e9n y la purificaci\u00f3n de la Virgen Mar\u00eda\u00bb.<\/p>\n<p>El nombre de Candelaria \u00abproviene del lat\u00edn candela, procedente de candeo, que es estar candente, o encendido y derivado a su vez de la ra\u00edz indoeuropea kand, que significa brillar\u00bb.<\/p>\n<p>En Hermosillo la iglesia donde se encuentra ubicada la Virgen de la Candelaria data del XIX, es uno de los templos m\u00e1s antiguos de la regi\u00f3n, precis\u00f3.<\/p>\n<p>Los tamales<br \/>\nCon informaci\u00f3n generada por cronistas locales, explic\u00f3 que los festejos patronales grandes en Villa de Seris iniciaron en la d\u00e9cada de 1950 y al paso de los a\u00f1os ha fortalecido y cohesionando a los vecinos del barrio m\u00e1gico y en los \u00faltimos 20 a\u00f1os han registrado un crecimiento con mayor arraigo.<\/p>\n<p>Adem\u00e1s, la exhibici\u00f3n de tamales tiene influencia del centro de M\u00e9xico, pues a quienes le toca el ni\u00f1o en la rosca de reyes est\u00e1n obligados a ofrecer tamales en la oficina, reuniones familiares o sociales.<\/p>\n<p>Holgu\u00edn Balderrama sostuvo que los tiempos de las redes sociales y el manejo r\u00e1pido de la informaci\u00f3n har\u00e1n crecer el n\u00famero de personas que asistan a las fiestas mayores de Villa de Seris y promueve un inter\u00e9s por las tradiciones logrando un equilibro entre lo tradicional y el sentido de pertinencia de las familias hermosillenses.<\/p>\n","protected":false},"excerpt":{"rendered":"<p>Alejandro Matty Ortega\/Irreverente Noticias Ciudad de M\u00e9xico (IN).- la celebraci\u00f3m del D\u00eda de la Candelaria ayuda a la reconstricci\u00f3n del tejido social en Sonora. Juan Carlos Holgu\u00edn Balderrama, acad\u00e9mico del Departamento de Historia y Antropolog\u00eda de la Universidad de Sonora, destac\u00f3 que \u00abson actividades que estrechan los lazos de identidad\u00bb. Apunt\u00f3 que en el caso&#8230;<\/p>\n","protected":false},"author":2,"featured_media":55220,"comment_status":"closed","ping_status":"closed","sticky":false,"template":"","format":"standard","meta":{"_crdt_document":"","_exactmetrics_skip_tracking":false,"_exactmetrics_sitenote_active":false,"_exactmetrics_sitenote_note":"","_exactmetrics_sitenote_category":0,"footnotes":""},"categories":[26,23,19,27],"tags":[28,29,30],"class_list":["post-55219","post","type-post","status-publish","format-standard","has-post-thumbnail","hentry","category-local","category-mexico","category-opinion","category-sonora","tag-nogales","tag-nogales-la-gran-frontera","tag-sonora-tierra-de-oportunidades"],"_links":{"self":[{"href":"https:\/\/elpajaritonews.com\/index.php?rest_route=\/wp\/v2\/posts\/55219","targetHints":{"allow":["GET"]}}],"collection":[{"href":"https:\/\/elpajaritonews.com\/index.php?rest_route=\/wp\/v2\/posts"}],"about":[{"href":"https:\/\/elpajaritonews.com\/index.php?rest_route=\/wp\/v2\/types\/post"}],"author":[{"embeddable":true,"href":"https:\/\/elpajaritonews.com\/index.php?rest_route=\/wp\/v2\/users\/2"}],"replies":[{"embeddable":true,"href":"https:\/\/elpajaritonews.com\/index.php?rest_route=%2Fwp%2Fv2%2Fcomments&post=55219"}],"version-history":[{"count":1,"href":"https:\/\/elpajaritonews.com\/index.php?rest_route=\/wp\/v2\/posts\/55219\/revisions"}],"predecessor-version":[{"id":55221,"href":"https:\/\/elpajaritonews.com\/index.php?rest_route=\/wp\/v2\/posts\/55219\/revisions\/55221"}],"wp:featuredmedia":[{"embeddable":true,"href":"https:\/\/elpajaritonews.com\/index.php?rest_route=\/wp\/v2\/media\/55220"}],"wp:attachment":[{"href":"https:\/\/elpajaritonews.com\/index.php?rest_route=%2Fwp%2Fv2%2Fmedia&parent=55219"}],"wp:term":[{"taxonomy":"category","embeddable":true,"href":"https:\/\/elpajaritonews.com\/index.php?rest_route=%2Fwp%2Fv2%2Fcategories&post=55219"},{"taxonomy":"post_tag","embeddable":true,"href":"https:\/\/elpajaritonews.com\/index.php?rest_route=%2Fwp%2Fv2%2Ftags&post=55219"}],"curies":[{"name":"wp","href":"https:\/\/api.w.org\/{rel}","templated":true}]}}