{"id":55237,"date":"2024-02-04T07:42:48","date_gmt":"2024-02-04T07:42:48","guid":{"rendered":"https:\/\/elpajaritonews.com\/?p=55237"},"modified":"2024-02-04T07:42:48","modified_gmt":"2024-02-04T07:42:48","slug":"presunto-homicida-del-medico-lopez-carrillo-lo-golpeo-con-un-arma-le-disparo-y-robo-pertenencias-de-su-casa-en-hermosillo-fiscalia-de-sonora","status":"publish","type":"post","link":"https:\/\/elpajaritonews.com\/?p=55237","title":{"rendered":"PRESUNTO HOMICIDA DEL M\u00c9DICO L\u00d3PEZ CARRILLO LO GOLPE\u00d3 CON UN ARMA, LE DISPAR\u00d3 Y ROB\u00d3 PERTENENCIAS DE SU CASA EN HERMOSILLO: FISCAL\u00cdA DE SONORA"},"content":{"rendered":"<p>La Fiscal\u00eda General de Justicia del Estado (FGJE) de Sonora imput\u00f3 a Ram\u00f3n Gerardo \u201cN\u201d, de 24 a\u00f1os, por su probable responsabilidad en la muerte y robo en agravio del doctor Carlos L\u00f3pez Carrillo, el 21 de enero, en Hermosillo.<\/p>\n<p>&nbsp;<\/p>\n<p>Se recuperaron pruebas durante tres diligencias de cateo en Hermosillo y Etchojoa.<\/p>\n<p>&nbsp;<\/p>\n<p>Adem\u00e1s, con base en diversas investigaciones tanto de campo como de gabinete, se recuperaron objetos robados de la casa de la v\u00edctima y junto a testimonios e im\u00e1genes en el lugar, el agente del Ministerio P\u00fablico formul\u00f3 hoy una imputaci\u00f3n penal en contra del sujeto<\/p>\n<p>&nbsp;<\/p>\n<p>La orden de aprehensi\u00f3n, obtenida anteriormente, fue ejecutada por elementos de la Agencia Ministerial de Investigaci\u00f3n Criminal (AMIC) en una casa de la colonia Nuevo Hermosillo para ser turnado ante la autoridad judicial.<\/p>\n<p>&nbsp;<\/p>\n<p>Entre los hechos que se imputan al se\u00f1alado est\u00e1 el ataque a golpes y con una arma de fuego al cirujano el pasado 21 de enero..<\/p>\n<p>&nbsp;<\/p>\n<p>Lo anterior ocurri\u00f3 en el interior de la casa de la v\u00edctima en Residencial Cima en Hermosillo, Sonora, a la que el imputado accedi\u00f3 con la autorizaci\u00f3n del m\u00e9dico vali\u00e9ndose de la confianza personal que le ten\u00eda.<\/p>\n<p>&nbsp;<\/p>\n<p>Tras esto, el hombre rob\u00f3 del doctor, dinero en efectivo y un veh\u00edculo que utiliz\u00f3 para escapar del lugar y que fue localizado por la polic\u00eda.<\/p>\n<p>&nbsp;<\/p>\n<p>Lo anterior fue debidamente acreditado, por lo que esta representaci\u00f3n social solicit\u00f3 la vinculaci\u00f3n a proceso, no obstante, la defensa solicit\u00f3 la ampliaci\u00f3n del t\u00e9rmino constitucional a 72 horas, por lo que la situaci\u00f3n jur\u00eddica del imputado ser\u00e1 resuelta por los tribunales en la continuaci\u00f3n de la audiencia el pr\u00f3ximo lunes 5 de febrero; mientras tanto, el imputado se mantendr\u00e1 en prisi\u00f3n preventiva justificada por determinaci\u00f3n de la autoridad judicial.<\/p>\n","protected":false},"excerpt":{"rendered":"<p>La Fiscal\u00eda General de Justicia del Estado (FGJE) de Sonora imput\u00f3 a Ram\u00f3n Gerardo \u201cN\u201d, de 24 a\u00f1os, por su probable responsabilidad en la muerte y robo en agravio del doctor Carlos L\u00f3pez Carrillo, el 21 de enero, en Hermosillo. &nbsp; Se recuperaron pruebas durante tres diligencias de cateo en Hermosillo y Etchojoa. &nbsp; Adem\u00e1s,&#8230;<\/p>\n","protected":false},"author":2,"featured_media":55238,"comment_status":"closed","ping_status":"closed","sticky":false,"template":"","format":"standard","meta":{"_crdt_document":"","_exactmetrics_skip_tracking":false,"_exactmetrics_sitenote_active":false,"_exactmetrics_sitenote_note":"","_exactmetrics_sitenote_category":0,"footnotes":""},"categories":[26,1,27],"tags":[28,29,30],"class_list":["post-55237","post","type-post","status-publish","format-standard","has-post-thumbnail","hentry","category-local","category-seguridad","category-sonora","tag-nogales","tag-nogales-la-gran-frontera","tag-sonora-tierra-de-oportunidades"],"_links":{"self":[{"href":"https:\/\/elpajaritonews.com\/index.php?rest_route=\/wp\/v2\/posts\/55237","targetHints":{"allow":["GET"]}}],"collection":[{"href":"https:\/\/elpajaritonews.com\/index.php?rest_route=\/wp\/v2\/posts"}],"about":[{"href":"https:\/\/elpajaritonews.com\/index.php?rest_route=\/wp\/v2\/types\/post"}],"author":[{"embeddable":true,"href":"https:\/\/elpajaritonews.com\/index.php?rest_route=\/wp\/v2\/users\/2"}],"replies":[{"embeddable":true,"href":"https:\/\/elpajaritonews.com\/index.php?rest_route=%2Fwp%2Fv2%2Fcomments&post=55237"}],"version-history":[{"count":1,"href":"https:\/\/elpajaritonews.com\/index.php?rest_route=\/wp\/v2\/posts\/55237\/revisions"}],"predecessor-version":[{"id":55239,"href":"https:\/\/elpajaritonews.com\/index.php?rest_route=\/wp\/v2\/posts\/55237\/revisions\/55239"}],"wp:featuredmedia":[{"embeddable":true,"href":"https:\/\/elpajaritonews.com\/index.php?rest_route=\/wp\/v2\/media\/55238"}],"wp:attachment":[{"href":"https:\/\/elpajaritonews.com\/index.php?rest_route=%2Fwp%2Fv2%2Fmedia&parent=55237"}],"wp:term":[{"taxonomy":"category","embeddable":true,"href":"https:\/\/elpajaritonews.com\/index.php?rest_route=%2Fwp%2Fv2%2Fcategories&post=55237"},{"taxonomy":"post_tag","embeddable":true,"href":"https:\/\/elpajaritonews.com\/index.php?rest_route=%2Fwp%2Fv2%2Ftags&post=55237"}],"curies":[{"name":"wp","href":"https:\/\/api.w.org\/{rel}","templated":true}]}}