{"id":55240,"date":"2024-02-04T08:02:51","date_gmt":"2024-02-04T08:02:51","guid":{"rendered":"https:\/\/elpajaritonews.com\/?p=55240"},"modified":"2024-02-04T08:02:51","modified_gmt":"2024-02-04T08:02:51","slug":"son-sonora-y-arizona-centro-economico-para-atraccion-de-nuevas-inversiones-alfonso-durazo","status":"publish","type":"post","link":"https:\/\/elpajaritonews.com\/?p=55240","title":{"rendered":"SON SONORA Y ARIZONA CENTRO ECON\u00d3MICO PARA ATRACCI\u00d3N DE NUEVAS INVERSIONES: ALFONSO DURAZO"},"content":{"rendered":"<p>Con el prop\u00f3sito de fortalecer los lazos entre Sonora y Arizona, y promover a ambos estados fronterizos como la Macro Regi\u00f3n econ\u00f3mica que consolida el hub de las inversiones m\u00e1s importantes del mundo, el gobernador Alfonso Durazo Monta\u00f1o, particip\u00f3 en el Foro Econ\u00f3mico del Comit\u00e9 de Relaciones Exteriores de Phoenix, Arizona.<\/p>\n<p><img loading=\"lazy\" decoding=\"async\" class=\"alignnone  wp-image-55242\" src=\"https:\/\/elpajaritonews.com\/wp-content\/uploads\/2024\/02\/c8038410-f1c4-4173-8422-de890b5c035b-300x200.jpg\" alt=\"\" width=\"548\" height=\"365\" srcset=\"https:\/\/elpajaritonews.com\/wp-content\/uploads\/2024\/02\/c8038410-f1c4-4173-8422-de890b5c035b-300x200.jpg 300w, https:\/\/elpajaritonews.com\/wp-content\/uploads\/2024\/02\/c8038410-f1c4-4173-8422-de890b5c035b-1024x682.jpg 1024w, https:\/\/elpajaritonews.com\/wp-content\/uploads\/2024\/02\/c8038410-f1c4-4173-8422-de890b5c035b-768x512.jpg 768w, https:\/\/elpajaritonews.com\/wp-content\/uploads\/2024\/02\/c8038410-f1c4-4173-8422-de890b5c035b-630x420.jpg 630w, https:\/\/elpajaritonews.com\/wp-content\/uploads\/2024\/02\/c8038410-f1c4-4173-8422-de890b5c035b-640x427.jpg 640w, https:\/\/elpajaritonews.com\/wp-content\/uploads\/2024\/02\/c8038410-f1c4-4173-8422-de890b5c035b-681x454.jpg 681w, https:\/\/elpajaritonews.com\/wp-content\/uploads\/2024\/02\/c8038410-f1c4-4173-8422-de890b5c035b.jpg 1280w\" sizes=\"auto, (max-width: 548px) 100vw, 548px\" \/><\/p>\n<p>El titular del Ejecutivo estatal, al lado de la gobernadora de Arizona Katie Hobbs, la Canciller Alicia B\u00e1rcena y la titular de Comercio en Arizona Sandra Watson, durante su intervenci\u00f3n en el panel \u201cPlan Sonora y Complementariedad Econ\u00f3mica entre Arizona y M\u00e9xico\u201d, explic\u00f3 que la entidad sonorense funge como representaci\u00f3n principal del Gobierno de M\u00e9xico en el proceso de transici\u00f3n energ\u00e9tica con el Plan Sonora de Energ\u00edas Sostenibles, lo que permite expandir las oportunidades de colaboraci\u00f3n en materia de electromovilidad y semiconductores.<\/p>\n<p><img loading=\"lazy\" decoding=\"async\" class=\"alignnone  wp-image-55243\" src=\"https:\/\/elpajaritonews.com\/wp-content\/uploads\/2024\/02\/e9cb1837-7eee-4038-be89-159a06a3c431-300x200.jpg\" alt=\"\" width=\"542\" height=\"361\" srcset=\"https:\/\/elpajaritonews.com\/wp-content\/uploads\/2024\/02\/e9cb1837-7eee-4038-be89-159a06a3c431-300x200.jpg 300w, https:\/\/elpajaritonews.com\/wp-content\/uploads\/2024\/02\/e9cb1837-7eee-4038-be89-159a06a3c431-1024x682.jpg 1024w, https:\/\/elpajaritonews.com\/wp-content\/uploads\/2024\/02\/e9cb1837-7eee-4038-be89-159a06a3c431-768x512.jpg 768w, https:\/\/elpajaritonews.com\/wp-content\/uploads\/2024\/02\/e9cb1837-7eee-4038-be89-159a06a3c431-630x420.jpg 630w, https:\/\/elpajaritonews.com\/wp-content\/uploads\/2024\/02\/e9cb1837-7eee-4038-be89-159a06a3c431-640x427.jpg 640w, https:\/\/elpajaritonews.com\/wp-content\/uploads\/2024\/02\/e9cb1837-7eee-4038-be89-159a06a3c431-681x454.jpg 681w, https:\/\/elpajaritonews.com\/wp-content\/uploads\/2024\/02\/e9cb1837-7eee-4038-be89-159a06a3c431.jpg 1280w\" sizes=\"auto, (max-width: 542px) 100vw, 542px\" \/><\/p>\n<p>\u201cEs prioritario promover a nuestros estados como una macro regi\u00f3n econ\u00f3mica, trascender los hist\u00f3ricos lazos comerciales, sociales, culturales que nos han convertido en una comunidad binacional para convertirnos en una comunidad binacional industrial\u201d, mencion\u00f3.<\/p>\n<p>&nbsp;<\/p>\n<p>De esta forma, coment\u00f3, se permite al estado destacar a nivel mundial por la energ\u00eda solar, los materiales cr\u00edticos como el litio y la capacitaci\u00f3n de recurso humano para recibir proyectos de industrias internacionales que potencializan el desarrollo econ\u00f3mico y social.<\/p>\n<p>&nbsp;<\/p>\n<p>Destac\u00f3 que, la modernizaci\u00f3n del Puerto de Guaymas, permite crear la infraestructura para eficientar el intercambio comercial entre M\u00e9xico-Estados Unidos a trav\u00e9s de Sonora, a fin de convertirlo en el punto de acceso hacia el suroeste, noroeste de Estados Unidos y los pa\u00edses de la cuenca del pac\u00edfico.<\/p>\n","protected":false},"excerpt":{"rendered":"<p>Con el prop\u00f3sito de fortalecer los lazos entre Sonora y Arizona, y promover a ambos estados fronterizos como la Macro Regi\u00f3n econ\u00f3mica que consolida el hub de las inversiones m\u00e1s importantes del mundo, el gobernador Alfonso Durazo Monta\u00f1o, particip\u00f3 en el Foro Econ\u00f3mico del Comit\u00e9 de Relaciones Exteriores de Phoenix, Arizona. El titular del Ejecutivo&#8230;<\/p>\n","protected":false},"author":2,"featured_media":55241,"comment_status":"closed","ping_status":"closed","sticky":false,"template":"","format":"standard","meta":{"_crdt_document":"","_exactmetrics_skip_tracking":false,"_exactmetrics_sitenote_active":false,"_exactmetrics_sitenote_note":"","_exactmetrics_sitenote_category":0,"footnotes":""},"categories":[17,36,23,24,31,27],"tags":[28,29,30],"class_list":["post-55240","post","type-post","status-publish","format-standard","has-post-thumbnail","hentry","category-arizona","category-economia","category-mexico","category-mundo","category-politica","category-sonora","tag-nogales","tag-nogales-la-gran-frontera","tag-sonora-tierra-de-oportunidades"],"_links":{"self":[{"href":"https:\/\/elpajaritonews.com\/index.php?rest_route=\/wp\/v2\/posts\/55240","targetHints":{"allow":["GET"]}}],"collection":[{"href":"https:\/\/elpajaritonews.com\/index.php?rest_route=\/wp\/v2\/posts"}],"about":[{"href":"https:\/\/elpajaritonews.com\/index.php?rest_route=\/wp\/v2\/types\/post"}],"author":[{"embeddable":true,"href":"https:\/\/elpajaritonews.com\/index.php?rest_route=\/wp\/v2\/users\/2"}],"replies":[{"embeddable":true,"href":"https:\/\/elpajaritonews.com\/index.php?rest_route=%2Fwp%2Fv2%2Fcomments&post=55240"}],"version-history":[{"count":1,"href":"https:\/\/elpajaritonews.com\/index.php?rest_route=\/wp\/v2\/posts\/55240\/revisions"}],"predecessor-version":[{"id":55244,"href":"https:\/\/elpajaritonews.com\/index.php?rest_route=\/wp\/v2\/posts\/55240\/revisions\/55244"}],"wp:featuredmedia":[{"embeddable":true,"href":"https:\/\/elpajaritonews.com\/index.php?rest_route=\/wp\/v2\/media\/55241"}],"wp:attachment":[{"href":"https:\/\/elpajaritonews.com\/index.php?rest_route=%2Fwp%2Fv2%2Fmedia&parent=55240"}],"wp:term":[{"taxonomy":"category","embeddable":true,"href":"https:\/\/elpajaritonews.com\/index.php?rest_route=%2Fwp%2Fv2%2Fcategories&post=55240"},{"taxonomy":"post_tag","embeddable":true,"href":"https:\/\/elpajaritonews.com\/index.php?rest_route=%2Fwp%2Fv2%2Ftags&post=55240"}],"curies":[{"name":"wp","href":"https:\/\/api.w.org\/{rel}","templated":true}]}}