{"id":55700,"date":"2024-02-10T01:56:14","date_gmt":"2024-02-10T01:56:14","guid":{"rendered":"https:\/\/elpajaritonews.com\/?p=55700"},"modified":"2024-02-10T01:56:14","modified_gmt":"2024-02-10T01:56:14","slug":"supervisa-gobernador-durazo-avances-de-obra-centro-para-adultos-mayores","status":"publish","type":"post","link":"https:\/\/elpajaritonews.com\/?p=55700","title":{"rendered":"SUPERVISA GOBERNADOR DURAZO AVANCES DE OBRA CENTRO PARA ADULTOS MAYORES"},"content":{"rendered":"<p>El centro Casa de D\u00eda tendr\u00e1 una inversi\u00f3n superior a los 18 millones de pesos y atender\u00e1 a 30 personas diarias<\/p>\n<p>Para supervisar los trabajos de rehabilitaci\u00f3n y acondicionamiento de la Casa de D\u00eda para la Atenci\u00f3n de Personas Adultas Mayores, el gobernador Alfonso Durazo Monta\u00f1o recorri\u00f3 las instalaciones que tendr\u00e1n una inversi\u00f3n superior a los 18 millones de pesos y brindar\u00e1 atenci\u00f3n a 30 personas diariamente.<\/p>\n<p><img loading=\"lazy\" decoding=\"async\" class=\"alignnone  wp-image-55702\" src=\"https:\/\/elpajaritonews.com\/wp-content\/uploads\/2024\/02\/3298070b-bf95-4b8d-b722-0df23ff19fc5-300x200.jpg\" alt=\"\" width=\"495\" height=\"330\" srcset=\"https:\/\/elpajaritonews.com\/wp-content\/uploads\/2024\/02\/3298070b-bf95-4b8d-b722-0df23ff19fc5-300x200.jpg 300w, https:\/\/elpajaritonews.com\/wp-content\/uploads\/2024\/02\/3298070b-bf95-4b8d-b722-0df23ff19fc5-1024x682.jpg 1024w, https:\/\/elpajaritonews.com\/wp-content\/uploads\/2024\/02\/3298070b-bf95-4b8d-b722-0df23ff19fc5-768x512.jpg 768w, https:\/\/elpajaritonews.com\/wp-content\/uploads\/2024\/02\/3298070b-bf95-4b8d-b722-0df23ff19fc5-630x420.jpg 630w, https:\/\/elpajaritonews.com\/wp-content\/uploads\/2024\/02\/3298070b-bf95-4b8d-b722-0df23ff19fc5-640x427.jpg 640w, https:\/\/elpajaritonews.com\/wp-content\/uploads\/2024\/02\/3298070b-bf95-4b8d-b722-0df23ff19fc5-681x454.jpg 681w, https:\/\/elpajaritonews.com\/wp-content\/uploads\/2024\/02\/3298070b-bf95-4b8d-b722-0df23ff19fc5.jpg 1280w\" sizes=\"auto, (max-width: 495px) 100vw, 495px\" \/><\/p>\n<p>Junto a su esposa Mar\u00eda del Roc\u00edo Ch\u00e1vez Murillo, presidenta de DIF Sonora, el mandatario sonorense enfatiz\u00f3 que esta estancia, la cual se habilita para promover el esparcimiento y salud de adultos mayores, ofrecer\u00e1 apoyo asistencial, talleres recreativos, deportivos y culturales, asesor\u00edas y atenci\u00f3n psicol\u00f3gica.<\/p>\n<p>\u201cEs una instalaci\u00f3n que estaba pr\u00e1cticamente abandonada en condiciones deplorables. Sin \u00e1nimo de llorar no ten\u00eda el gobierno del estado para reparar y convocamos a un grupo de empresas constructoras para que nos apoyaran y nos dieran un poco de presupuesto al mejoramiento de estas instalaciones que son imprescindibles para dar una atenci\u00f3n digna a los adultos mayores que por alguna raz\u00f3n temporal tienen necesidad de recibir este apoyo\u201d, destac\u00f3.<\/p>\n<p><img loading=\"lazy\" decoding=\"async\" class=\"alignnone  wp-image-55703\" src=\"https:\/\/elpajaritonews.com\/wp-content\/uploads\/2024\/02\/8919633e-70ea-4e91-b366-3dc31a423c85-300x200.jpg\" alt=\"\" width=\"491\" height=\"327\" srcset=\"https:\/\/elpajaritonews.com\/wp-content\/uploads\/2024\/02\/8919633e-70ea-4e91-b366-3dc31a423c85-300x200.jpg 300w, https:\/\/elpajaritonews.com\/wp-content\/uploads\/2024\/02\/8919633e-70ea-4e91-b366-3dc31a423c85-1024x682.jpg 1024w, https:\/\/elpajaritonews.com\/wp-content\/uploads\/2024\/02\/8919633e-70ea-4e91-b366-3dc31a423c85-768x512.jpg 768w, https:\/\/elpajaritonews.com\/wp-content\/uploads\/2024\/02\/8919633e-70ea-4e91-b366-3dc31a423c85-630x420.jpg 630w, https:\/\/elpajaritonews.com\/wp-content\/uploads\/2024\/02\/8919633e-70ea-4e91-b366-3dc31a423c85-640x427.jpg 640w, https:\/\/elpajaritonews.com\/wp-content\/uploads\/2024\/02\/8919633e-70ea-4e91-b366-3dc31a423c85-681x454.jpg 681w, https:\/\/elpajaritonews.com\/wp-content\/uploads\/2024\/02\/8919633e-70ea-4e91-b366-3dc31a423c85.jpg 1280w\" sizes=\"auto, (max-width: 491px) 100vw, 491px\" \/><\/p>\n<p>La Casa de D\u00eda Para la Atenci\u00f3n de Personas Adultas Mayores atender\u00e1 a 30 personas de la tercera edad diarias. Cuenta con cocina, comedor, equipo de aire acondicionado, ba\u00f1os acondicionados, consultorio m\u00e9dico y equipos acondicionados de acuerdo con los lineamientos de la Secretar\u00eda de Salud.<\/p>\n<p><img loading=\"lazy\" decoding=\"async\" class=\"alignnone  wp-image-55704\" src=\"https:\/\/elpajaritonews.com\/wp-content\/uploads\/2024\/02\/0d1ea1ed-3a33-47af-88b3-60138bc07073-300x200.jpg\" alt=\"\" width=\"501\" height=\"334\" srcset=\"https:\/\/elpajaritonews.com\/wp-content\/uploads\/2024\/02\/0d1ea1ed-3a33-47af-88b3-60138bc07073-300x200.jpg 300w, https:\/\/elpajaritonews.com\/wp-content\/uploads\/2024\/02\/0d1ea1ed-3a33-47af-88b3-60138bc07073-1024x682.jpg 1024w, https:\/\/elpajaritonews.com\/wp-content\/uploads\/2024\/02\/0d1ea1ed-3a33-47af-88b3-60138bc07073-768x512.jpg 768w, https:\/\/elpajaritonews.com\/wp-content\/uploads\/2024\/02\/0d1ea1ed-3a33-47af-88b3-60138bc07073-630x420.jpg 630w, https:\/\/elpajaritonews.com\/wp-content\/uploads\/2024\/02\/0d1ea1ed-3a33-47af-88b3-60138bc07073-640x427.jpg 640w, https:\/\/elpajaritonews.com\/wp-content\/uploads\/2024\/02\/0d1ea1ed-3a33-47af-88b3-60138bc07073-681x454.jpg 681w, https:\/\/elpajaritonews.com\/wp-content\/uploads\/2024\/02\/0d1ea1ed-3a33-47af-88b3-60138bc07073.jpg 1280w\" sizes=\"auto, (max-width: 501px) 100vw, 501px\" \/><\/p>\n<p>La inversi\u00f3n de los trabajos en el inmueble ubicado en la colonia Adolfo de la Huerta, supera los 18 millones de pesos, con el que se trabaja de la mano de la iniciativa privada para su rehabilitaci\u00f3n.<\/p>\n","protected":false},"excerpt":{"rendered":"<p>El centro Casa de D\u00eda tendr\u00e1 una inversi\u00f3n superior a los 18 millones de pesos y atender\u00e1 a 30 personas diarias Para supervisar los trabajos de rehabilitaci\u00f3n y acondicionamiento de la Casa de D\u00eda para la Atenci\u00f3n de Personas Adultas Mayores, el gobernador Alfonso Durazo Monta\u00f1o recorri\u00f3 las instalaciones que tendr\u00e1n una inversi\u00f3n superior a&#8230;<\/p>\n","protected":false},"author":2,"featured_media":55701,"comment_status":"closed","ping_status":"closed","sticky":false,"template":"","format":"standard","meta":{"_crdt_document":"","_exactmetrics_skip_tracking":false,"_exactmetrics_sitenote_active":false,"_exactmetrics_sitenote_note":"","_exactmetrics_sitenote_category":0,"footnotes":""},"categories":[31,32,27],"tags":[28,29,30],"class_list":["post-55700","post","type-post","status-publish","format-standard","has-post-thumbnail","hentry","category-politica","category-salud","category-sonora","tag-nogales","tag-nogales-la-gran-frontera","tag-sonora-tierra-de-oportunidades"],"_links":{"self":[{"href":"https:\/\/elpajaritonews.com\/index.php?rest_route=\/wp\/v2\/posts\/55700","targetHints":{"allow":["GET"]}}],"collection":[{"href":"https:\/\/elpajaritonews.com\/index.php?rest_route=\/wp\/v2\/posts"}],"about":[{"href":"https:\/\/elpajaritonews.com\/index.php?rest_route=\/wp\/v2\/types\/post"}],"author":[{"embeddable":true,"href":"https:\/\/elpajaritonews.com\/index.php?rest_route=\/wp\/v2\/users\/2"}],"replies":[{"embeddable":true,"href":"https:\/\/elpajaritonews.com\/index.php?rest_route=%2Fwp%2Fv2%2Fcomments&post=55700"}],"version-history":[{"count":1,"href":"https:\/\/elpajaritonews.com\/index.php?rest_route=\/wp\/v2\/posts\/55700\/revisions"}],"predecessor-version":[{"id":55705,"href":"https:\/\/elpajaritonews.com\/index.php?rest_route=\/wp\/v2\/posts\/55700\/revisions\/55705"}],"wp:featuredmedia":[{"embeddable":true,"href":"https:\/\/elpajaritonews.com\/index.php?rest_route=\/wp\/v2\/media\/55701"}],"wp:attachment":[{"href":"https:\/\/elpajaritonews.com\/index.php?rest_route=%2Fwp%2Fv2%2Fmedia&parent=55700"}],"wp:term":[{"taxonomy":"category","embeddable":true,"href":"https:\/\/elpajaritonews.com\/index.php?rest_route=%2Fwp%2Fv2%2Fcategories&post=55700"},{"taxonomy":"post_tag","embeddable":true,"href":"https:\/\/elpajaritonews.com\/index.php?rest_route=%2Fwp%2Fv2%2Ftags&post=55700"}],"curies":[{"name":"wp","href":"https:\/\/api.w.org\/{rel}","templated":true}]}}