{"id":55733,"date":"2024-02-11T19:51:42","date_gmt":"2024-02-11T19:51:42","guid":{"rendered":"https:\/\/elpajaritonews.com\/?p=55733"},"modified":"2024-02-11T19:51:42","modified_gmt":"2024-02-11T19:51:42","slug":"refuerzan-800-militares-seguridad-en-sonora","status":"publish","type":"post","link":"https:\/\/elpajaritonews.com\/?p=55733","title":{"rendered":"REFUERZAN 800 MILITARES SEGURIDAD EN SONORA"},"content":{"rendered":"<p>Alejandro Matty Ortega\/Irreverente Noticias\/AM Diario<\/p>\n<p>Ciudad de M\u00e9xico (IN\/AM).- La Sedena despleg\u00f3 800 militares para inhibir la delincuencia en Sonora.<\/p>\n<p>La Secretar\u00eda de la Defensa Nacional envi\u00f3 m\u00e1s de 4 mil elementos a 8 estados cr\u00edticos de la Rep\u00fablica donde diariamente se registran enfrentamientos armados.<\/p>\n<p>Los militares son integrantes de las\u00a0Fuerzas Especiales\u00a0y de la\u00a0Brigada de Fusileros Paracaidistas\u00a0del\u00a0Ej\u00e9rcito Mexicano, \u00abquienes se caracterizan por su gran movilidad, flexibilidad, capacidad de despliegue, armamento, material, equipo y adiestramiento especializado\u00bb.<\/p>\n<p>La Sedena destac\u00f3 que \u00abla misi\u00f3n principal de este personal es revertir los \u00edndices deluctivos, fortalecer el estado de derecho y colaborar con las autoridades locales\u201d.<\/p>\n<p>El despliegue de las fuerzas castrenses se da en Sonora, Guanajuato,\u00a0Tamaulipas,\u00a0Veracruz,\u00a0Tabasco,\u00a0Baja California,\u00a0Jalisco\u00a0y\u00a0Zacatecas.<\/p>\n<p>Adem\u00e1s a 700 militares a Chiapas para enfrentar a los c\u00e1rteles de la regi\u00f3n con Guatemala, pa\u00eds que por su parte despleg\u00f3 5 mil soldados y 500 polic\u00edas a la blindar su frontera.<\/p>\n<p><img loading=\"lazy\" decoding=\"async\" class=\"alignnone  wp-image-55735\" src=\"https:\/\/elpajaritonews.com\/wp-content\/uploads\/2024\/02\/28a36186-1059-406e-9546-803ee124381e-300x147.jpg\" alt=\"\" width=\"512\" height=\"251\" srcset=\"https:\/\/elpajaritonews.com\/wp-content\/uploads\/2024\/02\/28a36186-1059-406e-9546-803ee124381e-300x147.jpg 300w, https:\/\/elpajaritonews.com\/wp-content\/uploads\/2024\/02\/28a36186-1059-406e-9546-803ee124381e.jpg 607w\" sizes=\"auto, (max-width: 512px) 100vw, 512px\" \/><\/p>\n<p>El viernes los elementos castrenses arribaron a la entidad para reforzar el combate a la delincuencia organizada<\/p>\n<p>A trav\u00e9s de la II Regi\u00f3n Militar y 45\/a. Zona Militar los elementos ser\u00e1n desplegados a los municipios de Sonora.<\/p>\n<p>Sedena env\u00eda tambi\u00e9n 3,700 militares para reforzar la seguridad en Zacatecas, Chihuahua y Jalisco<\/p>\n<p>\u201cPara tal fin colaborar\u00e1n estrechamente con las autoridades locales a fin de inhibir los \u00edndices delictivos mediante acciones conjuntas, coadyuvando en la preservaci\u00f3n del orden y la paz p\u00fablica, garantizando las condiciones para que la poblaci\u00f3n realice sus actividades habituales con normalidad en un ambiente de paz y seguridad\u201d.<\/p>\n<p>La Sedena precis\u00f3 que su personal castrense \u00abact\u00faa en todo momento con firmeza, realizando tareas de disuasi\u00f3n, prevenci\u00f3n, patrullajes, reconocimientos y estableciendo\u00a0puestos militares de seguridad\u00a0que generen un ambiente de tranquilidad en la poblaci\u00f3n\u00bb.<\/p>\n","protected":false},"excerpt":{"rendered":"<p>Alejandro Matty Ortega\/Irreverente Noticias\/AM Diario Ciudad de M\u00e9xico (IN\/AM).- La Sedena despleg\u00f3 800 militares para inhibir la delincuencia en Sonora. La Secretar\u00eda de la Defensa Nacional envi\u00f3 m\u00e1s de 4 mil elementos a 8 estados cr\u00edticos de la Rep\u00fablica donde diariamente se registran enfrentamientos armados. Los militares son integrantes de las\u00a0Fuerzas Especiales\u00a0y de la\u00a0Brigada de&#8230;<\/p>\n","protected":false},"author":2,"featured_media":55734,"comment_status":"closed","ping_status":"closed","sticky":false,"template":"","format":"standard","meta":{"_crdt_document":"","_exactmetrics_skip_tracking":false,"_exactmetrics_sitenote_active":false,"_exactmetrics_sitenote_note":"","_exactmetrics_sitenote_category":0,"footnotes":""},"categories":[31,1,27],"tags":[28,29,30],"class_list":["post-55733","post","type-post","status-publish","format-standard","has-post-thumbnail","hentry","category-politica","category-seguridad","category-sonora","tag-nogales","tag-nogales-la-gran-frontera","tag-sonora-tierra-de-oportunidades"],"_links":{"self":[{"href":"https:\/\/elpajaritonews.com\/index.php?rest_route=\/wp\/v2\/posts\/55733","targetHints":{"allow":["GET"]}}],"collection":[{"href":"https:\/\/elpajaritonews.com\/index.php?rest_route=\/wp\/v2\/posts"}],"about":[{"href":"https:\/\/elpajaritonews.com\/index.php?rest_route=\/wp\/v2\/types\/post"}],"author":[{"embeddable":true,"href":"https:\/\/elpajaritonews.com\/index.php?rest_route=\/wp\/v2\/users\/2"}],"replies":[{"embeddable":true,"href":"https:\/\/elpajaritonews.com\/index.php?rest_route=%2Fwp%2Fv2%2Fcomments&post=55733"}],"version-history":[{"count":1,"href":"https:\/\/elpajaritonews.com\/index.php?rest_route=\/wp\/v2\/posts\/55733\/revisions"}],"predecessor-version":[{"id":55736,"href":"https:\/\/elpajaritonews.com\/index.php?rest_route=\/wp\/v2\/posts\/55733\/revisions\/55736"}],"wp:featuredmedia":[{"embeddable":true,"href":"https:\/\/elpajaritonews.com\/index.php?rest_route=\/wp\/v2\/media\/55734"}],"wp:attachment":[{"href":"https:\/\/elpajaritonews.com\/index.php?rest_route=%2Fwp%2Fv2%2Fmedia&parent=55733"}],"wp:term":[{"taxonomy":"category","embeddable":true,"href":"https:\/\/elpajaritonews.com\/index.php?rest_route=%2Fwp%2Fv2%2Fcategories&post=55733"},{"taxonomy":"post_tag","embeddable":true,"href":"https:\/\/elpajaritonews.com\/index.php?rest_route=%2Fwp%2Fv2%2Ftags&post=55733"}],"curies":[{"name":"wp","href":"https:\/\/api.w.org\/{rel}","templated":true}]}}