{"id":55803,"date":"2024-02-14T02:27:46","date_gmt":"2024-02-14T02:27:46","guid":{"rendered":"https:\/\/elpajaritonews.com\/?p=55803"},"modified":"2024-02-14T02:27:46","modified_gmt":"2024-02-14T02:27:46","slug":"proyecto-del-sistema-arrecifal-artificial-sonorense-sera-habitat-de-flora-y-fauna-marina","status":"publish","type":"post","link":"https:\/\/elpajaritonews.com\/?p=55803","title":{"rendered":"PROYECTO DEL SISTEMA ARRECIFAL ARTIFICIAL SONORENSE SER\u00c1 H\u00c1BITAT DE FLORA Y FAUNA MARINA"},"content":{"rendered":"<p>&#8211; Este sistema \u00fanico en latinoamerica con estas caracter\u00edsticas,\u00a0estar\u00e1 ubicado entre \u201cPunta el Caut\u00edn\u201d y \u201cPunta Doble\u201d, en las faldas del cerro Tetakawi en el Pueblo M\u00e1gico de San Carlos.<\/p>\n<p>El Gobierno de Sonora, a trav\u00e9s de la Secretar\u00eda de Turismo (Sectur), present\u00f3 el Sistema Arrecifal Artificial Sonorense, un proyecto de artefactos navales en desuso de la Secretar\u00eda de Marina (SEMAR), que tras su hundimiento, ser\u00e1n el h\u00e1bitat de flora y fauna marina para fomentar el turismo sustentable en las costas de San Carlos.<\/p>\n<p>El arrecife artificial, estar\u00e1 conformado por siete buques, tres aeronaves, un vehiculo anfibio y tres piezas de artilleria de montaje doble y sencillo, que se hundir\u00e1n en una formaci\u00f3n que asemeje un ancla, en honor a la Secretar\u00eda de Marina, con el objetivo de crear un ecosistema que permita la protecci\u00f3n y la proliferaci\u00f3n de vida marina.<\/p>\n<p>El secretario de Turismo de Sonora, Roberto Gradillas Pineda, coment\u00f3 que est\u00e1 por definirse la fecha para el hundimiento del primero de 14 los artefactos que ser\u00e1n colocados en la cercan\u00eda del cerro Tetakawi.<\/p>\n<p>\u201cPor instrucci\u00f3n del gobernador Alfonso Durazo, trabajamos en una coadyuvancia muy importante con Rotary International, la Secretaria de Marina y con la Secretaria del Medio Ambiente para crear el primer sistema arrecifal artificial de nuestro pa\u00eds, generando un producto \u00fanico para turistas a nivel mundial y sobre todo que es sonorense\u201d, expres\u00f3 Gradillas Pineda.<\/p>\n<p>Estas acciones no hubieran sido posibles sin las gestiones del gobernador Alfonso Durazo, se\u00f1al\u00f3, adem\u00e1s del apoyo de la Secretar\u00eda de Marina, la Secretar\u00eda del Medio Ambiente y Recursos Naturales (Semarnat), de Kikis L\u00f3pez de Arbes\u00fa, que por medio del Club Rotario Puebla Gente de Acci\u00f3n realiz\u00f3 la subvensi\u00f3n con Rotary International, al Ayuntamiento de Guaymas, y a miembros de la iniciativa privada y sector tur\u00edstico que han respaldado y apoyado el proyecto.<\/p>\n","protected":false},"excerpt":{"rendered":"<p>&#8211; Este sistema \u00fanico en latinoamerica con estas caracter\u00edsticas,\u00a0estar\u00e1 ubicado entre \u201cPunta el Caut\u00edn\u201d y \u201cPunta Doble\u201d, en las faldas del cerro Tetakawi en el Pueblo M\u00e1gico de San Carlos. El Gobierno de Sonora, a trav\u00e9s de la Secretar\u00eda de Turismo (Sectur), present\u00f3 el Sistema Arrecifal Artificial Sonorense, un proyecto de artefactos navales en desuso&#8230;<\/p>\n","protected":false},"author":2,"featured_media":55804,"comment_status":"closed","ping_status":"closed","sticky":false,"template":"","format":"standard","meta":{"_crdt_document":"","_exactmetrics_skip_tracking":false,"_exactmetrics_sitenote_active":false,"_exactmetrics_sitenote_note":"","_exactmetrics_sitenote_category":0,"footnotes":""},"categories":[22,26,23,31,27],"tags":[29,30],"class_list":["post-55803","post","type-post","status-publish","format-standard","has-post-thumbnail","hentry","category-escena","category-local","category-mexico","category-politica","category-sonora","tag-nogales-la-gran-frontera","tag-sonora-tierra-de-oportunidades"],"_links":{"self":[{"href":"https:\/\/elpajaritonews.com\/index.php?rest_route=\/wp\/v2\/posts\/55803","targetHints":{"allow":["GET"]}}],"collection":[{"href":"https:\/\/elpajaritonews.com\/index.php?rest_route=\/wp\/v2\/posts"}],"about":[{"href":"https:\/\/elpajaritonews.com\/index.php?rest_route=\/wp\/v2\/types\/post"}],"author":[{"embeddable":true,"href":"https:\/\/elpajaritonews.com\/index.php?rest_route=\/wp\/v2\/users\/2"}],"replies":[{"embeddable":true,"href":"https:\/\/elpajaritonews.com\/index.php?rest_route=%2Fwp%2Fv2%2Fcomments&post=55803"}],"version-history":[{"count":1,"href":"https:\/\/elpajaritonews.com\/index.php?rest_route=\/wp\/v2\/posts\/55803\/revisions"}],"predecessor-version":[{"id":55805,"href":"https:\/\/elpajaritonews.com\/index.php?rest_route=\/wp\/v2\/posts\/55803\/revisions\/55805"}],"wp:featuredmedia":[{"embeddable":true,"href":"https:\/\/elpajaritonews.com\/index.php?rest_route=\/wp\/v2\/media\/55804"}],"wp:attachment":[{"href":"https:\/\/elpajaritonews.com\/index.php?rest_route=%2Fwp%2Fv2%2Fmedia&parent=55803"}],"wp:term":[{"taxonomy":"category","embeddable":true,"href":"https:\/\/elpajaritonews.com\/index.php?rest_route=%2Fwp%2Fv2%2Fcategories&post=55803"},{"taxonomy":"post_tag","embeddable":true,"href":"https:\/\/elpajaritonews.com\/index.php?rest_route=%2Fwp%2Fv2%2Ftags&post=55803"}],"curies":[{"name":"wp","href":"https:\/\/api.w.org\/{rel}","templated":true}]}}