{"id":55814,"date":"2024-02-14T19:27:49","date_gmt":"2024-02-14T19:27:49","guid":{"rendered":"https:\/\/elpajaritonews.com\/?p=55814"},"modified":"2024-02-14T19:27:49","modified_gmt":"2024-02-14T19:27:49","slug":"eligen-a-adrian-camou-loera-como-presidente-de-cmic-sonora","status":"publish","type":"post","link":"https:\/\/elpajaritonews.com\/?p=55814","title":{"rendered":"ELIGEN A ADRI\u00c1N CAMOU LOERA COMO PRESIDENTE DE CMIC SONORA"},"content":{"rendered":"<p>Agremiados renuevan comit\u00e9 directivo por el periodo 2024 -2026. Con el objetivo de continuar trabajando en unidad, en estrecha colaboraci\u00f3n con los afiliados y con el compromiso de reforzar los planes y proyectos que han caracterizado a la CMIC Sonora, rindi\u00f3 protesta el Lic. Adri\u00e1n Camou Loera, como presidente de esta c\u00e1mara para el periodo 2024 -2026.<\/p>\n<p>Despu\u00e9s de la asamblea general de afiliados de la CMIC Sonora, los integrantes de esta c\u00e1mara empresarial eligieron la planilla encabezada por Camou Loera, quien refrend\u00f3 su compromiso de seguir promoviendo el desarrollo del sector por el bien de la econom\u00eda del estado y del pa\u00eds.<\/p>\n<p>\u201cMi proyecto de trabajo siempre ser\u00e1 por el bien de nuestro sector y afiliados, queremos que a todos nos vaya bien, el compromiso es muy grande y nuestro objetivo es continuar aportando todo lo necesario para tener un Sonora m\u00e1s competitivo, de mayor crecimiento econ\u00f3mico y sobre todo con mejor infraestructura\u201d, indic\u00f3.<\/p>\n<p>Camou Loera agradeci\u00f3 el trabajo y las acciones que realiz\u00f3 en los \u00faltimos dos a\u00f1os el Ing. Jorge Aguirre Robles, al frente de la CMIC Sonora, por lo que reiter\u00f3 su compromiso de continuar haciendo de la industria de la construcci\u00f3n un sector m\u00e1s fuerte, unido y tambi\u00e9n consolidarlo como un pilar de la econom\u00eda de Sonora.<\/p>\n<p>El reci\u00e9n nombrado presidente de la CMIC Sonora, inform\u00f3 que el Arq. Uriel Bulmaro Neri, lo acompa\u00f1ar\u00e1 como secretario y el C.P. Santiago Ren\u00e9 Gluyas Ozuna, como tesorero, adem\u00e1s de\u00a0 afiliados quienes lo acompa\u00f1ar\u00e1n en las vicepresidencias y representaciones que existen en Sonora.<\/p>\n<p>En representaci\u00f3n del Ing. Francisco Solares Alem\u00e1n, presidente nacional de CMIC, el Ing. Adolfo Jorge Harispuru B\u00f3rquez tom\u00f3 protesta al Lic. acompa\u00f1ado por su comit\u00e9 directivo, adem\u00e1s de contar con la presencia del Ing. Marcos Francisco Gluyas Sol\u00f3rzano, presidente del Comit\u00e9 Consultivo de CMIC Sonora.<\/p>\n","protected":false},"excerpt":{"rendered":"<p>Agremiados renuevan comit\u00e9 directivo por el periodo 2024 -2026. Con el objetivo de continuar trabajando en unidad, en estrecha colaboraci\u00f3n con los afiliados y con el compromiso de reforzar los planes y proyectos que han caracterizado a la CMIC Sonora, rindi\u00f3 protesta el Lic. Adri\u00e1n Camou Loera, como presidente de esta c\u00e1mara para el periodo&#8230;<\/p>\n","protected":false},"author":2,"featured_media":55815,"comment_status":"closed","ping_status":"closed","sticky":false,"template":"","format":"standard","meta":{"_crdt_document":"","_exactmetrics_skip_tracking":false,"_exactmetrics_sitenote_active":false,"_exactmetrics_sitenote_note":"","_exactmetrics_sitenote_category":0,"footnotes":""},"categories":[36,31,27],"tags":[28,29,30],"class_list":["post-55814","post","type-post","status-publish","format-standard","has-post-thumbnail","hentry","category-economia","category-politica","category-sonora","tag-nogales","tag-nogales-la-gran-frontera","tag-sonora-tierra-de-oportunidades"],"_links":{"self":[{"href":"https:\/\/elpajaritonews.com\/index.php?rest_route=\/wp\/v2\/posts\/55814","targetHints":{"allow":["GET"]}}],"collection":[{"href":"https:\/\/elpajaritonews.com\/index.php?rest_route=\/wp\/v2\/posts"}],"about":[{"href":"https:\/\/elpajaritonews.com\/index.php?rest_route=\/wp\/v2\/types\/post"}],"author":[{"embeddable":true,"href":"https:\/\/elpajaritonews.com\/index.php?rest_route=\/wp\/v2\/users\/2"}],"replies":[{"embeddable":true,"href":"https:\/\/elpajaritonews.com\/index.php?rest_route=%2Fwp%2Fv2%2Fcomments&post=55814"}],"version-history":[{"count":1,"href":"https:\/\/elpajaritonews.com\/index.php?rest_route=\/wp\/v2\/posts\/55814\/revisions"}],"predecessor-version":[{"id":55816,"href":"https:\/\/elpajaritonews.com\/index.php?rest_route=\/wp\/v2\/posts\/55814\/revisions\/55816"}],"wp:featuredmedia":[{"embeddable":true,"href":"https:\/\/elpajaritonews.com\/index.php?rest_route=\/wp\/v2\/media\/55815"}],"wp:attachment":[{"href":"https:\/\/elpajaritonews.com\/index.php?rest_route=%2Fwp%2Fv2%2Fmedia&parent=55814"}],"wp:term":[{"taxonomy":"category","embeddable":true,"href":"https:\/\/elpajaritonews.com\/index.php?rest_route=%2Fwp%2Fv2%2Fcategories&post=55814"},{"taxonomy":"post_tag","embeddable":true,"href":"https:\/\/elpajaritonews.com\/index.php?rest_route=%2Fwp%2Fv2%2Ftags&post=55814"}],"curies":[{"name":"wp","href":"https:\/\/api.w.org\/{rel}","templated":true}]}}