{"id":55820,"date":"2024-02-14T21:35:12","date_gmt":"2024-02-14T21:35:12","guid":{"rendered":"https:\/\/elpajaritonews.com\/?p=55820"},"modified":"2024-02-14T21:44:46","modified_gmt":"2024-02-14T21:44:46","slug":"presentan-en-congreso-de-sonora-propuestas-a-favor-de-pueblos-indigenas-y-victimas-del-delito","status":"publish","type":"post","link":"https:\/\/elpajaritonews.com\/?p=55820","title":{"rendered":"PRESENTAN EN CONGRESO DE SONORA PROPUESTAS A FAVOR DE PUEBLOS IND\u00cdGENAS Y V\u00cdCTIMAS DEL DELITO."},"content":{"rendered":"<p><img loading=\"lazy\" decoding=\"async\" class=\"alignnone  wp-image-55823\" src=\"https:\/\/elpajaritonews.com\/wp-content\/uploads\/2024\/02\/BANER-2-300x36.jpg\" alt=\"\" width=\"658\" height=\"79\" srcset=\"https:\/\/elpajaritonews.com\/wp-content\/uploads\/2024\/02\/BANER-2-300x36.jpg 300w, https:\/\/elpajaritonews.com\/wp-content\/uploads\/2024\/02\/BANER-2.jpg 592w\" sizes=\"auto, (max-width: 658px) 100vw, 658px\" \/><\/p>\n<p>Diputadas del Congreso de Sonora presentaron en la sesi\u00f3n ordinaria de este mi\u00e9rcoles iniciativas para garantizar presupuestos que sustenten programas a favor de los pueblos y comunidades ind\u00edgenas, as\u00ed como el fortalecimiento de leyes para proteger los derechos de las v\u00edctimas de delitos.<\/p>\n<p>&nbsp;<\/p>\n<p>La diputada Griselda Ili\u00e1n L\u00f3pez Mart\u00ednez (Morena) present\u00f3 una iniciativa, que fue turnada a la Comisi\u00f3n de Asuntos Ind\u00edgenas, para reformar seis leyes estatales en diversas materias, con la intenci\u00f3n de que en los presupuestos de las dependencias se destinen y etiqueten, para su ejecuci\u00f3n trasversal, programas y proyectos ind\u00edgenas, con al menos el 17 por ciento de su presupuesto.<\/p>\n<p>&nbsp;<\/p>\n<p>La diputada Rosa Elena Trujillo Llanes (MC) plante\u00f3, por su parte, una iniciativa de reforma que adiciona la Ley de Atenci\u00f3n a V\u00edctimas para la aplicaci\u00f3n de est\u00e1ndares de \u201cdebida diligencia reforzada\u201d. Explic\u00f3 que este concepto obliga a los \u00f3rganos investigadores a usar todos los medios disponibles para llevar a cabo, dentro de un plazo razonable, actuaciones y averiguaciones necesarias con el fin de esclarecer un delito. Se turn\u00f3 para estudio a la Comisi\u00f3n de Justicia y Derechos Humanos.<\/p>\n<p>&nbsp;<\/p>\n<p>En esta sesi\u00f3n ordinaria se aprob\u00f3 por unanimidad el decreto por el cual el Congreso de Sonora establece el 22 de febrero de cada a\u00f1o como \u201cD\u00eda de las y los Cronistas Deportivos en Sonora\u201d, iniciativa presentada por el diputado Ricardo Lugo Moreno (Morena) quien, como presidente de la Comisi\u00f3n del Deporte, recibi\u00f3 el pasado 23 de enero una solicitud de la Asociaci\u00f3n de Cronistas del Estado de Sonora para dicha celebraci\u00f3n.<\/p>\n<p>&nbsp;<\/p>\n<p>Inform\u00f3 que se trata de un reconocimiento a la importante labor y aportaci\u00f3n que realizan las y los cronistas deportivos en la entidad a favor de la sociedad sonorense, fecha que ya se conmemora el mismo d\u00eda a nivel federal.<\/p>\n<p>&nbsp;<\/p>\n<p>Como pen\u00faltimo punto del orden del d\u00eda, la diputada Beatriz Cota Ponce (Nueva Alianza Sonora) present\u00f3 un posicionamiento con relaci\u00f3n a la Ley General del Sistema para la Carrera de las Maestras y los Maestros, la cual es urgente revisar, sostuvo, ya que atenta contra varios derechos laborales y salariales esenciales de las y los docentes.<\/p>\n<p>&nbsp;<\/p>\n<p>Antes de clausurar la sesi\u00f3n y citar para la pr\u00f3xima el martes 20 de febrero, a las 11:00 horas, se aprob\u00f3 una propuesta de la mesa directiva para habilitar el mi\u00e9rcoles 21 de febrero para celebrar la ordinaria, en lugar del jueves 23.<\/p>\n","protected":false},"excerpt":{"rendered":"<p>Diputadas del Congreso de Sonora presentaron en la sesi\u00f3n ordinaria de este mi\u00e9rcoles iniciativas para garantizar presupuestos que sustenten programas a favor de los pueblos y comunidades ind\u00edgenas, as\u00ed como el fortalecimiento de leyes para proteger los derechos de las v\u00edctimas de delitos. &nbsp; La diputada Griselda Ili\u00e1n L\u00f3pez Mart\u00ednez (Morena) present\u00f3 una iniciativa, que&#8230;<\/p>\n","protected":false},"author":2,"featured_media":55821,"comment_status":"closed","ping_status":"closed","sticky":false,"template":"","format":"standard","meta":{"_crdt_document":"","_exactmetrics_skip_tracking":false,"_exactmetrics_sitenote_active":false,"_exactmetrics_sitenote_note":"","_exactmetrics_sitenote_category":0,"footnotes":""},"categories":[20,31,27],"tags":[29,30],"class_list":["post-55820","post","type-post","status-publish","format-standard","has-post-thumbnail","hentry","category-congreso","category-politica","category-sonora","tag-nogales-la-gran-frontera","tag-sonora-tierra-de-oportunidades"],"_links":{"self":[{"href":"https:\/\/elpajaritonews.com\/index.php?rest_route=\/wp\/v2\/posts\/55820","targetHints":{"allow":["GET"]}}],"collection":[{"href":"https:\/\/elpajaritonews.com\/index.php?rest_route=\/wp\/v2\/posts"}],"about":[{"href":"https:\/\/elpajaritonews.com\/index.php?rest_route=\/wp\/v2\/types\/post"}],"author":[{"embeddable":true,"href":"https:\/\/elpajaritonews.com\/index.php?rest_route=\/wp\/v2\/users\/2"}],"replies":[{"embeddable":true,"href":"https:\/\/elpajaritonews.com\/index.php?rest_route=%2Fwp%2Fv2%2Fcomments&post=55820"}],"version-history":[{"count":2,"href":"https:\/\/elpajaritonews.com\/index.php?rest_route=\/wp\/v2\/posts\/55820\/revisions"}],"predecessor-version":[{"id":55825,"href":"https:\/\/elpajaritonews.com\/index.php?rest_route=\/wp\/v2\/posts\/55820\/revisions\/55825"}],"wp:featuredmedia":[{"embeddable":true,"href":"https:\/\/elpajaritonews.com\/index.php?rest_route=\/wp\/v2\/media\/55821"}],"wp:attachment":[{"href":"https:\/\/elpajaritonews.com\/index.php?rest_route=%2Fwp%2Fv2%2Fmedia&parent=55820"}],"wp:term":[{"taxonomy":"category","embeddable":true,"href":"https:\/\/elpajaritonews.com\/index.php?rest_route=%2Fwp%2Fv2%2Fcategories&post=55820"},{"taxonomy":"post_tag","embeddable":true,"href":"https:\/\/elpajaritonews.com\/index.php?rest_route=%2Fwp%2Fv2%2Ftags&post=55820"}],"curies":[{"name":"wp","href":"https:\/\/api.w.org\/{rel}","templated":true}]}}