{"id":55999,"date":"2024-02-22T21:13:23","date_gmt":"2024-02-22T21:13:23","guid":{"rendered":"https:\/\/elpajaritonews.com\/?p=55999"},"modified":"2024-02-22T22:11:26","modified_gmt":"2024-02-22T22:11:26","slug":"en-colombia-un-delincuente-muy-rapido-le-dispararon-por-la-espalda-a-un-empresario","status":"publish","type":"post","link":"https:\/\/elpajaritonews.com\/?p=55999","title":{"rendered":"EN COLOMBIA UN DELINCUENTE MUY R\u00c1PIDO LE DISPARARON POR LA ESPALDA A UN EMPRESARIO"},"content":{"rendered":"<p>Im\u00e1genes revelan que le dispararon por la espalda al empresario Hern\u00e1n Roberto Franco Charry en el parque de la 93, el sicario aprovech\u00f3 que no hab\u00edan cerrado la puerta para ingresar. Hay un detenido.<\/p>\n<p>https:\/\/twitter.com\/i\/status\/1760458803563134992<\/p>\n<p>&nbsp;<\/p>\n<blockquote class=\"twitter-tweet\" data-width=\"550\" data-dnt=\"true\">\n<p lang=\"es\" dir=\"ltr\"><a href=\"https:\/\/twitter.com\/hashtag\/Bogot%C3%A1?src=hash&amp;ref_src=twsrc%5Etfw\">#Bogot\u00e1<\/a>, Colombia |<\/p>\n<p>Im\u00e1genes revelan que le dispararon por la espalda al empresario Hern\u00e1n Roberto Franco Charry en el parque de la 93, el sicario aprovech\u00f3 que no hab\u00edan cerrado la puerta para ingresar. Hay un detenido. <a href=\"https:\/\/twitter.com\/hashtag\/Video?src=hash&amp;ref_src=twsrc%5Etfw\">#Video<\/a> \ud83c\udfa5\ud83d\udc47\ud83c\udffd <a href=\"https:\/\/t.co\/T1LT7MadZE\">pic.twitter.com\/T1LT7MadZE<\/a><\/p>\n<p>&mdash; JORGE BECERRIL JB\/8 (@MrElDiablo8) <a href=\"https:\/\/twitter.com\/MrElDiablo8\/status\/1760535063341539646?ref_src=twsrc%5Etfw\">February 22, 2024<\/a><\/p><\/blockquote>\n<p><script async src=\"https:\/\/platform.twitter.com\/widgets.js\" charset=\"utf-8\"><\/script><\/p>\n","protected":false},"excerpt":{"rendered":"<p>Im\u00e1genes revelan que le dispararon por la espalda al empresario Hern\u00e1n Roberto Franco Charry en el parque de la 93, el sicario aprovech\u00f3 que no hab\u00edan cerrado la puerta para ingresar. Hay un detenido. https:\/\/twitter.com\/i\/status\/1760458803563134992 &nbsp; #Bogot\u00e1, Colombia | Im\u00e1genes revelan que le dispararon por la espalda al empresario Hern\u00e1n Roberto Franco Charry en el&#8230;<\/p>\n","protected":false},"author":2,"featured_media":56001,"comment_status":"closed","ping_status":"closed","sticky":false,"template":"","format":"standard","meta":{"_crdt_document":"","_exactmetrics_skip_tracking":false,"_exactmetrics_sitenote_active":false,"_exactmetrics_sitenote_note":"","_exactmetrics_sitenote_category":0,"footnotes":""},"categories":[24,31,1],"tags":[],"class_list":["post-55999","post","type-post","status-publish","format-standard","has-post-thumbnail","hentry","category-mundo","category-politica","category-seguridad"],"_links":{"self":[{"href":"https:\/\/elpajaritonews.com\/index.php?rest_route=\/wp\/v2\/posts\/55999","targetHints":{"allow":["GET"]}}],"collection":[{"href":"https:\/\/elpajaritonews.com\/index.php?rest_route=\/wp\/v2\/posts"}],"about":[{"href":"https:\/\/elpajaritonews.com\/index.php?rest_route=\/wp\/v2\/types\/post"}],"author":[{"embeddable":true,"href":"https:\/\/elpajaritonews.com\/index.php?rest_route=\/wp\/v2\/users\/2"}],"replies":[{"embeddable":true,"href":"https:\/\/elpajaritonews.com\/index.php?rest_route=%2Fwp%2Fv2%2Fcomments&post=55999"}],"version-history":[{"count":2,"href":"https:\/\/elpajaritonews.com\/index.php?rest_route=\/wp\/v2\/posts\/55999\/revisions"}],"predecessor-version":[{"id":56010,"href":"https:\/\/elpajaritonews.com\/index.php?rest_route=\/wp\/v2\/posts\/55999\/revisions\/56010"}],"wp:featuredmedia":[{"embeddable":true,"href":"https:\/\/elpajaritonews.com\/index.php?rest_route=\/wp\/v2\/media\/56001"}],"wp:attachment":[{"href":"https:\/\/elpajaritonews.com\/index.php?rest_route=%2Fwp%2Fv2%2Fmedia&parent=55999"}],"wp:term":[{"taxonomy":"category","embeddable":true,"href":"https:\/\/elpajaritonews.com\/index.php?rest_route=%2Fwp%2Fv2%2Fcategories&post=55999"},{"taxonomy":"post_tag","embeddable":true,"href":"https:\/\/elpajaritonews.com\/index.php?rest_route=%2Fwp%2Fv2%2Ftags&post=55999"}],"curies":[{"name":"wp","href":"https:\/\/api.w.org\/{rel}","templated":true}]}}