{"id":56003,"date":"2024-02-22T21:24:14","date_gmt":"2024-02-22T21:24:14","guid":{"rendered":"https:\/\/elpajaritonews.com\/?p=56003"},"modified":"2024-02-22T21:24:14","modified_gmt":"2024-02-22T21:24:14","slug":"diputado-orduno-presenta-iniciativa-para-mejorar-condiciones-laborales-de-los-trabajadores-de-seguridad-privada-en-sonora","status":"publish","type":"post","link":"https:\/\/elpajaritonews.com\/?p=56003","title":{"rendered":"DIPUTADO ORDU\u00d1O PRESENTA INICIATIVA PARA MEJORAR CONDICIONES LABORALES DE LOS TRABAJADORES DE SEGURIDAD PRIVADA EN SONORA"},"content":{"rendered":"<p>El Diputado Sebasti\u00e1n Antonio Ordu\u00f1o Fragoza ha presentado una importante iniciativa ante la Legislatura de Sonora, destacando un firme compromiso con la mejora de las condiciones laborales de los trabajadores de seguridad privada en el estado. La propuesta busca movilizar a la Secretar\u00eda del Trabajo, la Secretar\u00eda de Seguridad P\u00fablica del Estado y al Instituto Mexicano del Seguro Social en Sonora, para asegurar el respeto y cumplimiento integral de los derechos laborales en este sector.<\/p>\n<p>Ordu\u00f1o Fragoza enfatiza la urgencia de acciones concretas para enfrentar las adversidades que sufren estos trabajadores, quienes a pesar de su esencial contribuci\u00f3n a la seguridad y bienestar de la sociedad, contin\u00faan enfrent\u00e1ndose a condiciones laborales precarias. La iniciativa propone inspecciones m\u00e1s rigurosas, actualizaci\u00f3n de registros y una campa\u00f1a informativa para empoderar a los trabajadores sobre sus derechos y los medios para defenderlos.<\/p>\n<p><img loading=\"lazy\" decoding=\"async\" class=\"alignnone  wp-image-56005\" src=\"https:\/\/elpajaritonews.com\/wp-content\/uploads\/2024\/02\/f2a2cf9d-f348-41bf-95dd-f61dc157a8bb-300x200.jpg\" alt=\"\" width=\"548\" height=\"365\" srcset=\"https:\/\/elpajaritonews.com\/wp-content\/uploads\/2024\/02\/f2a2cf9d-f348-41bf-95dd-f61dc157a8bb-300x200.jpg 300w, https:\/\/elpajaritonews.com\/wp-content\/uploads\/2024\/02\/f2a2cf9d-f348-41bf-95dd-f61dc157a8bb-1024x682.jpg 1024w, https:\/\/elpajaritonews.com\/wp-content\/uploads\/2024\/02\/f2a2cf9d-f348-41bf-95dd-f61dc157a8bb-768x512.jpg 768w, https:\/\/elpajaritonews.com\/wp-content\/uploads\/2024\/02\/f2a2cf9d-f348-41bf-95dd-f61dc157a8bb-1536x1023.jpg 1536w, https:\/\/elpajaritonews.com\/wp-content\/uploads\/2024\/02\/f2a2cf9d-f348-41bf-95dd-f61dc157a8bb-630x420.jpg 630w, https:\/\/elpajaritonews.com\/wp-content\/uploads\/2024\/02\/f2a2cf9d-f348-41bf-95dd-f61dc157a8bb-640x426.jpg 640w, https:\/\/elpajaritonews.com\/wp-content\/uploads\/2024\/02\/f2a2cf9d-f348-41bf-95dd-f61dc157a8bb-681x454.jpg 681w, https:\/\/elpajaritonews.com\/wp-content\/uploads\/2024\/02\/f2a2cf9d-f348-41bf-95dd-f61dc157a8bb.jpg 1600w\" sizes=\"auto, (max-width: 548px) 100vw, 548px\" \/><\/p>\n<p>El diputado se\u00f1ala que esta medida no solo busca el cumplimiento de la ley, sino que representa un paso adelante en el reconocimiento y valoraci\u00f3n de la labor de los trabajadores de seguridad privada, promoviendo un ambiente de trabajo justo y digno para todos.<\/p>\n","protected":false},"excerpt":{"rendered":"<p>El Diputado Sebasti\u00e1n Antonio Ordu\u00f1o Fragoza ha presentado una importante iniciativa ante la Legislatura de Sonora, destacando un firme compromiso con la mejora de las condiciones laborales de los trabajadores de seguridad privada en el estado. La propuesta busca movilizar a la Secretar\u00eda del Trabajo, la Secretar\u00eda de Seguridad P\u00fablica del Estado y al Instituto&#8230;<\/p>\n","protected":false},"author":2,"featured_media":56004,"comment_status":"closed","ping_status":"closed","sticky":false,"template":"","format":"standard","meta":{"_crdt_document":"","_exactmetrics_skip_tracking":false,"_exactmetrics_sitenote_active":false,"_exactmetrics_sitenote_note":"","_exactmetrics_sitenote_category":0,"footnotes":""},"categories":[20,31,27],"tags":[28,29,30],"class_list":["post-56003","post","type-post","status-publish","format-standard","has-post-thumbnail","hentry","category-congreso","category-politica","category-sonora","tag-nogales","tag-nogales-la-gran-frontera","tag-sonora-tierra-de-oportunidades"],"_links":{"self":[{"href":"https:\/\/elpajaritonews.com\/index.php?rest_route=\/wp\/v2\/posts\/56003","targetHints":{"allow":["GET"]}}],"collection":[{"href":"https:\/\/elpajaritonews.com\/index.php?rest_route=\/wp\/v2\/posts"}],"about":[{"href":"https:\/\/elpajaritonews.com\/index.php?rest_route=\/wp\/v2\/types\/post"}],"author":[{"embeddable":true,"href":"https:\/\/elpajaritonews.com\/index.php?rest_route=\/wp\/v2\/users\/2"}],"replies":[{"embeddable":true,"href":"https:\/\/elpajaritonews.com\/index.php?rest_route=%2Fwp%2Fv2%2Fcomments&post=56003"}],"version-history":[{"count":1,"href":"https:\/\/elpajaritonews.com\/index.php?rest_route=\/wp\/v2\/posts\/56003\/revisions"}],"predecessor-version":[{"id":56006,"href":"https:\/\/elpajaritonews.com\/index.php?rest_route=\/wp\/v2\/posts\/56003\/revisions\/56006"}],"wp:featuredmedia":[{"embeddable":true,"href":"https:\/\/elpajaritonews.com\/index.php?rest_route=\/wp\/v2\/media\/56004"}],"wp:attachment":[{"href":"https:\/\/elpajaritonews.com\/index.php?rest_route=%2Fwp%2Fv2%2Fmedia&parent=56003"}],"wp:term":[{"taxonomy":"category","embeddable":true,"href":"https:\/\/elpajaritonews.com\/index.php?rest_route=%2Fwp%2Fv2%2Fcategories&post=56003"},{"taxonomy":"post_tag","embeddable":true,"href":"https:\/\/elpajaritonews.com\/index.php?rest_route=%2Fwp%2Fv2%2Ftags&post=56003"}],"curies":[{"name":"wp","href":"https:\/\/api.w.org\/{rel}","templated":true}]}}