{"id":56014,"date":"2024-02-23T17:36:15","date_gmt":"2024-02-23T17:36:15","guid":{"rendered":"https:\/\/elpajaritonews.com\/?p=56014"},"modified":"2024-02-23T17:36:15","modified_gmt":"2024-02-23T17:36:15","slug":"amlo-decreta-subsidio-de-luz-en-sonora","status":"publish","type":"post","link":"https:\/\/elpajaritonews.com\/?p=56014","title":{"rendered":"AMLO DECRETA SUBSIDIO DE LUZ EN SONORA"},"content":{"rendered":"<p>Alejandro Matty Ortega\/Irreverente Noticias<\/p>\n<p>Ciudad de M\u00e9xico (IN) .- El presidente Andr\u00e9s Manuel L\u00f3pez Obrador emiti\u00f3 el Decreto de subsidio de energ\u00eda el\u00e9ctrica para Sonora.<\/p>\n<p>El presidente de M\u00e9xico firm\u00f3 el acuerdo por el que se otorga un subsidio Baja California, Sonora, Sinaloa y\u00a0Nayarit para que reciban este \u00abbeneficio\u00bb de parte de CFE a partir de este verano 2024.<\/p>\n<p>El Decreto que a\u00fan no define la ampliaci\u00f3n del subsidio ni la modificaci\u00f3n del rango tarifario, establece que \u00abpara los usuarios dom\u00e9sticos en todos los municipios de Sonora donde no\u00a0se aplica la tarifa 1F, \u00abel apoyo consiste en la facturaci\u00f3n con la estructura y cuotas vigentes de la\u00a0tarifa 1F durante el per\u00edodo de verano\u00bb.<\/p>\n<p>Asimismo, \u00abse modifica el l\u00edmite de aplicaci\u00f3n de la tarifa<br \/>\nDom\u00e9stica de Alto Consumo para los usuarios que consumen hasta 1,200 kWh mensuales en los\u00a0municipios de Agua Prieta, Nogales, Cananea, Naco, Santa Cruz y Bacoachi.<\/p>\n<p>El costo en 2023 fue\u00a0de 783 millones de pesos.<\/p>\n<p>ACUERDO<\/p>\n<p>ART\u00cdCULO PRIMERO.\u00a0Se otorga un subsidio a las entidades federativas de Baja California, Sonora,\u00a0Sinaloa y Nayarit para cubrir los adeudos derivados de los apoyos tarifarios especificados en el apartado de\u00a0considerandos del presente acuerdo.<\/p>\n<p>ART\u00cdCULO SEGUNDO.\u00a0La Secretar\u00eda de Hacienda y Cr\u00e9dito P\u00fablico debe emitir las Reglas de Operaci\u00f3n\u00a0para determinar, entre otros aspectos, la presupuestaci\u00f3n, otorgamiento, ejercicio y aplicaci\u00f3n del subsidio a\u00a0que se refiere el art\u00edculo anterior.<\/p>\n<p>ART\u00cdCULO TERCERO.\u00a0Con cargo al subsidio que se otorgue en t\u00e9rminos del art\u00edculo PRIMERO, la\u00a0Secretar\u00eda de Hacienda y Cr\u00e9dito P\u00fablico debe transferir anualmente a CFE Suministrador de Servicios\u00a0B\u00e1sicos, por cuenta y orden de las entidades federativas referidas en el art\u00edculo primero del presente acuerdo,\u00a0los recursos presupuestales que sean necesarios para contribuir esos apoyos tarifarios.<\/p>\n<p>Dicha transferencia\u00a0debe observar las reglas de operaci\u00f3n que para tal efecto emita dicha dependencia.<\/p>\n<p>ART\u00cdCULO\u00a0CUARTO.\u00a0La interpretaci\u00f3n del presente acuerdo y sus Reglas de Operaci\u00f3n corresponde a la\u00a0Secretar\u00eda de Hacienda y Cr\u00e9dito P\u00fablico.<\/p>\n<p>TRANSITORIOS<\/p>\n<p>PRIMERO.\u00a0El presente acuerdo entra en vigor el d\u00eda siguiente al de su publicaci\u00f3n en el Diario Oficial\u00a0de la\u00a0Federaci\u00f3n.<\/p>\n<p>SEGUNDO.\u00a0La\u00a0Secretar\u00eda de Hacienda y Cr\u00e9dito P\u00fablico debe emitir las Reglas de Operaci\u00f3n del\u00a0presente acuerdo dentro de los 30 d\u00edas h\u00e1biles siguientes a la publicaci\u00f3n en el Diario Oficial de la Federaci\u00f3n\u00a0del presente acuerdo.<\/p>\n<p>Dado en la residencia del Poder Ejecutivo Federal, en Ciudad de M\u00e9xico a\u00a022 de febrero de 2024.-\u00a0Andr\u00e9s\u00a0Manuel L\u00f3pez Obrador.<\/p>\n<p>El pasado 13 de febrero, este medio binacional IRREVERENTE NOTICIAS cosign\u00f3 que ser\u00e1 vitalicio el decreto presidencial del subsidio de energ\u00eda el\u00e9ctrica en Sonora.<\/p>\n<p>Ese d\u00eda, el presidente Andr\u00e9s Manuel L\u00f3pez Obrador anunci\u00f3 la firma del Decreto para este fin de mes.<\/p>\n<p>El presidente de M\u00e9xico destac\u00f3 que \u00abya tengo el informe, tanto de Hacienda, como de la Comisi\u00f3n Federal de Electricidad\u00bb.<\/p>\n<p>Apunt\u00f3 que \u00abes muy probable que ahora que voy a Sonora se firme ya un decreto con ese prop\u00f3sito\u00bb.<\/p>\n<p>L\u00f3pez Obrador indic\u00f3 que firmar\u00e1 dicho decreto \u00abtambi\u00e9n para que no se est\u00e9 renovando a\u00f1o con a\u00f1o, sino que ya quede establecido legalmente el apoyo a Sonora, esto es a finales de este mes\u00bb.<\/p>\n<p>El mandatario expres\u00f3 que visitar\u00e1 Sonora, \u00abvoy a estar con los pueblos yaquis, voy a la inauguraci\u00f3n del acueducto\u00bb.<\/p>\n<p>Agreg\u00f3 que \u00abelos son muy respetuosos de Semana Santa,t entonces no vamos a hacer ning\u00fan acto, nada m\u00e1s es abrir la llave para el acueducto y hacer este anuncio que tiene que ver con el apoyo; hay que decirlo con toda claridad: El subsidio a la energ\u00eda el\u00e9ctrica\u00bb.<\/p>\n<p>Se\u00f1al\u00f3 que \u00abdigo subsidio porque en el periodo neoliberal se sataniz\u00f3 la palabra \u2018subsidio\u2019, \u00bfno?, como si no fuese la funci\u00f3n del gobierno apoyar a la gente, apoyar al pueblo\u00bb.<\/p>\n<p>Record\u00f3 que \u00abantes no se pod\u00eda hablar de eso y de manera muy hip\u00f3crita, porque se subsidiaba a los de arriba siempre, pero en el lenguaje tecnocr\u00e1tico, neoliberal, se hab\u00eda cancelado el uso de la palabra subsidio\u00bb.<\/p>\n<p>En el caso, por ejemplo, del campo, \u00abse dej\u00f3 sin apoyo a los productores, mientras se abr\u00edan las fronteras y se pon\u00eda competir a los productores nacionales con los productores del extranjero, en condiciones de desigualdad, porque los productores del extranjero\u00bb.<\/p>\n<p>Dijo que en Estados Unidos, \u00abno vamos a ir tan lejos, todos los productores reciben subsidios, reciben como el 50 por ciento de subsidio de su costo de producci\u00f3n, y aqu\u00ed el productor qued\u00f3 abandonado a su suerte\u00bb.<\/p>\n<p>Por eso, \u00abcuando habl\u00e1bamos de un decreto para el subsidio, porque es una situaci\u00f3n especial por las altas temperaturas que padecen en Sonora y en otras partes, pues vamos ya a dejarlo establecido\u00bb.<\/p>\n<p>El presidente a\u00f1adi\u00f3 que el decreto del subsidio se dar\u00e1 solamente \u00abpor lo pronto, Sonora\u00bb.<\/p>\n<p>Resalt\u00f3 que \u00abes probable que ya se incluya a otros estados en donde ya a\u00f1o con a\u00f1o se apoya, ya lo que queremos es dejarlo establecido\u00bb.<\/p>\n<p>Sobre el monto del subsidio mencion\u00f3 que \u00absiempre significa tener una menor recaudaci\u00f3n, se tiene contabilizada, a lo mejor se da a conocer ese d\u00eda\u00bb.<\/p>\n<p>Describi\u00f3 que \u00abahora a Sonora voy a eso b\u00e1sicamente y ah\u00ed vamos a aprovechar para las dos cosas porque voy a ir a una gira por el Norte, es muy probable que vaya a Guerrero Negro y vamos a estar tambi\u00e9n en Sinaloa en esa gira\u00bb.<\/p>\n<p>El 14 de febrero, en entrevista exclusiva con este medio, energ\u00eda, Ignacio Peinado Luna anunci\u00f3 una Marcha-Mitin a las oficinas de la CFE para el 16 de marzo.<\/p>\n<p>Dijo que ante la incertidumbre de contar con un subsidio justo en este verano, la UUH marchar\u00e1 a la CFE en Hermosillo, Sonora.<\/p>\n<p>Peinado Luna destac\u00f3 que al d\u00eda de hoy no hay nada oficial ni claro sobre la ampliaci\u00f3n del subsidio y ajuste del rango tarifario.<\/p>\n<p>Sobre el anuncio del presidente respecto a la firma del Decreto Presidencial, el l\u00edder de la Uni\u00f3n de Usuarios de Hermosillo precis\u00f3 \u00abte decimos los usuarios que ante la inceridumbre que tenemos hasta este momento, justamente en el tema del subsidio, estamos convocando a una Marcha-Mitin para el s\u00e1bado 16 de marzo, a las 4.30 de la tarde\u00bb.<\/p>\n<p>Nacho Peinado indic\u00f3 que \u00abser\u00e1 en el Jard\u00edn Ju\u00e1rez y habremos de caminar hacia Comisi\u00f3n Federal de Electricidad en Matamoros y San Luis Potos\u00ed, esperemos y para entonces hayan quedado en firme los logros conquistados en la lucha social en Hermosillo y Sonora\u00bb.<\/p>\n<p>Describi\u00f3 que la Marcha-Mitin \u00abser\u00e1 un evento mucho muy importante para todos los usuarios que hemos dedicado tiempo, esfuerzo, sacrificio, muchas adversidades para lograr mejor calidad de vida\u00bb.<\/p>\n<p>Agreg\u00f3 que \u00abestamos muy al pendiente de estos siguientes d\u00edas, hasta que llegue el tiempo de conocer con puntualidad el contenido del Decreto Presidencial\u00bb.<\/p>\n<p>Por ello, dijo, \u00abhacemos votos que habr\u00e1 de responder a las expectativas de los usuarios que luchamos con esa pretensi\u00f3n\u00bb.<\/p>\n<p>De lo contrario, \u00abcomo siempre estaremos en primera l\u00ednea para seguir luchando hasta lograr que el acceso a la energ\u00eda el\u00e9ctrica sea constitucionalmente un Derecho Humano\u00bb.<\/p>\n<p>En cuanto a lo que se refiere el presidente sobre la firma del Decreto para dar tranquilidad a las familias sonorenses con relaci\u00f3n al subsidio, \u00abnos parece fundamental y mucho muy importante\u00bb.<\/p>\n<p>Resalt\u00f3 que ha sido un reclamo, \u00abuna exigencia de parte de la ciudadan\u00eda hacia CFE y el Gobierno Federal\u00bb.<\/p>\n<p>Espera y hace votos para que en este Decreto Presidencial \u00abvengan plasmados los logros de los usuarios a trav\u00e9s de la intensa lucha social\u00bb.<\/p>\n<p>Peinado Luna espera \u00abque esos acuerdos que<br \/>\nCFE y el Gobierno del Estado anunciaban el a\u00f1o pasado como la ampliaci\u00f3n del subsidio y la modificaci\u00f3n del rango tarifario para que nos cueste m\u00e1s barata la energ\u00eda, vengan impl\u00edcitos en el Decreto\u00bb.<\/p>\n<p>Para ello \u00abhacemos votos para que estos aspectos que se lograron en la lucha social que obedecen a una necesidad y realidad de las familias sonorenses y hermosillenses queden plasmados a cabalidad en este Decreto Presidencial\u00bb.<\/p>\n<p>Si es as\u00ed, \u00abse estar\u00e1 haciendo justicia social a todo el Pueblo sonorense donde las tempetaturas son extremas en verano hasta 45 y 50 grados, as\u00ed como facturas impagables a\u00fan en invierno en Sonora\u00bb.<\/p>\n<p>Lo anterior, \u00abtrae todo el a\u00f1o altos cobros de recibos de energ\u00eda el\u00e9ctrica\u00bb.<\/p>\n<p>Ante este hecho, \u00abcelebramos los usuarios y estaremos muy atentos de que llegado el momento de la firma de este Decreto, sean los acuerdos plasmados y eso ser\u00e1 justicia social que por d\u00e9cadas nos ha quedado a deber el Estado mexicano\u00bb.<\/p>\n","protected":false},"excerpt":{"rendered":"<p>Alejandro Matty Ortega\/Irreverente Noticias Ciudad de M\u00e9xico (IN) .- El presidente Andr\u00e9s Manuel L\u00f3pez Obrador emiti\u00f3 el Decreto de subsidio de energ\u00eda el\u00e9ctrica para Sonora. El presidente de M\u00e9xico firm\u00f3 el acuerdo por el que se otorga un subsidio Baja California, Sonora, Sinaloa y\u00a0Nayarit para que reciban este \u00abbeneficio\u00bb de parte de CFE a partir&#8230;<\/p>\n","protected":false},"author":2,"featured_media":56015,"comment_status":"closed","ping_status":"closed","sticky":false,"template":"","format":"standard","meta":{"_crdt_document":"","_exactmetrics_skip_tracking":false,"_exactmetrics_sitenote_active":false,"_exactmetrics_sitenote_note":"","_exactmetrics_sitenote_category":0,"footnotes":""},"categories":[36,26,37,23,19,31,27],"tags":[28,29,30],"class_list":["post-56014","post","type-post","status-publish","format-standard","has-post-thumbnail","hentry","category-economia","category-local","category-medio-ambiente","category-mexico","category-opinion","category-politica","category-sonora","tag-nogales","tag-nogales-la-gran-frontera","tag-sonora-tierra-de-oportunidades"],"_links":{"self":[{"href":"https:\/\/elpajaritonews.com\/index.php?rest_route=\/wp\/v2\/posts\/56014","targetHints":{"allow":["GET"]}}],"collection":[{"href":"https:\/\/elpajaritonews.com\/index.php?rest_route=\/wp\/v2\/posts"}],"about":[{"href":"https:\/\/elpajaritonews.com\/index.php?rest_route=\/wp\/v2\/types\/post"}],"author":[{"embeddable":true,"href":"https:\/\/elpajaritonews.com\/index.php?rest_route=\/wp\/v2\/users\/2"}],"replies":[{"embeddable":true,"href":"https:\/\/elpajaritonews.com\/index.php?rest_route=%2Fwp%2Fv2%2Fcomments&post=56014"}],"version-history":[{"count":1,"href":"https:\/\/elpajaritonews.com\/index.php?rest_route=\/wp\/v2\/posts\/56014\/revisions"}],"predecessor-version":[{"id":56016,"href":"https:\/\/elpajaritonews.com\/index.php?rest_route=\/wp\/v2\/posts\/56014\/revisions\/56016"}],"wp:featuredmedia":[{"embeddable":true,"href":"https:\/\/elpajaritonews.com\/index.php?rest_route=\/wp\/v2\/media\/56015"}],"wp:attachment":[{"href":"https:\/\/elpajaritonews.com\/index.php?rest_route=%2Fwp%2Fv2%2Fmedia&parent=56014"}],"wp:term":[{"taxonomy":"category","embeddable":true,"href":"https:\/\/elpajaritonews.com\/index.php?rest_route=%2Fwp%2Fv2%2Fcategories&post=56014"},{"taxonomy":"post_tag","embeddable":true,"href":"https:\/\/elpajaritonews.com\/index.php?rest_route=%2Fwp%2Fv2%2Ftags&post=56014"}],"curies":[{"name":"wp","href":"https:\/\/api.w.org\/{rel}","templated":true}]}}