{"id":56125,"date":"2024-02-29T02:04:17","date_gmt":"2024-02-29T02:04:17","guid":{"rendered":"https:\/\/elpajaritonews.com\/?p=56125"},"modified":"2024-02-29T02:04:17","modified_gmt":"2024-02-29T02:04:17","slug":"fortalece-gobierno-de-sonora-colaboracion-con-el-mundo-arabe-a-traves-de-la-ues","status":"publish","type":"post","link":"https:\/\/elpajaritonews.com\/?p=56125","title":{"rendered":"FORTALECE GOBIERNO DE SONORA COLABORACI\u00d3N CON EL MUNDO \u00c1RABE A TRAV\u00c9S DE LA UES"},"content":{"rendered":"<p>Abu Dhabi, Emiratos \u00c1rabes Unidos; 28 de febrero de 2024.- La Universidad Estatal de Sonora (UES), fue invitada de honor en la XVI Sesi\u00f3n del Premio Internacional Khalifa para la Palma Datilera y la Innovaci\u00f3n Agr\u00edcola, como parte de la colaboraci\u00f3n del Gobierno de Sonora con el mundo \u00e1rabe.<\/p>\n<p>Armando Moreno Soto, rector de la UES, indic\u00f3 que la presencia de la universidad en la ceremonia estrecha los lazos de colaboraci\u00f3n con el Premio Khalifa, aliado estrat\u00e9gico durante varios a\u00f1os en el impulso a la industria datilera en M\u00e9xico, con el Festival Internacional de Palma Datilera en el pa\u00eds.<\/p>\n<p><img loading=\"lazy\" decoding=\"async\" class=\"alignnone  wp-image-56127\" src=\"https:\/\/elpajaritonews.com\/wp-content\/uploads\/2024\/02\/654cce52-f5a4-4da8-be4e-4d4281d5d8f0-300x225.jpg\" alt=\"\" width=\"617\" height=\"463\" srcset=\"https:\/\/elpajaritonews.com\/wp-content\/uploads\/2024\/02\/654cce52-f5a4-4da8-be4e-4d4281d5d8f0-300x225.jpg 300w, https:\/\/elpajaritonews.com\/wp-content\/uploads\/2024\/02\/654cce52-f5a4-4da8-be4e-4d4281d5d8f0-1024x768.jpg 1024w, https:\/\/elpajaritonews.com\/wp-content\/uploads\/2024\/02\/654cce52-f5a4-4da8-be4e-4d4281d5d8f0-768x576.jpg 768w, https:\/\/elpajaritonews.com\/wp-content\/uploads\/2024\/02\/654cce52-f5a4-4da8-be4e-4d4281d5d8f0-1536x1152.jpg 1536w, https:\/\/elpajaritonews.com\/wp-content\/uploads\/2024\/02\/654cce52-f5a4-4da8-be4e-4d4281d5d8f0-560x420.jpg 560w, https:\/\/elpajaritonews.com\/wp-content\/uploads\/2024\/02\/654cce52-f5a4-4da8-be4e-4d4281d5d8f0-80x60.jpg 80w, https:\/\/elpajaritonews.com\/wp-content\/uploads\/2024\/02\/654cce52-f5a4-4da8-be4e-4d4281d5d8f0-100x75.jpg 100w, https:\/\/elpajaritonews.com\/wp-content\/uploads\/2024\/02\/654cce52-f5a4-4da8-be4e-4d4281d5d8f0-180x135.jpg 180w, https:\/\/elpajaritonews.com\/wp-content\/uploads\/2024\/02\/654cce52-f5a4-4da8-be4e-4d4281d5d8f0-238x178.jpg 238w, https:\/\/elpajaritonews.com\/wp-content\/uploads\/2024\/02\/654cce52-f5a4-4da8-be4e-4d4281d5d8f0-640x480.jpg 640w, https:\/\/elpajaritonews.com\/wp-content\/uploads\/2024\/02\/654cce52-f5a4-4da8-be4e-4d4281d5d8f0-681x511.jpg 681w, https:\/\/elpajaritonews.com\/wp-content\/uploads\/2024\/02\/654cce52-f5a4-4da8-be4e-4d4281d5d8f0.jpg 1600w\" sizes=\"auto, (max-width: 617px) 100vw, 617px\" \/><\/p>\n<p>\u201cEstrechamos los lazos de amistad con el mundo \u00e1rabe, lo que da una fortaleza sin precedente al festival que co-organizamos, y que este noviembre va por su tercera edici\u00f3n; adem\u00e1s, nuestros investigadores en palma datilera y d\u00e1til medjhoul lideran el campo a nivel nacional\u201d, expuso el rector.<\/p>\n<p><img loading=\"lazy\" decoding=\"async\" class=\"alignnone  wp-image-56128\" src=\"https:\/\/elpajaritonews.com\/wp-content\/uploads\/2024\/02\/ee1173b8-f89e-4c2c-a3aa-f74d0f8cf3ec-300x225.jpg\" alt=\"\" width=\"631\" height=\"473\" srcset=\"https:\/\/elpajaritonews.com\/wp-content\/uploads\/2024\/02\/ee1173b8-f89e-4c2c-a3aa-f74d0f8cf3ec-300x225.jpg 300w, https:\/\/elpajaritonews.com\/wp-content\/uploads\/2024\/02\/ee1173b8-f89e-4c2c-a3aa-f74d0f8cf3ec-1024x768.jpg 1024w, https:\/\/elpajaritonews.com\/wp-content\/uploads\/2024\/02\/ee1173b8-f89e-4c2c-a3aa-f74d0f8cf3ec-768x576.jpg 768w, https:\/\/elpajaritonews.com\/wp-content\/uploads\/2024\/02\/ee1173b8-f89e-4c2c-a3aa-f74d0f8cf3ec-560x420.jpg 560w, https:\/\/elpajaritonews.com\/wp-content\/uploads\/2024\/02\/ee1173b8-f89e-4c2c-a3aa-f74d0f8cf3ec-80x60.jpg 80w, https:\/\/elpajaritonews.com\/wp-content\/uploads\/2024\/02\/ee1173b8-f89e-4c2c-a3aa-f74d0f8cf3ec-100x75.jpg 100w, https:\/\/elpajaritonews.com\/wp-content\/uploads\/2024\/02\/ee1173b8-f89e-4c2c-a3aa-f74d0f8cf3ec-180x135.jpg 180w, https:\/\/elpajaritonews.com\/wp-content\/uploads\/2024\/02\/ee1173b8-f89e-4c2c-a3aa-f74d0f8cf3ec-238x178.jpg 238w, https:\/\/elpajaritonews.com\/wp-content\/uploads\/2024\/02\/ee1173b8-f89e-4c2c-a3aa-f74d0f8cf3ec-640x480.jpg 640w, https:\/\/elpajaritonews.com\/wp-content\/uploads\/2024\/02\/ee1173b8-f89e-4c2c-a3aa-f74d0f8cf3ec-681x511.jpg 681w, https:\/\/elpajaritonews.com\/wp-content\/uploads\/2024\/02\/ee1173b8-f89e-4c2c-a3aa-f74d0f8cf3ec.jpg 1511w\" sizes=\"auto, (max-width: 631px) 100vw, 631px\" \/><\/p>\n<p>Record\u00f3 que, dicho festival, que se realiza en San Luis R\u00edo Colorado y Mexicali, es organizado por el Gobierno de M\u00e9xico, a trav\u00e9s de la Secretar\u00eda de Agricultura, los Gobiernos de Sonora y Baja California y la Universidad Estatal de Sonora, con el apoyo del Premio Internacional Khalifa y la participaci\u00f3n de productores e investigadores de palma datilera.<\/p>\n<p>En la XVI Sesi\u00f3n del Premio Internacional Khalifa, los Emiratos \u00c1rabes Unidos reconocen las aportaciones de empresas e investigadores a la industria de este fruto de gran relevancia para la comunidad \u00e1rabe internacional.<\/p>\n","protected":false},"excerpt":{"rendered":"<p>Abu Dhabi, Emiratos \u00c1rabes Unidos; 28 de febrero de 2024.- La Universidad Estatal de Sonora (UES), fue invitada de honor en la XVI Sesi\u00f3n del Premio Internacional Khalifa para la Palma Datilera y la Innovaci\u00f3n Agr\u00edcola, como parte de la colaboraci\u00f3n del Gobierno de Sonora con el mundo \u00e1rabe. Armando Moreno Soto, rector de la&#8230;<\/p>\n","protected":false},"author":2,"featured_media":56126,"comment_status":"closed","ping_status":"closed","sticky":false,"template":"","format":"standard","meta":{"_crdt_document":"","_exactmetrics_skip_tracking":false,"_exactmetrics_sitenote_active":false,"_exactmetrics_sitenote_note":"","_exactmetrics_sitenote_category":0,"footnotes":""},"categories":[33,23,24,31,27],"tags":[28,29,30],"class_list":["post-56125","post","type-post","status-publish","format-standard","has-post-thumbnail","hentry","category-educacion","category-mexico","category-mundo","category-politica","category-sonora","tag-nogales","tag-nogales-la-gran-frontera","tag-sonora-tierra-de-oportunidades"],"_links":{"self":[{"href":"https:\/\/elpajaritonews.com\/index.php?rest_route=\/wp\/v2\/posts\/56125","targetHints":{"allow":["GET"]}}],"collection":[{"href":"https:\/\/elpajaritonews.com\/index.php?rest_route=\/wp\/v2\/posts"}],"about":[{"href":"https:\/\/elpajaritonews.com\/index.php?rest_route=\/wp\/v2\/types\/post"}],"author":[{"embeddable":true,"href":"https:\/\/elpajaritonews.com\/index.php?rest_route=\/wp\/v2\/users\/2"}],"replies":[{"embeddable":true,"href":"https:\/\/elpajaritonews.com\/index.php?rest_route=%2Fwp%2Fv2%2Fcomments&post=56125"}],"version-history":[{"count":1,"href":"https:\/\/elpajaritonews.com\/index.php?rest_route=\/wp\/v2\/posts\/56125\/revisions"}],"predecessor-version":[{"id":56129,"href":"https:\/\/elpajaritonews.com\/index.php?rest_route=\/wp\/v2\/posts\/56125\/revisions\/56129"}],"wp:featuredmedia":[{"embeddable":true,"href":"https:\/\/elpajaritonews.com\/index.php?rest_route=\/wp\/v2\/media\/56126"}],"wp:attachment":[{"href":"https:\/\/elpajaritonews.com\/index.php?rest_route=%2Fwp%2Fv2%2Fmedia&parent=56125"}],"wp:term":[{"taxonomy":"category","embeddable":true,"href":"https:\/\/elpajaritonews.com\/index.php?rest_route=%2Fwp%2Fv2%2Fcategories&post=56125"},{"taxonomy":"post_tag","embeddable":true,"href":"https:\/\/elpajaritonews.com\/index.php?rest_route=%2Fwp%2Fv2%2Ftags&post=56125"}],"curies":[{"name":"wp","href":"https:\/\/api.w.org\/{rel}","templated":true}]}}