{"id":56251,"date":"2024-03-03T23:21:49","date_gmt":"2024-03-03T23:21:49","guid":{"rendered":"https:\/\/elpajaritonews.com\/?p=56251"},"modified":"2024-03-03T23:21:52","modified_gmt":"2024-03-03T23:21:52","slug":"invisibles-personas-con-discapacidad-en-sonora-coalicion-por-la-discapacidad-sonora","status":"publish","type":"post","link":"https:\/\/elpajaritonews.com\/?p=56251","title":{"rendered":"INVISIBLES, PERSONAS CON DISCAPACIDAD EN SONORA: COALICI\u00d3N POR LA DISCAPACIDAD SONORA\u00a0"},"content":{"rendered":"\n<p class=\"wp-block-paragraph\">Alejandro Matty Ortega\/Irreverente Noticias<\/p>\n\n\n\n<p class=\"wp-block-paragraph\">Hermosillo, Sonora (IN).- Existen m\u00e1s de 450 mil ni\u00f1as, ni\u00f1os, adolescentes y adultos con discapacidad o limitaci\u00f3n, \u00abinvisibles\u00bb para el Gobierno y la sociedad en Sonora.<\/p>\n\n\n\n<p class=\"wp-block-paragraph\">En la zona rural de Hermosillo y en los municipios de la Sierra, algunas personas con discapacidad literalmente se arrastran por el piso al carecer de muletas, andaderas o sillas de ruedas para desplazarse dentro de sus viviendas y en su entorno social y\/o natural.<\/p>\n\n\n\n<p class=\"wp-block-paragraph\">Carecen del acceso a la educaci\u00f3n, vivienda, servicios b\u00e1sicos de salud, alimentaci\u00f3n adecuada y s\u00f3lo el 0.4 % logra un empleo digno en Sonora.<\/p>\n\n\n\n<p class=\"wp-block-paragraph\">Segregados, excluidos, olvidados y violentados en sus m\u00e1s elementales Derechos Humanos, m\u00e1s de 6 millones de personas con discapacidad en M\u00e9xico son marginadas al asistencialismo.<\/p>\n\n\n\n<p class=\"wp-block-paragraph\">Lo anterior, apesar de que existen leyes desde el 2008 para su atenci\u00f3n, cuidado y protecci\u00f3n.<\/p>\n\n\n\n<p class=\"wp-block-paragraph\">Con discapacidad y limitaciones f\u00edsicas, intelectuales, mentales, psicosociales,&nbsp;m\u00faltiples,&nbsp;sensoriales, auditivas y visuales, casi 500 mil sonorenses son segregados por el Gobierno y la misma sociedad.<\/p>\n\n\n\n<p class=\"wp-block-paragraph\">El 70 % de las ni\u00f1as, ni\u00f1os y adolescentes con discapacidad, ingresan a la educaci\u00f3n primaria, 23 % a secundaria, 9.5 % a preparatoria, 3 % a la universidad, s\u00f3lo el 0.4 % logra titularse y no todos consiguen un empleo.<\/p>\n\n\n\n<p class=\"wp-block-paragraph\">Por ley, las empresas y el Gobierno del Estado y los 72 Municipios deben incluir el 3 % de personas con discapacidad; sin embargo, nadie cumple con esta disposici\u00f3n y mandato constitucional en Sonora.<\/p>\n\n\n\n<p class=\"wp-block-paragraph\">El Gobierno del Estado y los 72 Municipios son los principales entes que propician la segregaci\u00f3n y la exclusi\u00f3n de las personas con discapacidad en Sonora.<\/p>\n\n\n\n<p class=\"wp-block-paragraph\">En la v\u00eda p\u00fablica, son ignorados y en ocasiones violentados por su condici\u00f3n vulnerable por peatones y automovilistas sin distingo.<\/p>\n\n\n\n<p class=\"wp-block-paragraph\">Padecen la falta de accesibilidad en espacios p\u00fablicos y en las escuelas p\u00fablicas, a las \u00fanicas que tienen acceso en Sonora.<\/p>\n\n\n\n<p class=\"wp-block-paragraph\">Adem\u00e1s de rampas para sillas de ruedas, carecen de material did\u00e1ctico y pedag\u00f2gico para su desarrolo humano y acad\u00e9mico.<\/p>\n\n\n\n<p class=\"wp-block-paragraph\">Las mismas instituciones p\u00fablicas les limitan su acceso y movilidad.<\/p>\n\n\n\n<p class=\"wp-block-paragraph\">Por si fuera poco, durante m\u00e1s de 30 a\u00f1os, las personas con discapacidad son utilizadas por los partidos pol\u00edticos para sus fines electorales y de propaganda.<\/p>\n\n\n\n<p class=\"wp-block-paragraph\">Hoy, la Coalici\u00f3n por la Discapacidad Sonora&nbsp;present\u00f3 la Agenda P\u00fablica Discapacidad Sonora 2024.<\/p>\n\n\n\n<p class=\"wp-block-paragraph\">Esta coalici\u00f3n es un grupo de asociaciones civiles, colectivos y movimientos y activistas en pro de los Derechos Humanos que exigen la inclusi\u00f3n de las personas con discapacidad en Sonora.<\/p>\n\n\n\n<p class=\"wp-block-paragraph\">En conferencia de prensa, Liliana Gabriela Quintero Cota, representante de Comunidad Ciega y de Baja Visi\u00f3n A.C., apunt\u00f3 que \u00aben el estado&nbsp;<\/p>\n\n\n\n<p class=\"wp-block-paragraph\">estamos rondando el medio mill\u00f3n de personas&nbsp;que formamos parte de la&nbsp;poblaci\u00f3n con alguna discapacidad&nbsp;o limitaci\u00f3n\u201d.<\/p>\n\n\n\n<p class=\"wp-block-paragraph\">Plante\u00f3 la problem\u00e1tica que viven las personas con discapacidad en lo Laboral, Salud, Movilidad y Transporte P\u00fablico Accesible; Educaci\u00f3n, Juventud y Derecho al Hogar Digno y Accesible; Electoral, Deporte Adaptado y Derechos Humanos.<\/p>\n\n\n\n<p class=\"wp-block-paragraph\">La activista con discapacidad expuso que \u00abhist\u00f3ricamente en M\u00e9xico, el tema de la discapacidad ha sido invisibilizado\u00bb.<\/p>\n\n\n\n<p class=\"wp-block-paragraph\">Agreg\u00f3 que \u00ab\u00fanicamente lo han atendido desde un enfoque asistencialista; sin embargo, en la actualidad ese enfoque ya es insuficiente ante las acciones que se requieren para el libre desarrollo de las personas con discapacidad\u201d.<\/p>\n\n\n\n<p class=\"wp-block-paragraph\">La&nbsp;representante de Comunidad Ciega y de Baja Visi\u00f3n A.C. dijo que en Sonora hay m\u00e1s de 145 mil personas con discapacidad y m\u00e1s de 350 mil personas con alguna limitaci\u00f3n.<\/p>\n\n\n\n<p class=\"wp-block-paragraph\">Indic\u00f3 que \u00abcon esta agenda, buscamos impulsar acciones concretas para abordar las necesidades que enfrentamos\u00bb.<\/p>\n\n\n\n<p class=\"wp-block-paragraph\">Dijo que los integrantes de la Coalici\u00f3n por la Discapacidad Sonora 2024 convocan a las y los candidatos a que en sus propuestas prioricen el tema de la inclusi\u00f3n en Sonora.<\/p>\n\n\n\n<p class=\"wp-block-paragraph\">Coment\u00f3 que \u00aba lo largo del proceso, estaremos atentos para dar seguimiento a cada una de estas \u00e1reas\u00bb.<\/p>\n\n\n\n<p class=\"wp-block-paragraph\">Apunt\u00f3 que \u00aben ocasiones, sentimos que somos utilizados s\u00f3lo para dar una imagen de inclusi\u00f3n, pero no vemos que estas acciones se traduzcan en mejoras reales en nuestra vida diaria\u00bb.<\/p>\n","protected":false},"excerpt":{"rendered":"<p>Alejandro Matty Ortega\/Irreverente Noticias Hermosillo, Sonora (IN).- Existen m\u00e1s de 450 mil ni\u00f1as, ni\u00f1os, adolescentes y adultos con discapacidad o limitaci\u00f3n, \u00abinvisibles\u00bb para el Gobierno y la sociedad en Sonora. En la zona rural de Hermosillo y en los municipios de la Sierra, algunas personas con discapacidad literalmente se arrastran por el piso al carecer&#8230;<\/p>\n","protected":false},"author":2,"featured_media":56252,"comment_status":"closed","ping_status":"closed","sticky":false,"template":"","format":"standard","meta":{"_crdt_document":"","_exactmetrics_skip_tracking":false,"_exactmetrics_sitenote_active":false,"_exactmetrics_sitenote_note":"","_exactmetrics_sitenote_category":0,"footnotes":""},"categories":[26,19,31,32,27],"tags":[29,30],"class_list":["post-56251","post","type-post","status-publish","format-standard","has-post-thumbnail","hentry","category-local","category-opinion","category-politica","category-salud","category-sonora","tag-nogales-la-gran-frontera","tag-sonora-tierra-de-oportunidades"],"_links":{"self":[{"href":"https:\/\/elpajaritonews.com\/index.php?rest_route=\/wp\/v2\/posts\/56251","targetHints":{"allow":["GET"]}}],"collection":[{"href":"https:\/\/elpajaritonews.com\/index.php?rest_route=\/wp\/v2\/posts"}],"about":[{"href":"https:\/\/elpajaritonews.com\/index.php?rest_route=\/wp\/v2\/types\/post"}],"author":[{"embeddable":true,"href":"https:\/\/elpajaritonews.com\/index.php?rest_route=\/wp\/v2\/users\/2"}],"replies":[{"embeddable":true,"href":"https:\/\/elpajaritonews.com\/index.php?rest_route=%2Fwp%2Fv2%2Fcomments&post=56251"}],"version-history":[{"count":1,"href":"https:\/\/elpajaritonews.com\/index.php?rest_route=\/wp\/v2\/posts\/56251\/revisions"}],"predecessor-version":[{"id":56253,"href":"https:\/\/elpajaritonews.com\/index.php?rest_route=\/wp\/v2\/posts\/56251\/revisions\/56253"}],"wp:featuredmedia":[{"embeddable":true,"href":"https:\/\/elpajaritonews.com\/index.php?rest_route=\/wp\/v2\/media\/56252"}],"wp:attachment":[{"href":"https:\/\/elpajaritonews.com\/index.php?rest_route=%2Fwp%2Fv2%2Fmedia&parent=56251"}],"wp:term":[{"taxonomy":"category","embeddable":true,"href":"https:\/\/elpajaritonews.com\/index.php?rest_route=%2Fwp%2Fv2%2Fcategories&post=56251"},{"taxonomy":"post_tag","embeddable":true,"href":"https:\/\/elpajaritonews.com\/index.php?rest_route=%2Fwp%2Fv2%2Ftags&post=56251"}],"curies":[{"name":"wp","href":"https:\/\/api.w.org\/{rel}","templated":true}]}}