{"id":56313,"date":"2024-03-05T22:25:41","date_gmt":"2024-03-05T22:25:41","guid":{"rendered":"https:\/\/elpajaritonews.com\/?p=56313"},"modified":"2024-03-05T22:25:54","modified_gmt":"2024-03-05T22:25:54","slug":"modifica-congreso-de-sonora-ley-de-ingresos-del-municipio-de-san-miguel-de-horcasitas","status":"publish","type":"post","link":"https:\/\/elpajaritonews.com\/?p=56313","title":{"rendered":"MODIFICA CONGRESO DE SONORA LEY DE INGRESOS DEL MUNICIPIO DE SAN MIGUEL DE HORCASITAS"},"content":{"rendered":"\n<figure class=\"wp-block-image size-full\"><img loading=\"lazy\" decoding=\"async\" width=\"802\" height=\"99\" src=\"https:\/\/elpajaritonews.com\/wp-content\/uploads\/2024\/03\/BANER-marzo-1.jpg\" alt=\"\" class=\"wp-image-56314\" srcset=\"https:\/\/elpajaritonews.com\/wp-content\/uploads\/2024\/03\/BANER-marzo-1.jpg 802w, https:\/\/elpajaritonews.com\/wp-content\/uploads\/2024\/03\/BANER-marzo-1-300x37.jpg 300w, https:\/\/elpajaritonews.com\/wp-content\/uploads\/2024\/03\/BANER-marzo-1-768x95.jpg 768w, https:\/\/elpajaritonews.com\/wp-content\/uploads\/2024\/03\/BANER-marzo-1-640x79.jpg 640w, https:\/\/elpajaritonews.com\/wp-content\/uploads\/2024\/03\/BANER-marzo-1-681x84.jpg 681w\" sizes=\"auto, (max-width: 802px) 100vw, 802px\" \/><\/figure>\n\n\n\n<p class=\"wp-block-paragraph\">Con base en los principios de congruencia, certeza jur\u00eddica y justicia social, el Congreso de Sonora aprob\u00f3 modificar dos errores contenidos en la Ley de Ingresos y Presupuesto de Ingresos del Ayuntamiento de San Miguel de Horcasitas, Sonora, para el ejercicio fiscal 2024.<\/p>\n\n\n\n<p class=\"wp-block-paragraph\">De acuerdo al escrito remitido ante el Poder Legislativo por el presidente municipal y el secretario de dicho municipio, la Comisi\u00f3n de Presupuestos y Asuntos Municipales dictamin\u00f3 que s\u00ed procede reformar la fracci\u00f3n primera del Art\u00edculo 5 de la Ley de Ingresos de dicha localidad, publicada en el Bolet\u00edn Oficial del Estado el 28 de diciembre de 2023.<\/p>\n\n\n\n<figure class=\"wp-block-image size-large\"><img loading=\"lazy\" decoding=\"async\" width=\"1024\" height=\"682\" src=\"https:\/\/elpajaritonews.com\/wp-content\/uploads\/2024\/03\/2e26416a-1f8c-4dd1-a1c8-8ca129c8a3e7-1024x682.jpg\" alt=\"\" class=\"wp-image-56316\" srcset=\"https:\/\/elpajaritonews.com\/wp-content\/uploads\/2024\/03\/2e26416a-1f8c-4dd1-a1c8-8ca129c8a3e7-1024x682.jpg 1024w, https:\/\/elpajaritonews.com\/wp-content\/uploads\/2024\/03\/2e26416a-1f8c-4dd1-a1c8-8ca129c8a3e7-300x200.jpg 300w, https:\/\/elpajaritonews.com\/wp-content\/uploads\/2024\/03\/2e26416a-1f8c-4dd1-a1c8-8ca129c8a3e7-768x512.jpg 768w, https:\/\/elpajaritonews.com\/wp-content\/uploads\/2024\/03\/2e26416a-1f8c-4dd1-a1c8-8ca129c8a3e7-1536x1023.jpg 1536w, https:\/\/elpajaritonews.com\/wp-content\/uploads\/2024\/03\/2e26416a-1f8c-4dd1-a1c8-8ca129c8a3e7-630x420.jpg 630w, https:\/\/elpajaritonews.com\/wp-content\/uploads\/2024\/03\/2e26416a-1f8c-4dd1-a1c8-8ca129c8a3e7-640x426.jpg 640w, https:\/\/elpajaritonews.com\/wp-content\/uploads\/2024\/03\/2e26416a-1f8c-4dd1-a1c8-8ca129c8a3e7-681x454.jpg 681w, https:\/\/elpajaritonews.com\/wp-content\/uploads\/2024\/03\/2e26416a-1f8c-4dd1-a1c8-8ca129c8a3e7.jpg 1600w\" sizes=\"auto, (max-width: 1024px) 100vw, 1024px\" \/><\/figure>\n\n\n\n<p class=\"wp-block-paragraph\">Durante la sesi\u00f3n del pleno se expuso que la modificaci\u00f3n tuvo como prop\u00f3sito corregir montos producto de errores involuntarios al momento de la elaboraci\u00f3n de la propuesta de ingresos: la cuota fija que debe pagarse en los predios con valor catastral de 706 mil 982 pesos en adelante, que en la ley en vigor es de 59.70 pesos, as\u00ed como la tasa para aplicarse sobre el excedente del l\u00edmite inferior al millar en los predios mencionados, que viene en cero.<\/p>\n\n\n\n<p class=\"wp-block-paragraph\">Respecto a esta \u00faltima tasa se propuso una cuota fija de 992.25 en lugar de los 59.70 pesos y de 2.8894 en lugar de cero, ambas cantidades superiores a las que se encuentran en vigor, por lo que se advirti\u00f3 que, sin la modificaci\u00f3n propuesta, se hubiera beneficiado injustamente a quienes poseen inmuebles de mayor valor en el municipio.<\/p>\n\n\n\n<p class=\"wp-block-paragraph\">Aprueban en comisi\u00f3n proyecto de dictamen en materia de educaci\u00f3n ind\u00edgena e inclusiva<\/p>\n\n\n\n<p class=\"wp-block-paragraph\">El proyecto de dictamen que contiene el decreto mediante el cual se reforman las leyes de Educaci\u00f3n y para la Inclusi\u00f3n y Desarrollo de las Personas con Discapacidad o en Situaci\u00f3n de Discapacidad, aprobaron las y los diputados de la Comisi\u00f3n de Educaci\u00f3n y Cultura.<\/p>\n\n\n\n<p class=\"wp-block-paragraph\">En el seno de la comisi\u00f3n se someti\u00f3 a consideraci\u00f3n el proyecto de dictamen del resultado de los foros de consulta en materia de educaci\u00f3n ind\u00edgena e inclusiva, realizados con motivo de las sentencias emitidas en acciones de inconstitucionalidad promovidas por la Comisi\u00f3n Nacional de Derechos Humanos (CNDH).<\/p>\n\n\n\n<p class=\"wp-block-paragraph\">Los dos ordenamientos buscan garantizar un marco jur\u00eddico adecuado a las necesidades reales de los pueblos y comunidades ind\u00edgenas, y de las personas con discapacidad o en situaci\u00f3n de discapacidad en la entidad.<\/p>\n\n\n\n<p class=\"wp-block-paragraph\">Las modificaciones, producto de los foros de consulta, buscan dar cumplimiento a las diversas sentencias emitidas por la Suprema Corte de Justicia de la Naci\u00f3n (SCJN), dentro de las acciones de inconstitucionalidad 206\/2020 y 214\/2020.<\/p>\n\n\n\n<p class=\"wp-block-paragraph\">El dictamen aprobado ser\u00e1 enviado a la Comisi\u00f3n de R\u00e9gimen Interno y Concertaci\u00f3n Pol\u00edtica (Cricp) para ser incluido en el orden del d\u00eda de una pr\u00f3xima sesi\u00f3n.<\/p>\n","protected":false},"excerpt":{"rendered":"<p>Con base en los principios de congruencia, certeza jur\u00eddica y justicia social, el Congreso de Sonora aprob\u00f3 modificar dos errores contenidos en la Ley de Ingresos y Presupuesto de Ingresos del Ayuntamiento de San Miguel de Horcasitas, Sonora, para el ejercicio fiscal 2024. De acuerdo al escrito remitido ante el Poder Legislativo por el presidente&#8230;<\/p>\n","protected":false},"author":2,"featured_media":56315,"comment_status":"closed","ping_status":"closed","sticky":false,"template":"","format":"standard","meta":{"_crdt_document":"","_exactmetrics_skip_tracking":false,"_exactmetrics_sitenote_active":false,"_exactmetrics_sitenote_note":"","_exactmetrics_sitenote_category":0,"footnotes":""},"categories":[20,36,26,31,27],"tags":[29,30],"class_list":["post-56313","post","type-post","status-publish","format-standard","has-post-thumbnail","hentry","category-congreso","category-economia","category-local","category-politica","category-sonora","tag-nogales-la-gran-frontera","tag-sonora-tierra-de-oportunidades"],"_links":{"self":[{"href":"https:\/\/elpajaritonews.com\/index.php?rest_route=\/wp\/v2\/posts\/56313","targetHints":{"allow":["GET"]}}],"collection":[{"href":"https:\/\/elpajaritonews.com\/index.php?rest_route=\/wp\/v2\/posts"}],"about":[{"href":"https:\/\/elpajaritonews.com\/index.php?rest_route=\/wp\/v2\/types\/post"}],"author":[{"embeddable":true,"href":"https:\/\/elpajaritonews.com\/index.php?rest_route=\/wp\/v2\/users\/2"}],"replies":[{"embeddable":true,"href":"https:\/\/elpajaritonews.com\/index.php?rest_route=%2Fwp%2Fv2%2Fcomments&post=56313"}],"version-history":[{"count":2,"href":"https:\/\/elpajaritonews.com\/index.php?rest_route=\/wp\/v2\/posts\/56313\/revisions"}],"predecessor-version":[{"id":56319,"href":"https:\/\/elpajaritonews.com\/index.php?rest_route=\/wp\/v2\/posts\/56313\/revisions\/56319"}],"wp:featuredmedia":[{"embeddable":true,"href":"https:\/\/elpajaritonews.com\/index.php?rest_route=\/wp\/v2\/media\/56315"}],"wp:attachment":[{"href":"https:\/\/elpajaritonews.com\/index.php?rest_route=%2Fwp%2Fv2%2Fmedia&parent=56313"}],"wp:term":[{"taxonomy":"category","embeddable":true,"href":"https:\/\/elpajaritonews.com\/index.php?rest_route=%2Fwp%2Fv2%2Fcategories&post=56313"},{"taxonomy":"post_tag","embeddable":true,"href":"https:\/\/elpajaritonews.com\/index.php?rest_route=%2Fwp%2Fv2%2Ftags&post=56313"}],"curies":[{"name":"wp","href":"https:\/\/api.w.org\/{rel}","templated":true}]}}