{"id":56320,"date":"2024-03-05T22:45:40","date_gmt":"2024-03-05T22:45:40","guid":{"rendered":"https:\/\/elpajaritonews.com\/?p=56320"},"modified":"2024-03-05T22:45:41","modified_gmt":"2024-03-05T22:45:41","slug":"ejecutan-a-un-joven-por-robar-oro-de-una-mina-en-brasil-video","status":"publish","type":"post","link":"https:\/\/elpajaritonews.com\/?p=56320","title":{"rendered":"EJECUTAN A UN JOVEN POR ROBAR ORO DE UNA MINA EN BRASIL (VIDEO)"},"content":{"rendered":"\n<p class=\"wp-block-paragraph\">Filman el momento en que ejecutan a un joven por robar oro de una mina en Brasil. El hombre de 30 a\u00f1os, fue asesinado a disparos en la cabeza. \u00abJoaozinho\u00bb, ten\u00eda antecedentes criminales y trabajaba la miner\u00eda. Pero, habr\u00eda sido descubierto robando el oro a otros mineros. \ud83e\udd14\ud83d\ude2e<\/p>\n\n\n\n<figure class=\"wp-block-video\"><video height=\"480\" style=\"aspect-ratio: 320 \/ 480;\" width=\"320\" controls src=\"https:\/\/elpajaritonews.com\/wp-content\/uploads\/2024\/03\/ssstwitter.com_1709648658732.mp4\"><\/video><\/figure>\n\n\n\n<figure class=\"wp-block-embed is-type-rich is-provider-twitter wp-block-embed-twitter\"><div class=\"wp-block-embed__wrapper\">\n<blockquote class=\"twitter-tweet\" data-width=\"550\" data-dnt=\"true\"><p lang=\"es\" dir=\"ltr\">Filman el momento en que ejecutan a un joven por robar oro de una mina en Brasil. El hombre de 30 a\u00f1os, fue asesinado a disparos en la cabeza. &quot;Joaozinho&quot;, ten\u00eda antecedentes criminales y trabajaba la miner\u00eda. Pero, habr\u00eda sido descubierto robando el oro a otros mineros. \ud83e\udd14\ud83d\ude2e <a href=\"https:\/\/t.co\/v4Nt0Yh5Wl\">https:\/\/t.co\/v4Nt0Yh5Wl<\/a><\/p>&mdash; Cr\u00f3nicaPolicial (@CronicaPolicial) <a href=\"https:\/\/twitter.com\/CronicaPolicial\/status\/1765004319487566287?ref_src=twsrc%5Etfw\">March 5, 2024<\/a><\/blockquote><script async src=\"https:\/\/platform.twitter.com\/widgets.js\" charset=\"utf-8\"><\/script>\n<\/div><\/figure>\n","protected":false},"excerpt":{"rendered":"<p>Filman el momento en que ejecutan a un joven por robar oro de una mina en Brasil. El hombre de 30 a\u00f1os, fue asesinado a disparos en la cabeza. \u00abJoaozinho\u00bb, ten\u00eda antecedentes criminales y trabajaba la miner\u00eda. Pero, habr\u00eda sido descubierto robando el oro a otros mineros. \ud83e\udd14\ud83d\ude2e<\/p>\n","protected":false},"author":2,"featured_media":56322,"comment_status":"closed","ping_status":"closed","sticky":false,"template":"","format":"standard","meta":{"_crdt_document":"","_exactmetrics_skip_tracking":false,"_exactmetrics_sitenote_active":false,"_exactmetrics_sitenote_note":"","_exactmetrics_sitenote_category":0,"footnotes":""},"categories":[24,1],"tags":[],"class_list":["post-56320","post","type-post","status-publish","format-standard","has-post-thumbnail","hentry","category-mundo","category-seguridad"],"_links":{"self":[{"href":"https:\/\/elpajaritonews.com\/index.php?rest_route=\/wp\/v2\/posts\/56320","targetHints":{"allow":["GET"]}}],"collection":[{"href":"https:\/\/elpajaritonews.com\/index.php?rest_route=\/wp\/v2\/posts"}],"about":[{"href":"https:\/\/elpajaritonews.com\/index.php?rest_route=\/wp\/v2\/types\/post"}],"author":[{"embeddable":true,"href":"https:\/\/elpajaritonews.com\/index.php?rest_route=\/wp\/v2\/users\/2"}],"replies":[{"embeddable":true,"href":"https:\/\/elpajaritonews.com\/index.php?rest_route=%2Fwp%2Fv2%2Fcomments&post=56320"}],"version-history":[{"count":1,"href":"https:\/\/elpajaritonews.com\/index.php?rest_route=\/wp\/v2\/posts\/56320\/revisions"}],"predecessor-version":[{"id":56323,"href":"https:\/\/elpajaritonews.com\/index.php?rest_route=\/wp\/v2\/posts\/56320\/revisions\/56323"}],"wp:featuredmedia":[{"embeddable":true,"href":"https:\/\/elpajaritonews.com\/index.php?rest_route=\/wp\/v2\/media\/56322"}],"wp:attachment":[{"href":"https:\/\/elpajaritonews.com\/index.php?rest_route=%2Fwp%2Fv2%2Fmedia&parent=56320"}],"wp:term":[{"taxonomy":"category","embeddable":true,"href":"https:\/\/elpajaritonews.com\/index.php?rest_route=%2Fwp%2Fv2%2Fcategories&post=56320"},{"taxonomy":"post_tag","embeddable":true,"href":"https:\/\/elpajaritonews.com\/index.php?rest_route=%2Fwp%2Fv2%2Ftags&post=56320"}],"curies":[{"name":"wp","href":"https:\/\/api.w.org\/{rel}","templated":true}]}}