{"id":56324,"date":"2024-03-05T22:53:47","date_gmt":"2024-03-05T22:53:47","guid":{"rendered":"https:\/\/elpajaritonews.com\/?p=56324"},"modified":"2024-03-05T22:53:49","modified_gmt":"2024-03-05T22:53:49","slug":"tunden-a-carin-leon-por-apologia-del-delito-en-sonora","status":"publish","type":"post","link":"https:\/\/elpajaritonews.com\/?p=56324","title":{"rendered":"\u00abTUNDEN\u00bb A CAR\u00cdN LE\u00d3N POR APOLOG\u00cdA DEL DELITO EN SONORA"},"content":{"rendered":"\n<p class=\"wp-block-paragraph\">Alejandro Matty Matty Ortega\/Irreverente Noticias<\/p>\n\n\n\n<p class=\"wp-block-paragraph\">Ciudad de M\u00e9xico (IN).- El contundente \u00e9xito musical del cantante hermosillense Car\u00edn Le\u00f3n, se vio opacado por un \u00abtsunami\u00bb de cr\u00edticas tras sus desafortunados comentarios que hacen apolog\u00eda del delito en Sonora y M\u00e9xico.<\/p>\n\n\n\n<p class=\"wp-block-paragraph\">En su concierto el pasado s\u00e1bado en un lleno total en el estadio de beisbol \u00abFernando Valenzuela\u00bb y con m\u00e1s de 15 mil fan\u00e1ticos, el cantante lanz\u00f3 en su natal Hermosillo sin freno \u00abse me antoja echarme un perico, lo que es, como buen hermosillense\u00bb.<\/p>\n\n\n\n<p class=\"wp-block-paragraph\">La algarab\u00eda de los presentes no se hizo esperar y celebraron las palabras en un ambiente de efervescencia, fiesta musical y j\u00fabilo moment\u00e1neo.<\/p>\n\n\n\n<p class=\"wp-block-paragraph\">En pocas horas, sus frases encendieron las redes sociales y su video dio la vuelta a M\u00e9xico y sur de Estados Unidos.<\/p>\n\n\n\n<p class=\"wp-block-paragraph\">Ante una lamentable y dololorosa realidad generada por la crisis de inseguridad p\u00fablica, violencia, asesinatos, enfrentamientos armados y desapariciones forzadas de menores atribuidas al narcotr\u00e1fico, millones de mexicanos se lanzaron contra el famoso m\u00fasico internacional de Hermosillo, Sonora.<\/p>\n\n\n\n<p class=\"wp-block-paragraph\">Car\u00edn Le\u00f3n solt\u00f3 con libertad y sin tapujos \u201cnosotros no somos ejemplo, somos m\u00fasicos y vivimos de lo que hacemos, nos gusta la m\u00fasica\u00bb.<\/p>\n\n\n\n<p class=\"wp-block-paragraph\">Con botella de licor en mano lanz\u00f3 \u00abno nos comparen ni nos quieran hacer ejemplo, pero la neta con esta rola se me antoja echarme un perico, lo que es, como buen hermosillense, \u00bfpara qu\u00e9 les voy a decir que no, si s\u00ed?\u201d.<\/p>\n\n\n\n<p class=\"wp-block-paragraph\">Y sentenci\u00f3 \u00abal que no le guste es su problema, ni modo\u00bb.<\/p>\n\n\n\n<p class=\"wp-block-paragraph\">\u00ab\u00a1Arriba la m\u00fasica mexicana, arriba la loquera, arriba la borrachera!\u201d.<\/p>\n\n\n\n<p class=\"wp-block-paragraph\">Sus palabras ante m\u00e1s de 15 mil personas desataron una ola de mensajes en las redes sociales, unos expresaron su apoyo al artista, mientras que otros criticaron sus comentarios hasta pedir que se sancione al cantante por aparentemente hacer apolog\u00eda del delito.<\/p>\n\n\n\n<p class=\"wp-block-paragraph\">Entre los millones de comentarios en redes sociales como TikTok o X fueron \u201cY la gente todav\u00eda le aplaude\u201d.<\/p>\n\n\n\n<p class=\"wp-block-paragraph\">\u201cEl cree que es problema nuestro, que chistoso que no se ha dado cuenta qui\u00e9n est\u00e1 metido en un problema\u201d.<\/p>\n\n\n\n<p class=\"wp-block-paragraph\">\u201cQue mal, Car\u00edn Le\u00f3n, tienes fans ni\u00f1os\u201d, \u201cEntr\u00f3 en confianza\u201d, \u201cY \u00bfA poco apenas se hab\u00edan dado cuenta?\u201d.<\/p>\n\n\n\n<p class=\"wp-block-paragraph\">\u201cEstoy sorprendido de que alguien famoso y con dinero sea un adicto, jaja sarcasmo\u201d.<\/p>\n\n\n\n<p class=\"wp-block-paragraph\">\u201cTache, no fue bueno este comentario, es un gran artista y muchos j\u00f3venes lo escuchan\u201d.<\/p>\n\n\n\n<p class=\"wp-block-paragraph\">\u201cNo, pues qu\u00e9 ejemplo, Car\u00edn\u201d, \u201cYa \u00bfQu\u00e9 tanto le hacen? todos somos adictos a algo y el que puede, puede\u201d.<\/p>\n\n\n\n<p class=\"wp-block-paragraph\">\u201cTodos se asustan y tambi\u00e9n lo hacen, doble moral\u201d.<\/p>\n\n\n\n<p class=\"wp-block-paragraph\">\u201cIgual no es como que estuviera ofreciendo a todos ah\u00ed, es decisi\u00f3n de cada quien consumir o no\u201d, entre otros m\u00e1s.<\/p>\n\n\n\n<p class=\"wp-block-paragraph\">Hasta este martes, Car\u00edn Le\u00f3n no emit\u00eda comentario alguno ante la ola de cr\u00edticas contra sus desafortunadas expresiones hechas en aparente estado de ebriedad.<\/p>\n\n\n\n<figure class=\"wp-block-embed is-type-rich is-provider-twitter wp-block-embed-twitter\"><div class=\"wp-block-embed__wrapper\">\n<blockquote class=\"twitter-tweet\" data-width=\"550\" data-dnt=\"true\"><p lang=\"es\" dir=\"ltr\">\u201cLA NETA CON ESTA ROLA SE ME ANTOJA IR AL BA\u00d1O A ECHARME UN PERICO\u201d, ESTO DIJO CARIN LE\u00d3N EN SU CONCIERTO ANTE MILES DE PERSONAS EN <a href=\"https:\/\/twitter.com\/hashtag\/HERMOSILLO?src=hash&amp;ref_src=twsrc%5Etfw\">#HERMOSILLO<\/a>, <a href=\"https:\/\/twitter.com\/hashtag\/SONORA?src=hash&amp;ref_src=twsrc%5Etfw\">#SONORA<\/a>. <a href=\"https:\/\/t.co\/F0yXZF8JsO\">pic.twitter.com\/F0yXZF8JsO<\/a><\/p>&mdash; PajaritoNews (@elpajaritonews) <a href=\"https:\/\/twitter.com\/elpajaritonews\/status\/1764440097322094732?ref_src=twsrc%5Etfw\">March 3, 2024<\/a><\/blockquote><script async src=\"https:\/\/platform.twitter.com\/widgets.js\" charset=\"utf-8\"><\/script>\n<\/div><\/figure>\n","protected":false},"excerpt":{"rendered":"<p>Alejandro Matty Matty Ortega\/Irreverente Noticias Ciudad de M\u00e9xico (IN).- El contundente \u00e9xito musical del cantante hermosillense Car\u00edn Le\u00f3n, se vio opacado por un \u00abtsunami\u00bb de cr\u00edticas tras sus desafortunados comentarios que hacen apolog\u00eda del delito en Sonora y M\u00e9xico. En su concierto el pasado s\u00e1bado en un lleno total en el estadio de beisbol \u00abFernando&#8230;<\/p>\n","protected":false},"author":2,"featured_media":56325,"comment_status":"closed","ping_status":"closed","sticky":false,"template":"","format":"standard","meta":{"_crdt_document":"","_exactmetrics_skip_tracking":false,"_exactmetrics_sitenote_active":false,"_exactmetrics_sitenote_note":"","_exactmetrics_sitenote_category":0,"footnotes":""},"categories":[22,26,19,31,1,27],"tags":[28,29,30],"class_list":["post-56324","post","type-post","status-publish","format-standard","has-post-thumbnail","hentry","category-escena","category-local","category-opinion","category-politica","category-seguridad","category-sonora","tag-nogales","tag-nogales-la-gran-frontera","tag-sonora-tierra-de-oportunidades"],"_links":{"self":[{"href":"https:\/\/elpajaritonews.com\/index.php?rest_route=\/wp\/v2\/posts\/56324","targetHints":{"allow":["GET"]}}],"collection":[{"href":"https:\/\/elpajaritonews.com\/index.php?rest_route=\/wp\/v2\/posts"}],"about":[{"href":"https:\/\/elpajaritonews.com\/index.php?rest_route=\/wp\/v2\/types\/post"}],"author":[{"embeddable":true,"href":"https:\/\/elpajaritonews.com\/index.php?rest_route=\/wp\/v2\/users\/2"}],"replies":[{"embeddable":true,"href":"https:\/\/elpajaritonews.com\/index.php?rest_route=%2Fwp%2Fv2%2Fcomments&post=56324"}],"version-history":[{"count":1,"href":"https:\/\/elpajaritonews.com\/index.php?rest_route=\/wp\/v2\/posts\/56324\/revisions"}],"predecessor-version":[{"id":56326,"href":"https:\/\/elpajaritonews.com\/index.php?rest_route=\/wp\/v2\/posts\/56324\/revisions\/56326"}],"wp:featuredmedia":[{"embeddable":true,"href":"https:\/\/elpajaritonews.com\/index.php?rest_route=\/wp\/v2\/media\/56325"}],"wp:attachment":[{"href":"https:\/\/elpajaritonews.com\/index.php?rest_route=%2Fwp%2Fv2%2Fmedia&parent=56324"}],"wp:term":[{"taxonomy":"category","embeddable":true,"href":"https:\/\/elpajaritonews.com\/index.php?rest_route=%2Fwp%2Fv2%2Fcategories&post=56324"},{"taxonomy":"post_tag","embeddable":true,"href":"https:\/\/elpajaritonews.com\/index.php?rest_route=%2Fwp%2Fv2%2Ftags&post=56324"}],"curies":[{"name":"wp","href":"https:\/\/api.w.org\/{rel}","templated":true}]}}