{"id":56373,"date":"2024-03-06T22:53:19","date_gmt":"2024-03-06T22:53:19","guid":{"rendered":"https:\/\/elpajaritonews.com\/?p=56373"},"modified":"2024-03-06T23:00:33","modified_gmt":"2024-03-06T23:00:33","slug":"aprueban-exhorto-para-solicitar-la-proteccion-de-los-derechos-humanos-de-las-mujeres-privadas-de-la-libertad-y-sus-hijos","status":"publish","type":"post","link":"https:\/\/elpajaritonews.com\/?p=56373","title":{"rendered":"APRUEBAN EXHORTO PARA SOLICITAR LA PROTECCI\u00d3N DE LOS DERECHOS HUMANOS DE LAS MUJERES PRIVADAS DE LA LIBERTAD Y SUS HIJOS."},"content":{"rendered":"\n<p class=\"wp-block-paragraph\"> <\/p>\n\n\n\n<figure class=\"wp-block-image size-full\"><img loading=\"lazy\" decoding=\"async\" width=\"802\" height=\"99\" src=\"https:\/\/elpajaritonews.com\/wp-content\/uploads\/2024\/03\/BANER-marzo-3.jpg\" alt=\"\" class=\"wp-image-56376\" srcset=\"https:\/\/elpajaritonews.com\/wp-content\/uploads\/2024\/03\/BANER-marzo-3.jpg 802w, https:\/\/elpajaritonews.com\/wp-content\/uploads\/2024\/03\/BANER-marzo-3-300x37.jpg 300w, https:\/\/elpajaritonews.com\/wp-content\/uploads\/2024\/03\/BANER-marzo-3-768x95.jpg 768w, https:\/\/elpajaritonews.com\/wp-content\/uploads\/2024\/03\/BANER-marzo-3-640x79.jpg 640w, https:\/\/elpajaritonews.com\/wp-content\/uploads\/2024\/03\/BANER-marzo-3-681x84.jpg 681w\" sizes=\"auto, (max-width: 802px) 100vw, 802px\" \/><\/figure>\n\n\n\n<p class=\"wp-block-paragraph\">Para garantizar un desarrollo integral y una vida digna, as\u00ed como las condiciones materiales y afectivas que permitan a las mujeres privadas de la libertad y a sus hijos lograr un sano desarrollo f\u00edsico y mental, el Congreso del Estado enviar\u00e1 un exhorto a diversas autoridades en el estado, encargadas de la implementaci\u00f3n del Sistema Estatal Penitenciario de Sonora.<\/p>\n\n\n\n<p class=\"wp-block-paragraph\">La diputada Ernestina Castro Valenzuela, impulsora de la iniciativa explic\u00f3 que se busca que las autoridades competentes realicen acciones que permitan garantizar, en estricto apego a las normas constitucionales y legales aplicables, los derechos humanos de las mujeres reclusas y el inter\u00e9s superior de sus hijos menores, durante el tiempo que las acompa\u00f1en, a fin de lograr en ellos un sano desarrollo.<\/p>\n\n\n\n<p class=\"wp-block-paragraph\">Resalt\u00f3 que en el marco del D\u00eda Internacional de la Mujer, el presente acuerdo busca que las autoridades mejoren las condiciones en que viven las mujeres reclusas, debido a que existe la queja permanente sobre la carencia de personal del sexo femenino de encargo en la seguridad y custodia; las condiciones en las que se encuentran las celdas, ya que normalmente comparten hasta con cinco compa\u00f1eras; as\u00ed como la necesidad de contar con espacios dignos donde vivir, tanto por el respeto al derecho de ellas, como por el bienestar de sus hijas e hijos para una vida y trato humano durante su estancia.<\/p>\n\n\n\n<p class=\"wp-block-paragraph\">\u201cEs importante enfocarnos en la problem\u00e1tica que atraviesan las mujeres privadas de su libertad hoy en d\u00eda en nuestra entidad, as\u00ed como, en el sano desarrollo de sus hijos y dem\u00e1s familiares, que de igual manera est\u00e1n expuestos al sufrimiento que estas desaf\u00edan; por ello, es buena opci\u00f3n brindar los espacios seguros y adecuados dentro de los centros penitenciarios exclusivos de mujeres; en tal sentido, para este Congreso del Estado es fundamental demostrar y acompa\u00f1ar el inter\u00e9s y la preocupaci\u00f3n real que deviene en garantizar una debida calidad de vida digna que todos y todas merecemos\u201d, mencion\u00f3 la diputada.<\/p>\n\n\n\n<p class=\"wp-block-paragraph\">Agreg\u00f3 que las y los diputados del Poder Legislativo acompa\u00f1ar\u00e1n, desde el \u00e1mbito de su competencia, a las autoridades estatales encargadas de la implementaci\u00f3n del Sistema Estatal Penitenciario de Sonora, realizando todas las acciones legislativas correspondientes que permitan llevar a buen puerto lo establecido en el presente Acuerdo.<\/p>\n","protected":false},"excerpt":{"rendered":"<p>Para garantizar un desarrollo integral y una vida digna, as\u00ed como las condiciones materiales y afectivas que permitan a las mujeres privadas de la libertad y a sus hijos lograr un sano desarrollo f\u00edsico y mental, el Congreso del Estado enviar\u00e1 un exhorto a diversas autoridades en el estado, encargadas de la implementaci\u00f3n del Sistema&#8230;<\/p>\n","protected":false},"author":2,"featured_media":56374,"comment_status":"closed","ping_status":"closed","sticky":false,"template":"","format":"standard","meta":{"_crdt_document":"","_exactmetrics_skip_tracking":false,"_exactmetrics_sitenote_active":false,"_exactmetrics_sitenote_note":"","_exactmetrics_sitenote_category":0,"footnotes":""},"categories":[20,26,31,1,27],"tags":[28,29,30],"class_list":["post-56373","post","type-post","status-publish","format-standard","has-post-thumbnail","hentry","category-congreso","category-local","category-politica","category-seguridad","category-sonora","tag-nogales","tag-nogales-la-gran-frontera","tag-sonora-tierra-de-oportunidades"],"_links":{"self":[{"href":"https:\/\/elpajaritonews.com\/index.php?rest_route=\/wp\/v2\/posts\/56373","targetHints":{"allow":["GET"]}}],"collection":[{"href":"https:\/\/elpajaritonews.com\/index.php?rest_route=\/wp\/v2\/posts"}],"about":[{"href":"https:\/\/elpajaritonews.com\/index.php?rest_route=\/wp\/v2\/types\/post"}],"author":[{"embeddable":true,"href":"https:\/\/elpajaritonews.com\/index.php?rest_route=\/wp\/v2\/users\/2"}],"replies":[{"embeddable":true,"href":"https:\/\/elpajaritonews.com\/index.php?rest_route=%2Fwp%2Fv2%2Fcomments&post=56373"}],"version-history":[{"count":3,"href":"https:\/\/elpajaritonews.com\/index.php?rest_route=\/wp\/v2\/posts\/56373\/revisions"}],"predecessor-version":[{"id":56378,"href":"https:\/\/elpajaritonews.com\/index.php?rest_route=\/wp\/v2\/posts\/56373\/revisions\/56378"}],"wp:featuredmedia":[{"embeddable":true,"href":"https:\/\/elpajaritonews.com\/index.php?rest_route=\/wp\/v2\/media\/56374"}],"wp:attachment":[{"href":"https:\/\/elpajaritonews.com\/index.php?rest_route=%2Fwp%2Fv2%2Fmedia&parent=56373"}],"wp:term":[{"taxonomy":"category","embeddable":true,"href":"https:\/\/elpajaritonews.com\/index.php?rest_route=%2Fwp%2Fv2%2Fcategories&post=56373"},{"taxonomy":"post_tag","embeddable":true,"href":"https:\/\/elpajaritonews.com\/index.php?rest_route=%2Fwp%2Fv2%2Ftags&post=56373"}],"curies":[{"name":"wp","href":"https:\/\/api.w.org\/{rel}","templated":true}]}}