{"id":56387,"date":"2024-03-07T00:26:01","date_gmt":"2024-03-07T00:26:01","guid":{"rendered":"https:\/\/elpajaritonews.com\/?p=56387"},"modified":"2024-03-07T00:26:03","modified_gmt":"2024-03-07T00:26:03","slug":"gobernador-sostiene-encuentro-con-directivos-de-empresa-generadora-de-energias-limpias","status":"publish","type":"post","link":"https:\/\/elpajaritonews.com\/?p=56387","title":{"rendered":"GOBERNADOR SOSTIENE ENCUENTRO CON DIRECTIVOS DE EMPRESA GENERADORA DE ENERG\u00cdAS LIMPIAS"},"content":{"rendered":"\n<p class=\"wp-block-paragraph\">Con el prop\u00f3sito de dar seguimiento al trabajo realizado en materia de energ\u00edas limpias, el gobernador Alfonso Durazo Monta\u00f1o realiz\u00f3 un encuentro con l\u00edderes de Tojoy, empresa aceleradora de clase mundial que impulsa el desarrollo de proyectos tecnol\u00f3gicos y de emprendimiento.<\/p>\n\n\n\n<p class=\"wp-block-paragraph\">Durante la reuni\u00f3n, se firm\u00f3 un Acuerdo de Entendimiento para trabajar en expandir el mercado entre ambas regiones.<\/p>\n\n\n\n<figure class=\"wp-block-image size-large\"><img loading=\"lazy\" decoding=\"async\" width=\"1024\" height=\"768\" src=\"https:\/\/elpajaritonews.com\/wp-content\/uploads\/2024\/03\/b27a6833-4657-44af-b212-4f52ad51f17e-1024x768.jpg\" alt=\"\" class=\"wp-image-56389\" srcset=\"https:\/\/elpajaritonews.com\/wp-content\/uploads\/2024\/03\/b27a6833-4657-44af-b212-4f52ad51f17e-1024x768.jpg 1024w, https:\/\/elpajaritonews.com\/wp-content\/uploads\/2024\/03\/b27a6833-4657-44af-b212-4f52ad51f17e-300x225.jpg 300w, https:\/\/elpajaritonews.com\/wp-content\/uploads\/2024\/03\/b27a6833-4657-44af-b212-4f52ad51f17e-768x576.jpg 768w, https:\/\/elpajaritonews.com\/wp-content\/uploads\/2024\/03\/b27a6833-4657-44af-b212-4f52ad51f17e-560x420.jpg 560w, https:\/\/elpajaritonews.com\/wp-content\/uploads\/2024\/03\/b27a6833-4657-44af-b212-4f52ad51f17e-80x60.jpg 80w, https:\/\/elpajaritonews.com\/wp-content\/uploads\/2024\/03\/b27a6833-4657-44af-b212-4f52ad51f17e-100x75.jpg 100w, https:\/\/elpajaritonews.com\/wp-content\/uploads\/2024\/03\/b27a6833-4657-44af-b212-4f52ad51f17e-180x135.jpg 180w, https:\/\/elpajaritonews.com\/wp-content\/uploads\/2024\/03\/b27a6833-4657-44af-b212-4f52ad51f17e-238x178.jpg 238w, https:\/\/elpajaritonews.com\/wp-content\/uploads\/2024\/03\/b27a6833-4657-44af-b212-4f52ad51f17e-640x480.jpg 640w, https:\/\/elpajaritonews.com\/wp-content\/uploads\/2024\/03\/b27a6833-4657-44af-b212-4f52ad51f17e-681x511.jpg 681w, https:\/\/elpajaritonews.com\/wp-content\/uploads\/2024\/03\/b27a6833-4657-44af-b212-4f52ad51f17e.jpg 1280w\" sizes=\"auto, (max-width: 1024px) 100vw, 1024px\" \/><\/figure>\n\n\n\n<p class=\"wp-block-paragraph\">La compa\u00f1\u00eda Tojoy ha impulsado algunos de los proyectos tecnol\u00f3gicos m\u00e1s ic\u00f3nicos de Asia. Hay 4 millones de empresarios vinculados a la aceleradora; m\u00e1s de 4 billones mil 500 alianzas. As\u00ed mismo, ha promovido soluciones de salud, como la comercializaci\u00f3n de cubrebocas y medicinas naturales.&nbsp;&nbsp;<\/p>\n\n\n\n<p class=\"wp-block-paragraph\">En el pasado mes de septiembre, el Gobierno de Sonora hab\u00eda tenido un acercamiento con directivos de la empresa Tojoy, por lo que este encuentro fue seguimiento al trabajo coordinado entre ambas partes.<\/p>\n","protected":false},"excerpt":{"rendered":"<p>Con el prop\u00f3sito de dar seguimiento al trabajo realizado en materia de energ\u00edas limpias, el gobernador Alfonso Durazo Monta\u00f1o realiz\u00f3 un encuentro con l\u00edderes de Tojoy, empresa aceleradora de clase mundial que impulsa el desarrollo de proyectos tecnol\u00f3gicos y de emprendimiento. Durante la reuni\u00f3n, se firm\u00f3 un Acuerdo de Entendimiento para trabajar en expandir el&#8230;<\/p>\n","protected":false},"author":2,"featured_media":56388,"comment_status":"closed","ping_status":"closed","sticky":false,"template":"","format":"standard","meta":{"_crdt_document":"","_exactmetrics_skip_tracking":false,"_exactmetrics_sitenote_active":false,"_exactmetrics_sitenote_note":"","_exactmetrics_sitenote_category":0,"footnotes":""},"categories":[36,26,23,24,31,27],"tags":[28,29,30],"class_list":["post-56387","post","type-post","status-publish","format-standard","has-post-thumbnail","hentry","category-economia","category-local","category-mexico","category-mundo","category-politica","category-sonora","tag-nogales","tag-nogales-la-gran-frontera","tag-sonora-tierra-de-oportunidades"],"_links":{"self":[{"href":"https:\/\/elpajaritonews.com\/index.php?rest_route=\/wp\/v2\/posts\/56387","targetHints":{"allow":["GET"]}}],"collection":[{"href":"https:\/\/elpajaritonews.com\/index.php?rest_route=\/wp\/v2\/posts"}],"about":[{"href":"https:\/\/elpajaritonews.com\/index.php?rest_route=\/wp\/v2\/types\/post"}],"author":[{"embeddable":true,"href":"https:\/\/elpajaritonews.com\/index.php?rest_route=\/wp\/v2\/users\/2"}],"replies":[{"embeddable":true,"href":"https:\/\/elpajaritonews.com\/index.php?rest_route=%2Fwp%2Fv2%2Fcomments&post=56387"}],"version-history":[{"count":1,"href":"https:\/\/elpajaritonews.com\/index.php?rest_route=\/wp\/v2\/posts\/56387\/revisions"}],"predecessor-version":[{"id":56390,"href":"https:\/\/elpajaritonews.com\/index.php?rest_route=\/wp\/v2\/posts\/56387\/revisions\/56390"}],"wp:featuredmedia":[{"embeddable":true,"href":"https:\/\/elpajaritonews.com\/index.php?rest_route=\/wp\/v2\/media\/56388"}],"wp:attachment":[{"href":"https:\/\/elpajaritonews.com\/index.php?rest_route=%2Fwp%2Fv2%2Fmedia&parent=56387"}],"wp:term":[{"taxonomy":"category","embeddable":true,"href":"https:\/\/elpajaritonews.com\/index.php?rest_route=%2Fwp%2Fv2%2Fcategories&post=56387"},{"taxonomy":"post_tag","embeddable":true,"href":"https:\/\/elpajaritonews.com\/index.php?rest_route=%2Fwp%2Fv2%2Ftags&post=56387"}],"curies":[{"name":"wp","href":"https:\/\/api.w.org\/{rel}","templated":true}]}}