{"id":56394,"date":"2024-03-07T00:58:35","date_gmt":"2024-03-07T00:58:35","guid":{"rendered":"https:\/\/elpajaritonews.com\/?p=56394"},"modified":"2024-03-07T01:08:13","modified_gmt":"2024-03-07T01:08:13","slug":"la-seguridad-es-prioridad-para-los-ciudadanos-la-iniciativa-presentada-por-el-presidente-debe-ser-aprobada-lorenia-valles","status":"publish","type":"post","link":"https:\/\/elpajaritonews.com\/?p=56394","title":{"rendered":"LA SEGURIDAD ES PRIORIDAD PARA LOS CIUDADANOS, LA INICIATIVA PRESENTADA\u00a0\u00a0 POR EL PRESIDENTE DEBE SER APROBADA: LORENIA VALLES"},"content":{"rendered":"\n<p class=\"wp-block-paragraph\">La candidata habl\u00f3 sobre seguridad, incluida en las iniciativas de AMLO\u2026<\/p>\n\n\n\n<p class=\"wp-block-paragraph\">Para la candidata al senado de la Rep\u00fablica por Morena, Lorenia Valles Sampedro, hablar de seguridad es ponerle cara a un compromiso que entiende como prioridad para los sonorenses.<\/p>\n\n\n\n<p class=\"wp-block-paragraph\">En su experiencia, hablar de los temas torales del pa\u00eds, es de suma importancia, por ello ha enfocado parte de sus esfuerzos en explicar la iniciativa que present\u00f3 el Presidente Andres Manuel L\u00f3pez Obrador referente a este tema.<\/p>\n\n\n\n<p class=\"wp-block-paragraph\">\u201cEl objetivo de la iniciativa es muy claro, busca recuperar la paz y la seguridad a trav\u00e9s del fortalecimiento de las capacidades institucionales de la Guardia Nacional, para garantizar la seguridad ciudadana, el orden p\u00fablico y el Estado de derecho, adem\u00e1s de hacerla parte de la guardia nacional\u201d, explic\u00f3.<\/p>\n\n\n\n<p class=\"wp-block-paragraph\">Para todos es claro qu\u00e9 hay problem\u00e1ticas que se tienen que resolver, por ello se impulsar\u00e1 la iniciativa, debati\u00f3 la candidata con un grupo de directores de medios de comunicaci\u00f3n.<\/p>\n\n\n\n<p class=\"wp-block-paragraph\">\u201cLa inseguridad genera un impacto negativo en la calidad de vida de las y los mexicanos. Para proteger a la sociedad de la violencia criminal y del crimen organizado, se requieren acciones contundentes por parte del Estado, como las que contiene esta propuesta enviada por el presidente.<\/p>\n\n\n\n<p class=\"wp-block-paragraph\">La candidata fue clara en su postura, y puntualiz\u00f3 datos duros que evidenciaron la forma negativa en que manejaron la seguridad p\u00fablica el a\u00f1o 2020.<\/p>\n\n\n\n<p class=\"wp-block-paragraph\">\u201cDe acuerdo con la encuesta del INEGI sobre victimizaci\u00f3n y percepci\u00f3n sobre seguridad p\u00fablica, 56.7% de la poblaci\u00f3n percib\u00eda en 2020 a la Polic\u00eda<br>Federal como una instituci\u00f3n incompetente. evidenciando la necesidad de estructurales para recuperar la confianza y seguridad\u201d asegur\u00f3.<\/p>\n\n\n\n<p class=\"wp-block-paragraph\">Para muestra, basta mencionar el fallido paso del ex secretario de Seguridad P\u00fablica Nacional, Genaro Garc\u00eda Luna, quien actualmente est\u00e1 acusado de varios delitos relacionados con el narcotr\u00e1fico.<\/p>\n\n\n\n<p class=\"wp-block-paragraph\">\u201cFelipe Calder\u00f3n gener\u00f3 una estrategia fallida con su \u201cguerra contra el narcotr\u00e1fico\u201d, provocando un desmedido aumento de la violencia e inseguridad, adem\u00e1s de una grave violaci\u00f3n de derechos humanos a lo largo y ancho del pa\u00eds, lo que evidenci\u00f3 la necesidad de implementar un cambio estructural en la seguridad p\u00fablica.<\/p>\n\n\n\n<p class=\"wp-block-paragraph\">De acuerdo con el INEGI, la percepci\u00f3n de inseguridad en la ciudadan\u00eda en el periodo de Felipe Calder\u00f3n aument\u00f3 120%. Por su parte, las cifras del Secretariado Ejecutivo del Sistema Nacional de Seguridad P\u00fablica muestran que los homicidios aumentaron 192.8%.<\/p>\n\n\n\n<p class=\"wp-block-paragraph\">\u201cTambi\u00e9n Pe\u00f1a Nieto abon\u00f3 al descuido de la seguridad p\u00fablica, en su administraci\u00f3n agudiz\u00f3 a\u00fan m\u00e1s la crisis, ya que, en los 6 a\u00f1os de su administraci\u00f3n, los grupos delictivos se diversificaron, se potenci\u00f3 la violencia y los homicidios aumentaron 59%.<\/p>\n\n\n\n<p class=\"wp-block-paragraph\">Ante estos n\u00fameros, es claro que la iniciativa del presidente debe ser analizada y aprobada, la seguridad de los mexicanos est\u00e1 de por medio en lo que ser\u00e1 un ejercicio pol\u00edtico y legislativo de alto nivel.<\/p>\n\n\n\n<figure class=\"wp-block-embed is-type-rich is-provider-twitter wp-block-embed-twitter\"><div class=\"wp-block-embed__wrapper\">\n<blockquote class=\"twitter-tweet\" data-width=\"550\" data-dnt=\"true\"><p lang=\"es\" dir=\"ltr\">LA SEGURIDAD ES PRIORIDAD PARA LOS CIUDADANOS, LA INICIATIVA PRESENTADA\u00a0\u00a0 POR EL PRESIDENTE DEBE SER APROBADA: LORENIA VALLES <a href=\"https:\/\/t.co\/soxeuAb536\">https:\/\/t.co\/soxeuAb536<\/a> a trav\u00e9s de <a href=\"https:\/\/twitter.com\/elpajaritonews?ref_src=twsrc%5Etfw\">@elpajaritonews<\/a> <a href=\"https:\/\/twitter.com\/LoreniaValles?ref_src=twsrc%5Etfw\">@LoreniaValles<\/a> <a href=\"https:\/\/twitter.com\/MorenaSonora?ref_src=twsrc%5Etfw\">@MorenaSonora<\/a> <a href=\"https:\/\/twitter.com\/PartidoMorenaMx?ref_src=twsrc%5Etfw\">@PartidoMorenaMx<\/a>  <a href=\"https:\/\/twitter.com\/juntosheriberto?ref_src=twsrc%5Etfw\">@juntosheriberto<\/a> <a href=\"https:\/\/twitter.com\/viniciosanchez?ref_src=twsrc%5Etfw\">@viniciosanchez<\/a> <a href=\"https:\/\/twitter.com\/irreverentnws?ref_src=twsrc%5Etfw\">@irreverentnws<\/a> <a href=\"https:\/\/t.co\/YDciWwL60s\">pic.twitter.com\/YDciWwL60s<\/a><\/p>&mdash; Vinicio Sanchez (@viniciosanchez) <a href=\"https:\/\/twitter.com\/viniciosanchez\/status\/1765543491944198578?ref_src=twsrc%5Etfw\">March 7, 2024<\/a><\/blockquote><script async src=\"https:\/\/platform.twitter.com\/widgets.js\" charset=\"utf-8\"><\/script>\n<\/div><\/figure>\n\n\n\n<figure class=\"wp-block-video\"><video controls src=\"blob:https:\/\/elpajaritonews.com\/a3a2419e-5723-4d4c-ac2f-a4db80e10400\"><\/video><\/figure>\n\n\n\n<p class=\"wp-block-paragraph\"><\/p>\n","protected":false},"excerpt":{"rendered":"<p>La candidata habl\u00f3 sobre seguridad, incluida en las iniciativas de AMLO\u2026 Para la candidata al senado de la Rep\u00fablica por Morena, Lorenia Valles Sampedro, hablar de seguridad es ponerle cara a un compromiso que entiende como prioridad para los sonorenses. En su experiencia, hablar de los temas torales del pa\u00eds, es de suma importancia, por&#8230;<\/p>\n","protected":false},"author":2,"featured_media":56395,"comment_status":"closed","ping_status":"closed","sticky":false,"template":"","format":"standard","meta":{"_crdt_document":"","_exactmetrics_skip_tracking":false,"_exactmetrics_sitenote_active":false,"_exactmetrics_sitenote_note":"","_exactmetrics_sitenote_category":0,"footnotes":""},"categories":[35,26,23,31,1,27],"tags":[28,29,30],"class_list":["post-56394","post","type-post","status-publish","format-standard","has-post-thumbnail","hentry","category-elecciones-2024","category-local","category-mexico","category-politica","category-seguridad","category-sonora","tag-nogales","tag-nogales-la-gran-frontera","tag-sonora-tierra-de-oportunidades"],"_links":{"self":[{"href":"https:\/\/elpajaritonews.com\/index.php?rest_route=\/wp\/v2\/posts\/56394","targetHints":{"allow":["GET"]}}],"collection":[{"href":"https:\/\/elpajaritonews.com\/index.php?rest_route=\/wp\/v2\/posts"}],"about":[{"href":"https:\/\/elpajaritonews.com\/index.php?rest_route=\/wp\/v2\/types\/post"}],"author":[{"embeddable":true,"href":"https:\/\/elpajaritonews.com\/index.php?rest_route=\/wp\/v2\/users\/2"}],"replies":[{"embeddable":true,"href":"https:\/\/elpajaritonews.com\/index.php?rest_route=%2Fwp%2Fv2%2Fcomments&post=56394"}],"version-history":[{"count":4,"href":"https:\/\/elpajaritonews.com\/index.php?rest_route=\/wp\/v2\/posts\/56394\/revisions"}],"predecessor-version":[{"id":56401,"href":"https:\/\/elpajaritonews.com\/index.php?rest_route=\/wp\/v2\/posts\/56394\/revisions\/56401"}],"wp:featuredmedia":[{"embeddable":true,"href":"https:\/\/elpajaritonews.com\/index.php?rest_route=\/wp\/v2\/media\/56395"}],"wp:attachment":[{"href":"https:\/\/elpajaritonews.com\/index.php?rest_route=%2Fwp%2Fv2%2Fmedia&parent=56394"}],"wp:term":[{"taxonomy":"category","embeddable":true,"href":"https:\/\/elpajaritonews.com\/index.php?rest_route=%2Fwp%2Fv2%2Fcategories&post=56394"},{"taxonomy":"post_tag","embeddable":true,"href":"https:\/\/elpajaritonews.com\/index.php?rest_route=%2Fwp%2Fv2%2Ftags&post=56394"}],"curies":[{"name":"wp","href":"https:\/\/api.w.org\/{rel}","templated":true}]}}