{"id":56402,"date":"2024-03-07T02:19:36","date_gmt":"2024-03-07T02:19:36","guid":{"rendered":"https:\/\/elpajaritonews.com\/?p=56402"},"modified":"2024-03-07T02:19:38","modified_gmt":"2024-03-07T02:19:38","slug":"hermosillense-gano-amparo-para-fumar-mariguana","status":"publish","type":"post","link":"https:\/\/elpajaritonews.com\/?p=56402","title":{"rendered":"HERMOSILLENSE GAN\u00d3 AMPARO PARA FUMAR MARIGUANA."},"content":{"rendered":"\n<p class=\"wp-block-paragraph\">Miguel Angel Haro Moreno es un ciudadano que radica en la ciudad de Hermosillo. obtuvo, a trav\u00e9s de la Comisi\u00f3n Federal Contra Riesgos Sanitarios en Sonora( Cofepris), permiso para usar mariguana con fines L\u00fadicos y Recreativos , as\u00ed como la adquisici\u00f3n de la semillas Cannabis. El ser\u00eda el primero en hacerlo visible puesto que hay m\u00e1s sonorenses que han obtenido un permiso legal.<\/p>\n\n\n\n<p class=\"wp-block-paragraph\">\u201cHe estado en est\u00e1 lucha desde hace 20 a\u00f1os, dijo, fu\u00ed la primer persona que solicit\u00f3 el permiso ante Cofepris en Sonora\u201d.<\/p>\n\n\n\n<p class=\"wp-block-paragraph\">En entrevista, sostuvo que su postura es a favor de la legalizaci\u00f3n de las drogas y de la mariguana como una manera de conservar la paz en el pa\u00eds y as\u00ed evitar atropellos contra quienes la consumen.<\/p>\n\n\n\n<figure class=\"wp-block-image size-large\"><img loading=\"lazy\" decoding=\"async\" width=\"766\" height=\"1024\" src=\"https:\/\/elpajaritonews.com\/wp-content\/uploads\/2024\/03\/amparo-mariguana1-766x1024.jpg\" alt=\"\" class=\"wp-image-56404\" srcset=\"https:\/\/elpajaritonews.com\/wp-content\/uploads\/2024\/03\/amparo-mariguana1-766x1024.jpg 766w, https:\/\/elpajaritonews.com\/wp-content\/uploads\/2024\/03\/amparo-mariguana1-224x300.jpg 224w, https:\/\/elpajaritonews.com\/wp-content\/uploads\/2024\/03\/amparo-mariguana1-768x1027.jpg 768w, https:\/\/elpajaritonews.com\/wp-content\/uploads\/2024\/03\/amparo-mariguana1-314x420.jpg 314w, https:\/\/elpajaritonews.com\/wp-content\/uploads\/2024\/03\/amparo-mariguana1-640x856.jpg 640w, https:\/\/elpajaritonews.com\/wp-content\/uploads\/2024\/03\/amparo-mariguana1-681x911.jpg 681w, https:\/\/elpajaritonews.com\/wp-content\/uploads\/2024\/03\/amparo-mariguana1.jpg 957w\" sizes=\"auto, (max-width: 766px) 100vw, 766px\" \/><\/figure>\n\n\n\n<p class=\"wp-block-paragraph\">Fue en el 2012 cuando inici\u00f3 su lucha por obtener el permiso ante la Cofepris en el estado, instancia que en un principio rechaz\u00f3 el permiso.<\/p>\n\n\n\n<p class=\"wp-block-paragraph\">Miguel Angel sostiene que su uso ser\u00e1 bajo las mismas reglas que la Ley Antitabaco de no afectar a terceras personas o fumarla en presencia de ni\u00f1os o en lugares p\u00fablicos.<\/p>\n\n\n\n<p class=\"wp-block-paragraph\">La sentencia fue dictada el pasado 18 de octubre del 2022 en el juicio de amparo con n\u00famero 12-2022 radicada en el juzgado D\u00e9cimo Cuarto de Distrito en el Estado de Sonora.<\/p>\n\n\n\n<figure class=\"wp-block-image size-large\"><img loading=\"lazy\" decoding=\"async\" width=\"766\" height=\"1024\" src=\"https:\/\/elpajaritonews.com\/wp-content\/uploads\/2024\/03\/amparo-mariguana2-766x1024.jpg\" alt=\"\" class=\"wp-image-56405\" srcset=\"https:\/\/elpajaritonews.com\/wp-content\/uploads\/2024\/03\/amparo-mariguana2-766x1024.jpg 766w, https:\/\/elpajaritonews.com\/wp-content\/uploads\/2024\/03\/amparo-mariguana2-224x300.jpg 224w, https:\/\/elpajaritonews.com\/wp-content\/uploads\/2024\/03\/amparo-mariguana2-768x1027.jpg 768w, https:\/\/elpajaritonews.com\/wp-content\/uploads\/2024\/03\/amparo-mariguana2-314x420.jpg 314w, https:\/\/elpajaritonews.com\/wp-content\/uploads\/2024\/03\/amparo-mariguana2-640x856.jpg 640w, https:\/\/elpajaritonews.com\/wp-content\/uploads\/2024\/03\/amparo-mariguana2-681x911.jpg 681w, https:\/\/elpajaritonews.com\/wp-content\/uploads\/2024\/03\/amparo-mariguana2.jpg 957w\" sizes=\"auto, (max-width: 766px) 100vw, 766px\" \/><\/figure>\n\n\n\n<p class=\"wp-block-paragraph\">Haro Mendoza defiende el uso recreativo de la mariguana porque desde su punto de vista, prohibir genera guerra en el pa\u00eds y enfrenta al pueblo con autoridades, adem\u00e1s de provocar el fen\u00f3menos de desapariciones.<\/p>\n\n\n\n<p class=\"wp-block-paragraph\">\u201cEstoy convencido que el mejor camino en este pa\u00eds es llevar a las drogas a una cuesti\u00f3n de salud y no al c\u00f3digo penal, incluso, creo que se debe legalizar la coca\u00edna y otras drogas que deben ser controladas por el estado, es decir, establecer lugares donde la gente se pueda drogar, sin ning\u00fan problema como ya existe en otro pa\u00edses, Colombia, ya quiere legalizar la coca\u00edna\u201d, dijo.<\/p>\n\n\n\n<p class=\"wp-block-paragraph\">Con su aprobaci\u00f3n tambi\u00e9n consider\u00f3 que se evitar\u00edan extorsiones por parte de las policias, particularmente hacia la juventud, \u201cSe evitar\u00edan actitudes de discriminaci\u00f3n hacia la persona que la consume, como lo hacen en Estados Unidos que la usan como pretexto para discriminar a personas de color y a los mexicanos\u201d.<\/p>\n\n\n\n<p class=\"wp-block-paragraph\">Aunque solicit\u00f3 permiso para su uso, dijo que est\u00e1 consciente de que la mariguana es da\u00f1ina para salud y tampoco la recomienda y sugiere a los padres de familia que hablen con ellos sobre el tema, \u201c por supuesto que hay que echarle moral, cuidado, \u00e9tica, pero no hay que cegarse al hecho de que la gente consume drogas como el az\u00facar, el amor, alcohol; todos andamos metidos en algo\u201d, dijo.<\/p>\n\n\n\n<figure class=\"wp-block-image size-large\"><img loading=\"lazy\" decoding=\"async\" width=\"766\" height=\"1024\" src=\"https:\/\/elpajaritonews.com\/wp-content\/uploads\/2024\/03\/amparo-mariguana-766x1024.jpg\" alt=\"\" class=\"wp-image-56406\" srcset=\"https:\/\/elpajaritonews.com\/wp-content\/uploads\/2024\/03\/amparo-mariguana-766x1024.jpg 766w, https:\/\/elpajaritonews.com\/wp-content\/uploads\/2024\/03\/amparo-mariguana-224x300.jpg 224w, https:\/\/elpajaritonews.com\/wp-content\/uploads\/2024\/03\/amparo-mariguana-768x1027.jpg 768w, https:\/\/elpajaritonews.com\/wp-content\/uploads\/2024\/03\/amparo-mariguana-314x420.jpg 314w, https:\/\/elpajaritonews.com\/wp-content\/uploads\/2024\/03\/amparo-mariguana-640x856.jpg 640w, https:\/\/elpajaritonews.com\/wp-content\/uploads\/2024\/03\/amparo-mariguana-681x911.jpg 681w, https:\/\/elpajaritonews.com\/wp-content\/uploads\/2024\/03\/amparo-mariguana.jpg 957w\" sizes=\"auto, (max-width: 766px) 100vw, 766px\" \/><\/figure>\n\n\n\n<p class=\"wp-block-paragraph\">De los casos que \u00e9l conoce porque algunos son sus amigos, en Sonora, aproximadamente son cinco personas m\u00e1s las que est\u00e1n buscando un permiso ante Cofepris bajo el recurso del libre desarrollo de la personalidad para que se les permita usarla con fines recreativos.<\/p>\n\n\n\n<p class=\"wp-block-paragraph\">En un contexto donde se discute en Sonora lo dicho por Carin Le\u00f3n, consider\u00f3 que su expresi\u00f3n de rebelde sin causa, busca abrir un debate sobre el consumo y la legalizaci\u00f3n de de cualquier tipo de drogas. \u201cPorque todo mundo lo ve y callan, consider\u00f3 que ya es tiempo que se abra a debate; al gobierno le cuesta m\u00e1s combatirla que legalizarla\u201d.<\/p>\n\n\n\n<p class=\"wp-block-paragraph\">Qu\u00e9 dicen los representantes de Centros de Atenci\u00f3n a las personas que usan drogas.<\/p>\n\n\n\n<p class=\"wp-block-paragraph\">Alfonso Rodr\u00edguez Cant\u00fa, director de Rehabilitaci\u00f3n y Prevenci\u00f3n Narconon en Navojoa, refiere que las estad\u00edsticas que ellos manejan marcan que el uso de la marihuana es la droga de inicio hacia otras m\u00e1s potentes.<\/p>\n\n\n\n<p class=\"wp-block-paragraph\">Mencion\u00f3 que la mariguana es altamente adictiva porque contiene 400 sustancias que se pegan a los tejidos adiposos del cuerpo, incluso una vez que se ha probado, la persona tiene la necesidad de volver a probarla en un periodo de una hora.<\/p>\n\n\n\n<p class=\"wp-block-paragraph\">En Narconon, atienden a un promedio de 70 y 120 personas al a\u00f1o, de esa cifra el 98 por ciento han fumado mariguana.<\/p>\n\n\n\n<p class=\"wp-block-paragraph\">Entre los efectos m\u00e1s comunes refiere que fumar mariguana destruye la percepci\u00f3n de la persona, pierde en corto tiempo su capacidad de juicio, hay bajas en su desempe\u00f1o laboral y escolar, a etapas tempranas hay afectaciones a nivel cerebral y en su desarrollo cognitivo.<\/p>\n\n\n\n<p class=\"wp-block-paragraph\">La desintoxicaci\u00f3n<\/p>\n\n\n\n<p class=\"wp-block-paragraph\">El programa de rehabilitaci\u00f3n en Narconon comprende la desintoxicaci\u00f3n de manera natural. La primera etapa es la abstinencia, el consumo de vitaminas, ejercicio y el ba\u00f1o sauna en un periodo de 30 d\u00edas e incluye el trabajo mental y emocional.<\/p>\n\n\n\n<p class=\"wp-block-paragraph\">Tienen un promedio de reincidencia de un 76 por ciento y dan continuidad a su trabajo de recuperaci\u00f3n para reforzamiento de ciertas acciones en su vida.<\/p>\n\n\n\n<p class=\"wp-block-paragraph\">Resalt\u00f3 que un patr\u00f3n observado es que en familia aprenden a ver su consumo de manera natural porque esa pr\u00e1ctica los ni\u00f1os y adolescentes lo observan en sus padres, ya sea el pap\u00e1 o la madre.<\/p>\n\n\n\n<p class=\"wp-block-paragraph\">Generalmente son ni\u00f1os que fluct\u00faan en edades entre los ocho y los 10 a\u00f1os que habitan en las periferias, aunque en los \u00faltimos a\u00f1os en las comunidades, coment\u00f3 Rodr\u00edguez Cant\u00fa.<\/p>\n\n\n\n<p class=\"wp-block-paragraph\">Para el director de Rehabilitaci\u00f3n y Prevenci\u00f3n de Narconon, la educaci\u00f3n es un factor principal para que los ni\u00f1os reciban informaci\u00f3n de los efectos nocivos que causan en su cuerpo, y principalmente que pueden perder la familia, la salud de su cuerpo , tener accidentes o simplemente perder la libertad.<\/p>\n\n\n\n<p class=\"wp-block-paragraph\">En M\u00e9xico, la Primera Sala de la Suprema Corte de Justicia de la Naci\u00f3n (SCJN), en su p\u00e1gina oficial informa que ha resuelto cinco amparos relativos al consumo de la Mariguana con fines L\u00fadicos y Recreativos que permiti\u00f3 integrar jurisprudencia.<\/p>\n\n\n\n<p class=\"wp-block-paragraph\">Adem\u00e1s especifica que, la negativa de Cofepris de dar permiso a las personas mayores de edad para el autoconsumo de cannabis viola el derecho al libre desarrollo de la personalidad.<\/p>\n\n\n\n<p class=\"wp-block-paragraph\">Esto fue lo que s\u00ed resolvi\u00f3: : autoriz\u00f3 el consumo personal y l\u00fadico para quien tr\u00e1mite un amparo, adem\u00e1s la Cofepris deber\u00e1 de determinar lineamientos y modalidades para otorgar permisos.<\/p>\n\n\n\n<p class=\"wp-block-paragraph\">Lo que no autoriz\u00f3: su comercializaci\u00f3n, suministro, enajenaci\u00f3n o distribuci\u00f3n de Cannabis o el consumo de estupefacientes y psicotr\u00f3picos, tampoco se pronunci\u00f3 sobre la despenalizaci\u00f3n de la mariguana, sin embargo, declar\u00f3 inconstitucionales los art\u00edculos 235 de su \u00faltimo p\u00e1rrafo, el 245 fracci\u00f3n 1 y el 247 del \u00faltimo p\u00e1rrafo de la Ley General de Salud.<\/p>\n\n\n\n<p class=\"wp-block-paragraph\">Seg\u00fan la Secretar\u00eda de Cultura en un art\u00edculo publicado el 06 de mayo en la p\u00e1gina oficial del gobierno federal, en 1940, en su \u00faltimo a\u00f1os de mandato, el Presidente L\u00e1zaro C\u00e1rdenas promulg\u00f3 un Reglamento Federal de Toxicoman\u00edas en que se eliminaron diversos decretos punitivos que consideraban el consumo, posesi\u00f3n y venta de drogas como un delito.<\/p>\n\n\n\n<p class=\"wp-block-paragraph\">El paradigma del reglamento dej\u00f3 de considerar a las personas con problemas de abuso de drogas como criminales y las pas\u00f3 a la categor\u00eda de enfermos, bajo esa normativa hizo que el estado monopolizar\u00e1 la venta de f\u00e1rmacos considerados drogas, por el cual el tr\u00e1fico il\u00edcito continu\u00f3 siendo perseguido por la ley.<\/p>\n","protected":false},"excerpt":{"rendered":"<p>Miguel Angel Haro Moreno es un ciudadano que radica en la ciudad de Hermosillo. obtuvo, a trav\u00e9s de la Comisi\u00f3n Federal Contra Riesgos Sanitarios en Sonora( Cofepris), permiso para usar mariguana con fines L\u00fadicos y Recreativos , as\u00ed como la adquisici\u00f3n de la semillas Cannabis. El ser\u00eda el primero en hacerlo visible puesto que hay&#8230;<\/p>\n","protected":false},"author":2,"featured_media":56403,"comment_status":"closed","ping_status":"closed","sticky":false,"template":"","format":"standard","meta":{"_crdt_document":"","_exactmetrics_skip_tracking":false,"_exactmetrics_sitenote_active":false,"_exactmetrics_sitenote_note":"","_exactmetrics_sitenote_category":0,"footnotes":""},"categories":[26,23,19,31,32,1,27],"tags":[28,29,30],"class_list":["post-56402","post","type-post","status-publish","format-standard","has-post-thumbnail","hentry","category-local","category-mexico","category-opinion","category-politica","category-salud","category-seguridad","category-sonora","tag-nogales","tag-nogales-la-gran-frontera","tag-sonora-tierra-de-oportunidades"],"_links":{"self":[{"href":"https:\/\/elpajaritonews.com\/index.php?rest_route=\/wp\/v2\/posts\/56402","targetHints":{"allow":["GET"]}}],"collection":[{"href":"https:\/\/elpajaritonews.com\/index.php?rest_route=\/wp\/v2\/posts"}],"about":[{"href":"https:\/\/elpajaritonews.com\/index.php?rest_route=\/wp\/v2\/types\/post"}],"author":[{"embeddable":true,"href":"https:\/\/elpajaritonews.com\/index.php?rest_route=\/wp\/v2\/users\/2"}],"replies":[{"embeddable":true,"href":"https:\/\/elpajaritonews.com\/index.php?rest_route=%2Fwp%2Fv2%2Fcomments&post=56402"}],"version-history":[{"count":1,"href":"https:\/\/elpajaritonews.com\/index.php?rest_route=\/wp\/v2\/posts\/56402\/revisions"}],"predecessor-version":[{"id":56407,"href":"https:\/\/elpajaritonews.com\/index.php?rest_route=\/wp\/v2\/posts\/56402\/revisions\/56407"}],"wp:featuredmedia":[{"embeddable":true,"href":"https:\/\/elpajaritonews.com\/index.php?rest_route=\/wp\/v2\/media\/56403"}],"wp:attachment":[{"href":"https:\/\/elpajaritonews.com\/index.php?rest_route=%2Fwp%2Fv2%2Fmedia&parent=56402"}],"wp:term":[{"taxonomy":"category","embeddable":true,"href":"https:\/\/elpajaritonews.com\/index.php?rest_route=%2Fwp%2Fv2%2Fcategories&post=56402"},{"taxonomy":"post_tag","embeddable":true,"href":"https:\/\/elpajaritonews.com\/index.php?rest_route=%2Fwp%2Fv2%2Ftags&post=56402"}],"curies":[{"name":"wp","href":"https:\/\/api.w.org\/{rel}","templated":true}]}}